{"id":56125,"date":"2025-04-27T05:50:08","date_gmt":"2025-04-27T05:50:08","guid":{"rendered":"https:\/\/www.europesays.com\/fr\/56125\/"},"modified":"2025-04-27T05:50:08","modified_gmt":"2025-04-27T05:50:08","slug":"aux-etats-unis-les-correspondants-a-la-maison-blanche-tiennent-leur-gala-annuel-sans-trump","status":"publish","type":"post","link":"https:\/\/www.europesays.com\/fr\/56125\/","title":{"rendered":"Aux \u00c9tats-Unis, les correspondants \u00e0 la Maison Blanche tiennent leur gala annuel sans Trump"},"content":{"rendered":"<p>L\u2019usage veut que le pr\u00e9sident participe \u00e0 la soir\u00e9e, mais Donald Trump, qui avait d\u00e9j\u00e0 boud\u00e9 le gala tout au long de son premier mandat, n\u2019est comme pr\u00e9vu pas venu.<\/p>\n<p class=\"fig-paragraph\">C&rsquo;est sans vraiment avoir le coeur \u00e0 la f\u00eate que l&rsquo;Association des correspondants \u00e0 la Maison Blanche a tenu samedi son gala annuel, boud\u00e9 par\u00a0<a href=\"http:\/\/www.lefigaro.fr\/international\/dossier\/donald-trump-investi-47e-president-des-etats-unis-notre-dossier-pour-tout-comprendre\" data-fig-type=\"Topic\" data-gtm-custom-categorie=\"navigation\" data-gtm-custom-action=\"crossclick\" data-gtm-custom-label=\"Contextuel\" data-gtm-event=\"customEventSPE\" data-fig-domain=\"LEFIGARO\" rel=\"nofollow noopener\" target=\"_blank\">Donald Trump<\/a>, qui depuis son retour au pouvoir malm\u00e8ne les m\u00e9dias traditionnels. Il s&rsquo;agit de \u00abc\u00e9l\u00e9brer le Premier amendement\u00bb de la Constitution am\u00e9ricaine, qui garantit la\u00a0<a href=\"http:\/\/www.lefigaro.fr\/flash-actu\/liberte-de-la-presse-le-parlement-europeen-critique-durement-le-maroc-20230119\" data-fig-type=\"NewsFlash\" data-gtm-custom-categorie=\"navigation\" data-gtm-custom-action=\"crossclick\" data-gtm-custom-label=\"Contextuel\" data-gtm-event=\"customEventSPE\" data-fig-domain=\"LEFIGARO\" rel=\"nofollow noopener\" target=\"_blank\">libert\u00e9 de la presse<\/a>, avait soulign\u00e9 en amont le pr\u00e9sident de cette v\u00e9n\u00e9rable organisation, Eugene Daniels, dans un entretien avec le site Status News, sp\u00e9cialis\u00e9 dans l&rsquo;actualit\u00e9 des m\u00e9dias.<\/p>\n<p class=\"fig-paragraph\">Le protocole bien rod\u00e9 du d\u00eener, autour duquel s&rsquo;organise tout un week-end de cocktails et autres mondanit\u00e9s, a \u00e9t\u00e9 modifi\u00e9 pour, selon lui, \u00abs&rsquo;adapter \u00e0 l&rsquo;humeur\u00bb des journalistes. \u00abNous ne sommes pas des ennemis du peuple, nous ne sommes pas des ennemis de l&rsquo;Etat\u00bb, a d\u00e9clar\u00e9 M. Daniels lors du d\u00eener samedi soir, dans un contexte de d\u00e9fiance envers les m\u00e9dias aliment\u00e9 par le pr\u00e9sident r\u00e9publicain.<\/p>\n<p class=\"fig-paragraph\">M. Daniels a \u00e9galement exprim\u00e9 son soutien \u00e0 l&rsquo;agence am\u00e9ricaine Associated Press, priv\u00e9e d&rsquo;acc\u00e8s \u00e0 la Maison Blanche par M. Trump, ainsi qu&rsquo;\u00e0 la radio publique Voice of America, que le dirigeant entend fermer. \u00abContinuez d&rsquo;aller de l&rsquo;avant, continuez de vous battre, et continuez de ne pas avoir peur\u00bb, a enjoint \u00e0 l&rsquo;assistance le journaliste Anthony Zurcher de la BBC, r\u00e9compens\u00e9 pour sa couverture de la guerre \u00e0 Gaza.<\/p>\n<p>Donald Trump a toujours boud\u00e9 le gala<\/p>\n<p class=\"fig-paragraph\">L&rsquo;usage veut que le pr\u00e9sident am\u00e9ricain participe \u00e0 la soir\u00e9e, une affaire assez guind\u00e9e en smoking et robes longues, pour f\u00e9liciter quelques journalistes distingu\u00e9s pour leur travail, et prononcer une allocution \u00e9maill\u00e9e de blagues, mais aussi \u00e9couter le discours impertinent d&rsquo;un ou d&rsquo;une humoriste choisie par l&rsquo;Association.<\/p>\n<p class=\"fig-paragraph\">Mais Donald Trump, qui avait d\u00e9j\u00e0 boud\u00e9 le gala tout au long de son premier mandat, n&rsquo;est comme pr\u00e9vu pas venu, d&rsquo;autant qu&rsquo;il a assist\u00e9 samedi \u00e0 Rome aux obs\u00e8ques du pape Fran\u00e7ois et s&rsquo;y est entretenu avec son homologue ukrainien Volodymr Zelensky.<\/p>\n<p class=\"fig-paragraph\">Il n&rsquo;y a pas non plus eu de sketch acerbe devant les centaines d&rsquo;invit\u00e9s r\u00e9unis au sous-sol d&rsquo;un h\u00f4tel de Washington, des journalistes, des responsables politiques, des lobbyistes et une vedette cens\u00e9e apporter une touche de glamour au \u00abbal des premiers de la classe\u00bb, le surnom de ce gala (\u00abnerd prom\u00bb). L&rsquo;Association des correspondants avait d\u00e9cid\u00e9 de d\u00e9commander l&rsquo;humoriste Amber Ruffin, pour, selon un communiqu\u00e9, que l&rsquo;attention ne se focalise pas \u00absur les divisions politiques\u00bb mais sur les prix et bourses distribu\u00e9s pendant la soir\u00e9e.<\/p>\n<p>\u00abEnnemis du peuple\u00bb<\/p>\n<p class=\"fig-paragraph\">La com\u00e9dienne afro-am\u00e9ricaine avait r\u00e9pondu \u00e0 cette annulation sur un ton f\u00e9roce pendant l&rsquo;\u00e9mission de l&rsquo;humoriste Seth Meyers: \u00abla raison pour laquelle nous avons une presse libre, c&rsquo;est pour \u00eatre gentils avec les r\u00e9publicains pendant des d\u00eeners chics\u00bb.<\/p>\n<p class=\"fig-paragraph\">Depuis des d\u00e9cennies, l&rsquo;Association des correspondants \u00e0 la Maison Blanche r\u00e9gulait l&rsquo;acc\u00e8s des journalistes au pr\u00e9sident am\u00e9ricain, dans le Bureau ovale ou dans l&rsquo;avion pr\u00e9sidentiel. La porte-parole de la Maison Blanche Karoline Leavitt, au diapason d&rsquo;un pr\u00e9sident qui traite r\u00e9guli\u00e8rement les journalistes de \u00abmenteurs\u00bb et m\u00eame d&rsquo;\u00abennemis du peuple\u00bb, a mis fin \u00e0 cette pratique. Elle m\u00e9nage d\u00e9sormais une large place \u00e0 ceux qu&rsquo;elle appelle les \u00abnouveaux m\u00e9dias\u00bb, des influenceurs, podcasteurs ou pr\u00e9sentateurs de t\u00e9l\u00e9vision qui soutiennent le plus souvent ouvertement Donald Trump.<\/p>\n<p class=\"fig-paragraph\">Associated Press a vu son acc\u00e8s fortement restreint et parfois totalement supprim\u00e9 pour ne pas avoir adopt\u00e9 l&rsquo;appellation de \u00abGolfe d&rsquo;Am\u00e9rique\u00bb d\u00e9cr\u00e9t\u00e9e par le pr\u00e9sident Trump \u00e0 la place de Golfe du Mexique, une d\u00e9cision qu&rsquo;elle a attaqu\u00e9e en justice. L&rsquo;administration Trump a aussi entam\u00e9 le d\u00e9mant\u00e8lement, l\u00e0 aussi contest\u00e9 devant les tribunaux, des \u00abvoix\u00bb de l&rsquo;Am\u00e9rique \u00e0 l&rsquo;\u00e9tranger, comme Voice of America mais aussi Radio Free Europe\/Radio Liberty, ou Radio Free Asia, alors que les radios et t\u00e9l\u00e9visions publiques NPR et PBS voient leur financement f\u00e9d\u00e9ral menac\u00e9.<\/p>\n<p class=\"fig-paragraph\">Donald Trump a \u00e9galement lanc\u00e9 des attaques judiciaires contre la cha\u00eene priv\u00e9e CBS, le journal local The Des Moines Register, et fait plier ABC (groupe Disney), qui a vers\u00e9 15 millions de dollars sous la menace d&rsquo;un proc\u00e8s en diffamation.<\/p>\n","protected":false},"excerpt":{"rendered":"L\u2019usage veut que le pr\u00e9sident participe \u00e0 la soir\u00e9e, mais Donald Trump, qui avait d\u00e9j\u00e0 boud\u00e9 le gala&hellip;\n","protected":false},"author":2,"featured_media":56126,"comment_status":"","ping_status":"","sticky":false,"template":"","format":"standard","meta":{"footnotes":""},"categories":[2],"tags":[259,11,260,75,73,1011,27,14,261,12,262,25],"class_list":{"0":"post-56125","1":"post","2":"type-post","3":"status-publish","4":"format-standard","5":"has-post-thumbnail","7":"category-actualites","8":"tag-actualite-internationale","9":"tag-actualites","10":"tag-affaires-etrangeres","11":"tag-donald-trump","12":"tag-etats-unis","13":"tag-fr","14":"tag-france","15":"tag-international","16":"tag-ministere-des-affaires-etrangeres","17":"tag-news","18":"tag-politique-etrangere","19":"tag-republique-francaise"},"share_on_mastodon":{"url":"https:\/\/pubeurope.com\/@fr\/114408365979313767","error":""},"_links":{"self":[{"href":"https:\/\/www.europesays.com\/fr\/wp-json\/wp\/v2\/posts\/56125","targetHints":{"allow":["GET"]}}],"collection":[{"href":"https:\/\/www.europesays.com\/fr\/wp-json\/wp\/v2\/posts"}],"about":[{"href":"https:\/\/www.europesays.com\/fr\/wp-json\/wp\/v2\/types\/post"}],"author":[{"embeddable":true,"href":"https:\/\/www.europesays.com\/fr\/wp-json\/wp\/v2\/users\/2"}],"replies":[{"embeddable":true,"href":"https:\/\/www.europesays.com\/fr\/wp-json\/wp\/v2\/comments?post=56125"}],"version-history":[{"count":0,"href":"https:\/\/www.europesays.com\/fr\/wp-json\/wp\/v2\/posts\/56125\/revisions"}],"wp:featuredmedia":[{"embeddable":true,"href":"https:\/\/www.europesays.com\/fr\/wp-json\/wp\/v2\/media\/56126"}],"wp:attachment":[{"href":"https:\/\/www.europesays.com\/fr\/wp-json\/wp\/v2\/media?parent=56125"}],"wp:term":[{"taxonomy":"category","embeddable":true,"href":"https:\/\/www.europesays.com\/fr\/wp-json\/wp\/v2\/categories?post=56125"},{"taxonomy":"post_tag","embeddable":true,"href":"https:\/\/www.europesays.com\/fr\/wp-json\/wp\/v2\/tags?post=56125"}],"curies":[{"name":"wp","href":"https:\/\/api.w.org\/{rel}","templated":true}]}}