{"id":561250,"date":"2025-11-27T01:53:16","date_gmt":"2025-11-27T01:53:16","guid":{"rendered":"https:\/\/www.europesays.com\/fr\/561250\/"},"modified":"2025-11-27T01:53:16","modified_gmt":"2025-11-27T01:53:16","slug":"louis-jean-suspendu-deux-matchs-maciel-absent-a-lorient","status":"publish","type":"post","link":"https:\/\/www.europesays.com\/fr\/561250\/","title":{"rendered":"Louis-Jean suspendu deux matchs, Maciel absent \u00e0 Lorient"},"content":{"rendered":"<p>                            <img width=\"770\" height=\"433\" src=\"https:\/\/www.europesays.com\/fr\/wp-content\/uploads\/2025\/11\/DSC01121-770x433.jpg\" class=\"attachment-article size-article wp-post-image\" alt=\"Matthieu Louis-Jean, directeur technique de l'OL\" decoding=\"async\" fetchpriority=\"high\"  \/><\/p>\n<p>Matthieu Louis-Jean, directeur technique de l\u2019OL (OetL)<\/p>\n<p>Pass\u00e9s devant la commission de discipline ce mercredi, Matthieu Louis-Jean et Jorge Maciel connaissent leur sanction. Le directeur technique de l&rsquo;OL est priv\u00e9 de toutes fonctions officielles pendant deux matchs. Jorge Maciel manquera le d\u00e9placement \u00e0 Lorient et sera bien pr\u00e9sent contre Nantes.<\/p>\n<p>L&rsquo;OL aura bien un coach sur son banc dimanche soir face au<strong> FC Nantes<\/strong>. La venue des Canaris sera le dernier match de Paulo Fonseca pass\u00e9 en tribune de presse suite \u00e0 sa suspension de neuf mois prononc\u00e9e en mars dernier. La question \u00e9tait donc de savoir si Jorge <strong>Maciel<\/strong> allait pouvoir assurer son dernier interim ou non. Pourquoi ? Parce que l&rsquo;entra\u00eeneur adjoint <a href=\"https:\/\/www.olympique-et-lyonnais.com\/ol-commission-de-discipline-louis-jean-et-maciel-en-visio-depuis-la-serbie,385413.html\" target=\"_blank\" rel=\"noopener\">passait devant<\/a> la commission de discipline ce mercredi suite \u00e0 ses propos tenus apr\u00e8s <strong>OL &#8211; PSG<\/strong>. Le Portugais sera bien pr\u00e9sent sur le banc dimanche soir, mais devra malgr\u00e9 tout purger un match de suspension. La commission a prononc\u00e9 un match de suspension ferme de banc de touche, de vestiaire d\u2019arbitres et de toutes fonctions officielles, \u00e0 compter du 2 d\u00e9cembre. Maciel manquera donc le d\u00e9placement \u00e0 <strong>Lorient<\/strong>, quand <strong>Fonseca<\/strong> fera son retour.<\/p>\n<p>Louis-Jean de retour aux affaires en 2026<\/p>\n<p>L&rsquo;adjoint n&rsquo;est pas le seul \u00e0 devoir plaider sa d\u00e9fense ce mercredi soir. Matthieu <strong>Louis-Jean<\/strong> \u00e9tait \u00e9galement convoqu\u00e9 pour se justifier sur ses <a href=\"https:\/\/www.olympique-et-lyonnais.com\/louis-jean-apres-ol-psg-2-3-larbitrage-de-m-bastien-a-ete-catastrophique,384420.html\" target=\"_blank\" rel=\"noopener\">propos<\/a> tenus envers l&rsquo;arbitrage de Benoit <strong>Bastien<\/strong>, toujours durant cet <strong>OL &#8211; PSG<\/strong>. La d\u00e9fense du directeur technique ne l&rsquo;a pas exempt de sanction. Il devra purger deux matchs de suspension ferme, dont un match par r\u00e9vocation du sursis, de banc de touche, de vestiaire d\u2019arbitres et de toutes fonctions officielles. Ce sera \u00e0 <strong>Lorient<\/strong> puis contre <strong>Le Havre<\/strong> pour le dernier match de Ligue 1 de l&rsquo;ann\u00e9e 2025.<\/p>\n<p>\t\t\t\t\t<a href=\"https:\/\/www.olympique-et-lyonnais.com\/maccabi-tel-aviv-ol-tessmann-en-defense-centrale-descamps-dans-le-but,385439.html\" title=\"Maccabi Tel Aviv - OL : Tessmann en d\u00e9fense centrale, Descamps dans le but\" target=\"_blank\" rel=\"noopener\"><img loading=\"lazy\" width=\"580\" height=\"326\" src=\"https:\/\/www.europesays.com\/fr\/wp-content\/uploads\/2025\/11\/AFP__20251123__84WV4HB__v1__HighRes__FblFraLigue1AuxerreLyon-580x326.jpg\" class=\"attachment-actularge size-actularge wp-post-image\" alt=\"Tanner Tessmann lors d'Auxerre - OL\" decoding=\"async\"  \/>\t\t\t\t\t<\/a><\/p>\n","protected":false},"excerpt":{"rendered":"Matthieu Louis-Jean, directeur technique de l\u2019OL (OetL) Pass\u00e9s devant la commission de discipline ce mercredi, Matthieu Louis-Jean et&hellip;\n","protected":false},"author":2,"featured_media":561251,"comment_status":"","ping_status":"","sticky":false,"template":"","format":"standard","meta":{"footnotes":""},"categories":[1410],"tags":[63,1011,27,66,241,978,60],"class_list":{"0":"post-561250","1":"post","2":"type-post","3":"status-publish","4":"format-standard","5":"has-post-thumbnail","7":"category-football","8":"tag-football","9":"tag-fr","10":"tag-france","11":"tag-ligue-1","12":"tag-ol","13":"tag-olympique-lyonnais","14":"tag-sports"},"share_on_mastodon":{"url":"https:\/\/pubeurope.com\/@fr\/115619170149800094","error":""},"_links":{"self":[{"href":"https:\/\/www.europesays.com\/fr\/wp-json\/wp\/v2\/posts\/561250","targetHints":{"allow":["GET"]}}],"collection":[{"href":"https:\/\/www.europesays.com\/fr\/wp-json\/wp\/v2\/posts"}],"about":[{"href":"https:\/\/www.europesays.com\/fr\/wp-json\/wp\/v2\/types\/post"}],"author":[{"embeddable":true,"href":"https:\/\/www.europesays.com\/fr\/wp-json\/wp\/v2\/users\/2"}],"replies":[{"embeddable":true,"href":"https:\/\/www.europesays.com\/fr\/wp-json\/wp\/v2\/comments?post=561250"}],"version-history":[{"count":0,"href":"https:\/\/www.europesays.com\/fr\/wp-json\/wp\/v2\/posts\/561250\/revisions"}],"wp:featuredmedia":[{"embeddable":true,"href":"https:\/\/www.europesays.com\/fr\/wp-json\/wp\/v2\/media\/561251"}],"wp:attachment":[{"href":"https:\/\/www.europesays.com\/fr\/wp-json\/wp\/v2\/media?parent=561250"}],"wp:term":[{"taxonomy":"category","embeddable":true,"href":"https:\/\/www.europesays.com\/fr\/wp-json\/wp\/v2\/categories?post=561250"},{"taxonomy":"post_tag","embeddable":true,"href":"https:\/\/www.europesays.com\/fr\/wp-json\/wp\/v2\/tags?post=561250"}],"curies":[{"name":"wp","href":"https:\/\/api.w.org\/{rel}","templated":true}]}}