{"id":561260,"date":"2025-11-27T02:00:26","date_gmt":"2025-11-27T02:00:26","guid":{"rendered":"https:\/\/www.europesays.com\/fr\/561260\/"},"modified":"2025-11-27T02:00:26","modified_gmt":"2025-11-27T02:00:26","slug":"star-wars-the-mandalorian-and-grogu-un-nouveau-poster-avec-le-mandalorien-et-grogu","status":"publish","type":"post","link":"https:\/\/www.europesays.com\/fr\/561260\/","title":{"rendered":"Star Wars \u2013 The Mandalorian and Grogu : Un nouveau poster avec\u2026 le Mandalorien et Grogu !"},"content":{"rendered":"<p>&#13;<br \/>\n        &#13;<br \/>\n&#13;<br \/>\n        &#13;<br \/>\n&#13;<\/p>\n<p><a href=\"https:\/\/www.europesays.com\/fr\/wp-content\/uploads\/2025\/11\/star-wars-the-mandalorian-and-grogu-film-sortie-calendrier-news.jpg\"><img loading=\"lazy\" decoding=\"async\" src=\"https:\/\/www.europesays.com\/fr\/wp-content\/uploads\/2025\/11\/star-wars-the-mandalorian-and-grogu-film-sortie-calendrier-news.jpg\" alt=\"\" width=\"696\" height=\"258\" class=\"aligncenter size-medium wp-image-278998\"\/><\/a><\/p>\n<p style=\"text-align: justify;\">Retour \u00e0 la normale. Apr\u00e8s <a href=\"http:\/\/lestoilesheroiques.fr\/2025\/09\/star-wars-the-mandalorian-and-grogu-la-bande-annonce-est-en-ligne-votre-avis.html\" target=\"_blank\" rel=\"noopener\">un poster vintage faussement dessin\u00e9 plut\u00f4t r\u00e9ussi<\/a> \u2013 mais n\u00e9anmoins en d\u00e9calage complet avec la bande annonce d\u00e9voil\u00e9e le m\u00eame jour -, <strong>Star Wars : The Mandalorian and Grogu<\/strong> redevient sage avec un poster tout ce qu\u2019il y a de plus basique. Cela fleure bon la jaquette de DVD qui se retrouvera dans un bac \u00e0 soldes quelques mois apr\u00e8s la sortie\u2026 alors que la s\u00e9rie The Mandalorian b\u00e9n\u00e9ficiait jusqu\u2019\u00e0 pr\u00e9sent de visuels corrects.<\/p>\n<p style=\"text-align: justify;\">L\u2019Empire mal\u00e9fique est tomb\u00e9, et les seigneurs de guerre imp\u00e9riaux demeurent dispers\u00e9s \u00e0 travers la galaxie. Alors que la jeune Nouvelle R\u00e9publique s\u2019efforce de prot\u00e9ger tout ce pour quoi la R\u00e9bellion s\u2019est battue, elle a fait appel au l\u00e9gendaire chasseur de primes mandalorien Din Djarin et \u00e0 son jeune apprenti Grogu.<\/p>\n<p><a href=\"http:\/\/lestoilesheroiques.fr\/wp-content\/uploads\/2025\/11\/G6tPBs8XkAAqMjA.jpg\" target=\"_blank\" rel=\"noopener\"><img loading=\"lazy\" decoding=\"async\" src=\"https:\/\/www.europesays.com\/fr\/wp-content\/uploads\/2025\/11\/G6tPBs8XkAAqMjA-580x725.jpg\" alt=\"\" width=\"580\" height=\"725\" class=\"aligncenter size-medium wp-image-284225\"\/><\/a><\/p>\n<p style=\"text-align: center;\">\ufe61\ufe61\ufe61\ufe61\ufe61<\/p>\n<p><a href=\"http:\/\/lestoilesheroiques.fr\/2021\/04\/chronologie-comics-star-wars-canon-panini-liste-ordre.html\" target=\"_blank\" rel=\"noopener\"><img loading=\"lazy\" decoding=\"async\" class=\"aligncenter size-full wp-image-203493\" src=\"https:\/\/www.europesays.com\/fr\/wp-content\/uploads\/2025\/08\/chronologie-comics-star-wars-canon.jpg\" alt=\"\" width=\"300\" height=\"120\"\/><\/a><\/p>\n<p style=\"text-align: center;\">\ufe61\ufe61\ufe61\ufe61\ufe61<\/p>\n<p style=\"text-align: justify;\"><strong>Star Wars : The Mandalorian and Grogu<\/strong> est r\u00e9alis\u00e9 par <strong>Jon Favreau<\/strong> et sort en France le 20 mai 2026, avec <strong>Pedro Pascal<\/strong> (Din Djarin\/le Mandalorien), <strong>Steven Blum<\/strong> (Zeb Orrelios), <strong>Jeremy Allen White<\/strong> (Rotta le Hutt) et <strong>Sigourney Weaver<\/strong>.<\/p>\n<p><a href=\"https:\/\/amzn.to\/3JypO3L\" target=\"_blank\" rel=\"noopener noreferrer\"><img loading=\"lazy\" decoding=\"async\" class=\"aligncenter size-medium wp-image-200788\" src=\"https:\/\/www.europesays.com\/fr\/wp-content\/uploads\/2025\/05\/1747098672_910_rappelll.jpg\" alt=\"\" width=\"696\" height=\"73\"\/><\/a><\/p>\n<p>        &#13;<br \/>\n&#13;<br \/>\n&#13;<br \/>\n        &#13;<br \/>\n                        &#13;<br \/>\n            &#13;<br \/>\n&#13;<br \/>\n                        Article pr\u00e9c\u00e9dent<a href=\"http:\/\/lestoilesheroiques.fr\/2025\/11\/wonder-man-le-legendaire-acteur-trevor-slattery-fait-sa-pub.html\" target=\"_blank\" rel=\"noopener\">Wonder Man : Le l\u00e9gendaire acteur Trevor Slattery fait sa pub !<\/a>                                &#13;<br \/>\n&#13;<\/p>\n","protected":false},"excerpt":{"rendered":"&#13; &#13; &#13; &#13; &#13; Retour \u00e0 la normale. Apr\u00e8s un poster vintage faussement dessin\u00e9 plut\u00f4t r\u00e9ussi \u2013&hellip;\n","protected":false},"author":2,"featured_media":561261,"comment_status":"","ping_status":"","sticky":false,"template":"","format":"standard","meta":{"footnotes":""},"categories":[1354],"tags":[58,59,1346,1011,27,1360],"class_list":{"0":"post-561260","1":"post","2":"type-post","3":"status-publish","4":"format-standard","5":"has-post-thumbnail","7":"category-films","8":"tag-divertissement","9":"tag-entertainment","10":"tag-films","11":"tag-fr","12":"tag-france","13":"tag-movies"},"share_on_mastodon":{"url":"https:\/\/pubeurope.com\/@fr\/115619196927414203","error":""},"_links":{"self":[{"href":"https:\/\/www.europesays.com\/fr\/wp-json\/wp\/v2\/posts\/561260","targetHints":{"allow":["GET"]}}],"collection":[{"href":"https:\/\/www.europesays.com\/fr\/wp-json\/wp\/v2\/posts"}],"about":[{"href":"https:\/\/www.europesays.com\/fr\/wp-json\/wp\/v2\/types\/post"}],"author":[{"embeddable":true,"href":"https:\/\/www.europesays.com\/fr\/wp-json\/wp\/v2\/users\/2"}],"replies":[{"embeddable":true,"href":"https:\/\/www.europesays.com\/fr\/wp-json\/wp\/v2\/comments?post=561260"}],"version-history":[{"count":0,"href":"https:\/\/www.europesays.com\/fr\/wp-json\/wp\/v2\/posts\/561260\/revisions"}],"wp:featuredmedia":[{"embeddable":true,"href":"https:\/\/www.europesays.com\/fr\/wp-json\/wp\/v2\/media\/561261"}],"wp:attachment":[{"href":"https:\/\/www.europesays.com\/fr\/wp-json\/wp\/v2\/media?parent=561260"}],"wp:term":[{"taxonomy":"category","embeddable":true,"href":"https:\/\/www.europesays.com\/fr\/wp-json\/wp\/v2\/categories?post=561260"},{"taxonomy":"post_tag","embeddable":true,"href":"https:\/\/www.europesays.com\/fr\/wp-json\/wp\/v2\/tags?post=561260"}],"curies":[{"name":"wp","href":"https:\/\/api.w.org\/{rel}","templated":true}]}}