{"id":561262,"date":"2025-11-27T02:02:15","date_gmt":"2025-11-27T02:02:15","guid":{"rendered":"https:\/\/www.europesays.com\/fr\/561262\/"},"modified":"2025-11-27T02:02:15","modified_gmt":"2025-11-27T02:02:15","slug":"cette-astuce-facile-permet-a-vos-poules-den-produire-autant-quen-ete","status":"publish","type":"post","link":"https:\/\/www.europesays.com\/fr\/561262\/","title":{"rendered":"cette astuce facile permet \u00e0 vos poules d&rsquo;en produire autant qu&rsquo;en \u00e9t\u00e9"},"content":{"rendered":"<p itemprop=\"description\">Les \u0153ufs de poule deviennent bien<br \/>\ndifficiles \u00e0 trouver en ce moment, la faute aux conditions<br \/>\nclimatiques. Mais vous pouvez corriger le tir.<\/p>\n<p>Vous l\u00a0\u00bbavez certainement remarqu\u00e9 en allant faire vos courses<br \/>\nces derniers jours : les \u0153ufs sont devenus une denr\u00e9e rare. C&rsquo;est<br \/>\nl\u00e0 l&rsquo;avantage d&rsquo;\u00e9lever des poules : on peut profiter d&rsquo;\u0153ufs frais<br \/>\ntout au long de l&rsquo;ann\u00e9e. Pour autant, l&rsquo;arriv\u00e9e de l&rsquo;hiver ralentit<br \/>\nleur production \u00e0 travers plusieurs facteurs : les journ\u00e9es<br \/>\nraccourcissent, les temp\u00e9ratures chutent et leur organisme<br \/>\ns&rsquo;adapte. Pour pr\u00e9server la vitalit\u00e9 de votre petit \u00e9levage et<br \/>\nencourager une ponte r\u00e9guli\u00e8re et soutenue, il devient<br \/>\nindispensable d&rsquo;ajuster leurs conditions de vie \u00e0 la saison<br \/>\nfroide.<\/p>\n<p>Assurer une bonne isolation<br \/>\npour maintenir la temp\u00e9rature<\/p>\n<p data-start=\"832\" data-end=\"1506\">D\u00e8s que le thermom\u00e8tre descend<br \/>\nsous les 10 \u00b0C, les poules se mettent en mode \u00ab\u00a0\u00e9conomies d&rsquo;\u00e9nergie\u00a0\u00bb<br \/>\net r\u00e9duisent souvent <a href=\"https:\/\/monjardinmamaison.maison-travaux.fr\/mon-jardin-ma-maison\/animaux\/poules\/oeufs-poules-mauvaise-qualite-cet-hiver-sans-cet-ingredient-489196.html\" target=\"_blank\" rel=\"noopener\"><br \/>\nla production d&rsquo;\u0153ufs<\/a>. Pour faire face \u00e0 ce ph\u00e9nom\u00e8ne, notre<br \/>\npremier conseil est de <strong>renforcer l&rsquo;isolation du<br \/>\npoulailler<\/strong>. Ajoutez un mat\u00e9riau isolant sur le toit et les<br \/>\nparois, et recouvrez le sol d&rsquo;une couche g\u00e9n\u00e9reuse de paille ou de<br \/>\npapier afin de retenir un maximum de chaleur. En cas de vague de<br \/>\nfroid vraiment intense, vous pouvez aussi <strong>installer une<br \/>\nlampe chauffante<\/strong>, \u00e0 condition de maintenir une temp\u00e9rature<br \/>\nstable dans le poulailler.<\/p>\n<p data-start=\"832\" data-end=\"1506\">Un abri bien isol\u00e9 prot\u00e8ge<br \/>\n\u00e9galement des courants d&rsquo;air et des variations brutales de<br \/>\ntemp\u00e9ratures, source fr\u00e9quente de g\u00eane et de refroidissements.<br \/>\nPensez aussi \u00e0 <strong>conserver un environnement sec<\/strong>.<br \/>\nRien de pire qu&rsquo;une liti\u00e8re humide pour accentuer la sensation de<br \/>\nfroid et favoriser l&rsquo;apparition de probl\u00e8mes respiratoires. Pour<br \/>\nveiller \u00e0 la sant\u00e9 de vos cocottes, remplacez r\u00e9guli\u00e8rement la<br \/>\npaille ou les copeaux pour garantir une atmosph\u00e8re propre et plus<br \/>\nconfortable.<\/p>\n<p>Optimiser la luminosit\u00e9 pour<br \/>\nsoutenir la ponte<\/p>\n<p data-start=\"1813\" data-end=\"2304\">Pour continuer \u00e0 <a href=\"https:\/\/monjardinmamaison.maison-travaux.fr\/mon-jardin-ma-maison\/animaux\/poules\/geste-poulailler-printemps-479183.html\" target=\"_blank\" rel=\"noopener\"><br \/>\npondre de mani\u00e8re soutenue<\/a>, les poules ont besoin<br \/>\nd&rsquo;<strong>environ 14 \u00e0 16 heures de lumi\u00e8re par jour<\/strong>. Pas<br \/>\nfacile d&rsquo;assurer une production soutenue quand les journ\u00e9es<br \/>\nraccourcissent et que la luminosit\u00e9 naturelle manque. C&rsquo;est<br \/>\npourquoi <strong>l&rsquo;ajout d&rsquo;un \u00e9clairage d&rsquo;appoint<\/strong> dans le<br \/>\npoulailler devient utile. Les <strong>lampes LED<\/strong> sont<br \/>\nid\u00e9ales : elles consomment peu et diffusent une lumi\u00e8re suffisante.<br \/>\nUn <strong>variateur<\/strong> peut aussi \u00eatre pratique pour cr\u00e9er<br \/>\nune transition douce entre obscurit\u00e9 et lumi\u00e8re, afin d&rsquo;imiter une<br \/>\njourn\u00e9e plus longue sans perturber les poules.<\/p>\n<p data-start=\"2306\" data-end=\"2545\">Avertissement cependant : il<br \/>\nfaut <strong>respecter une v\u00e9ritable p\u00e9riode de nuit<\/strong>. Les<br \/>\npoules ont imp\u00e9rativement besoin de repos dans l&rsquo;obscurit\u00e9 totale.<br \/>\nUne minuterie facilitera la gestion de cet \u00e9clairage et vous<br \/>\n\u00e9vitera d&rsquo;avoir \u00e0 intervenir quotidiennement. Le repos, c&rsquo;est pour<br \/>\ntout le monde !<\/p>\n<p>La n\u00e9cessaire adaptation de<br \/>\nl&rsquo;alimentation pour r\u00e9sister aux temp\u00e9ratures<\/p>\n<p data-start=\"2609\" data-end=\"3127\">Les besoins \u00e9nerg\u00e9tiques des<br \/>\npoules augmentent en hiver. Pour les aider \u00e0 affronter le froid,<br \/>\nproposez-leur <a href=\"https:\/\/monjardinmamaison.maison-travaux.fr\/mon-jardin-ma-maison\/animaux\/poules\/nourrir-poules-se-ruiner-grace-a-astuces-364269.html\" target=\"_blank\" rel=\"noopener\"><br \/>\n<strong>des rations plus riches et plus vari\u00e9es<\/strong><\/a>. Les<br \/>\ngraines ol\u00e9agineuses, certains l\u00e9gumes d&rsquo;hiver (carottes, choux,<br \/>\ncourges), quelques fruits ainsi que des c\u00e9r\u00e9ales enti\u00e8res comme le<br \/>\nma\u00efs, l&rsquo;avoine, l&rsquo;orge ou le bl\u00e9 leur apportent les nutriments<br \/>\nn\u00e9cessaires. N&rsquo;oubliez pas le calcium, essentiel pour des coquilles<br \/>\nsolides : <strong>coquilles d&rsquo;hu\u00eetres broy\u00e9es<\/strong> ou<br \/>\n<strong>orties s\u00e9ch\u00e9es<\/strong> feront parfaitement l\u2019affaire.<\/p>\n","protected":false},"excerpt":{"rendered":"Les \u0153ufs de poule deviennent bien difficiles \u00e0 trouver en ce moment, la faute aux conditions climatiques. Mais&hellip;\n","protected":false},"author":2,"featured_media":561263,"comment_status":"","ping_status":"","sticky":false,"template":"","format":"standard","meta":{"footnotes":""},"categories":[10],"tags":[1011,27,72,71,729],"class_list":{"0":"post-561262","1":"post","2":"type-post","3":"status-publish","4":"format-standard","5":"has-post-thumbnail","7":"category-sante","8":"tag-fr","9":"tag-france","10":"tag-health","11":"tag-sante","12":"tag-yout_video"},"share_on_mastodon":{"url":"https:\/\/pubeurope.com\/@fr\/115619203947935568","error":""},"_links":{"self":[{"href":"https:\/\/www.europesays.com\/fr\/wp-json\/wp\/v2\/posts\/561262","targetHints":{"allow":["GET"]}}],"collection":[{"href":"https:\/\/www.europesays.com\/fr\/wp-json\/wp\/v2\/posts"}],"about":[{"href":"https:\/\/www.europesays.com\/fr\/wp-json\/wp\/v2\/types\/post"}],"author":[{"embeddable":true,"href":"https:\/\/www.europesays.com\/fr\/wp-json\/wp\/v2\/users\/2"}],"replies":[{"embeddable":true,"href":"https:\/\/www.europesays.com\/fr\/wp-json\/wp\/v2\/comments?post=561262"}],"version-history":[{"count":0,"href":"https:\/\/www.europesays.com\/fr\/wp-json\/wp\/v2\/posts\/561262\/revisions"}],"wp:featuredmedia":[{"embeddable":true,"href":"https:\/\/www.europesays.com\/fr\/wp-json\/wp\/v2\/media\/561263"}],"wp:attachment":[{"href":"https:\/\/www.europesays.com\/fr\/wp-json\/wp\/v2\/media?parent=561262"}],"wp:term":[{"taxonomy":"category","embeddable":true,"href":"https:\/\/www.europesays.com\/fr\/wp-json\/wp\/v2\/categories?post=561262"},{"taxonomy":"post_tag","embeddable":true,"href":"https:\/\/www.europesays.com\/fr\/wp-json\/wp\/v2\/tags?post=561262"}],"curies":[{"name":"wp","href":"https:\/\/api.w.org\/{rel}","templated":true}]}}