{"id":561264,"date":"2025-11-27T02:03:11","date_gmt":"2025-11-27T02:03:11","guid":{"rendered":"https:\/\/www.europesays.com\/fr\/561264\/"},"modified":"2025-11-27T02:03:11","modified_gmt":"2025-11-27T02:03:11","slug":"mbappe-en-etat-de-grace-vinicius-decisif-la-defense-madrilene-aux-abois-les-tops-et-les-flops","status":"publish","type":"post","link":"https:\/\/www.europesays.com\/fr\/561264\/","title":{"rendered":"Mbapp\u00e9 en \u00e9tat de gr\u00e2ce, Vinicius d\u00e9cisif, la d\u00e9fense madril\u00e8ne aux abois&#8230; Les tops et les flops"},"content":{"rendered":"<p>\n    Les Merengue ont domin\u00e9 les Grecs (3-4) ce mercredi, lors de la 5e journ\u00e9e de Ligue des champions. Retrouvez ce qui a retenu l\u2019attention de la r\u00e9daction.<\/p>\n<p class=\"fig-paragraph\"><strong>TOPS<\/strong><\/p>\n<p>Kylian Mbapp\u00e9 s\u2019offre un quadrupl\u00e9<\/p>\n<p class=\"fig-paragraph\">Il n\u2019avait plus trouv\u00e9 les chemins des filets depuis trois matches, mais en sept minutes,\u00a0<a href=\"http:\/\/www.lefigaro.fr\/sports\/football\/ligue-des-champions\/ligue-des-champions-en-video-le-triple-en-sept-minutes-d-un-kylian-mbappe-dechaine-20251126\" target=\"_blank\" data-fig-type=\"NewsFlash\" rel=\"sponsored noopener\" data-gtm-custom-categorie=\"navigation\" data-gtm-custom-action=\"crossclick\" data-gtm-custom-label=\"Contextuel\" data-gtm-event=\"customEventSPE\" data-fig-domain=\"LEFIGARO\">Kylian Mbapp\u00e9<\/a>\u00a0a tout renvers\u00e9 avec un tripl\u00e9. Tout d\u2019abord un but sur un caviar de\u00a0<a href=\"http:\/\/www.lefigaro.fr\/sports\/football\/espagne\/liga-l-affaire-vinicius-est-close-assure-xabi-alonso-20251031\" target=\"_blank\" data-fig-type=\"NewsFlash\" rel=\"sponsored noopener\" data-gtm-custom-categorie=\"navigation\" data-gtm-custom-action=\"crossclick\" data-gtm-custom-label=\"Contextuel\" data-gtm-event=\"customEventSPE\" data-fig-domain=\"LEFIGARO\">Vinicius<\/a>\u00a0(22e) avant de doubler la mise de la t\u00eate (24e) et \u00e9teindre le stade du Pir\u00e9e en remportant son face-\u00e0-face contre Tzolakis (29e). Trois r\u00e9alisations en 6 minutes et 42 secondes, le deuxi\u00e8me coup du chapeau le plus rapide de l\u2019histoire en Ligue des champions derri\u00e8re celui de\u00a0<a href=\"http:\/\/www.lefigaro.fr\/sports\/football\/coupe-du-monde\/coupe-du-monde-2026-un-double-de-mohamed-salah-propulse-l-egypte-au-mondial-20251008\" target=\"_blank\" data-fig-type=\"NewsFlash\" rel=\"sponsored noopener\" data-gtm-custom-categorie=\"navigation\" data-gtm-custom-action=\"crossclick\" data-gtm-custom-label=\"Contextuel\" data-gtm-event=\"customEventSPE\" data-fig-domain=\"LEFIGARO\">Mohamed Salah<\/a>\u00a0(6 minutes et 12 secondes).<\/p>\n<p>                                    <a class=\"fig-a11y-skip a11y-hidden\" href=\"#fig-a11y-skip-main-inarticle\"><br \/>\n        Passer la publicit\u00e9<br \/>\n    <\/a><\/p>\n<p class=\"fig-paragraph\">Cependant, les Grecs n\u2019ont rien l\u00e2ch\u00e9, Mbapp\u00e9 \u00e0 donc inscrit un dernier but tel un renard des surfaces pour permettre au\u00a0<a href=\"http:\/\/www.lefigaro.fr\/sports\/football\/ligue-des-champions\/ligue-des-champions-malgre-un-mbappe-intenable-le-real-madrid-se-fait-des-frayeurs-face-a-l-olympiakos-20251126\" target=\"_blank\" data-fig-type=\"NewsFlash\" rel=\"sponsored noopener\" data-gtm-custom-categorie=\"navigation\" data-gtm-custom-action=\"crossclick\" data-gtm-custom-label=\"Contextuel\" data-gtm-event=\"customEventSPE\" data-fig-domain=\"LEFIGARO\">Real Madrid de s\u2019imposer dans la douleur face \u00e0 l\u2019Olympiakos<\/a>\u00a0(3-4). Le capitaine des Bleus n\u2019avait encore jamais marqu\u00e9 un quadrupl\u00e9 en \u00abLDC\u00bb, c\u2019est maintenant chose faite. Ph\u00e9nom\u00e9nal.<\/p>\n<p>Chiquinho, une demi-heure de folie<\/p>\n<p class=\"fig-paragraph\">Le milieu offensif portugais aura donn\u00e9 des maux de t\u00eate aux d\u00e9fenseurs madril\u00e8nes. En seulement 30 minutes, Chiquinho a \u00e9t\u00e9 au four et au moulin ce soir \u00e0 Ath\u00e8nes. D\u00e8s l\u2019entame, le Portugais a montr\u00e9 les crocs avec une tentative tr\u00e8s lointaine (5e). Dans la foul\u00e9e, le stade du Pir\u00e9e s\u2019est lev\u00e9 apr\u00e8s un jeu \u00e0 trois splendide du trio Podence-<a href=\"https:\/\/www.lefigaro.fr\/sports\/football\/coupe-du-monde\/russie-2018\/Fil-info\/maroc-el-kaabi-en-pointe-plutot-que-boutaib-913510\" target=\"_blank\" data-fig-type=\"NewsFlash\" rel=\"sponsored noopener\" data-gtm-custom-categorie=\"navigation\" data-gtm-custom-action=\"crossclick\" data-gtm-custom-label=\"Contextuel\" data-gtm-event=\"customEventSPE\" data-fig-domain=\"LEFIGARO\">El Kaabi<\/a>\u00a0&#8211; Chiquinho conclu en beaut\u00e9 par le milieu de terrain afin de cueillir \u00e0 froid les Merengues (1-0, 8e).<\/p>\n<p class=\"fig-paragraph\">Virevoltant, le Portugais a oblig\u00e9 le gardien Lunin,\u00a0<a href=\"http:\/\/www.lefigaro.fr\/sports\/football\/ligue-des-champions\/ligue-des-champions-le-real-madrid-sans-courtois-face-a-l-olympiakos-20251125\" target=\"_blank\" data-fig-type=\"NewsFlash\" rel=\"sponsored noopener\" data-gtm-custom-categorie=\"navigation\" data-gtm-custom-action=\"crossclick\" data-gtm-custom-label=\"Contextuel\" data-gtm-event=\"customEventSPE\" data-fig-domain=\"LEFIGARO\">titulaire suite \u00e0 l\u2019absence de Courtois\u00a0<\/a>(malade), \u00e0 s\u2019illustrer pour emp\u00eacher le break (19e). Malheureusement, la prestation de Chuquinho est stopp\u00e9e brutalement avant la demi-heure de jeu apr\u00e8s une blessure. Remplac\u00e9 par Taremi \u00e9galement buteur (52e).<\/p>\n<p>Vinicius tr\u00e8s actif et d\u00e9cisif<\/p>\n<p class=\"fig-paragraph\">Seul madril\u00e8ne \u00e0 surnager dans le premier quart d\u2019heure de jeu avec notamment une frappe d\u00e9vi\u00e9e du bout des doigts par le portier grec (3e), Vinicius a sonn\u00e9 la r\u00e9volte des Merengues gr\u00e2ce \u00e0 une passe splendide en faveur de Mbapp\u00e9 (1-1, 22e). Dans le deuxi\u00e8me acte, le joueur de la Selecao a offert sa deuxi\u00e8me passe d\u00e9cisive pour le capitaine des Bleus (2-4, 60e). Pas de but pour l\u2019ailier Br\u00e9silien, mais des efforts r\u00e9compens\u00e9s.<\/p>\n<p class=\"fig-paragraph\"><strong>FLOPS\u00a0<\/strong><\/p>\n<p>                                    <a class=\"fig-a11y-skip a11y-hidden\" href=\"#fig-a11y-skip-main-inarticle_mtf\"><br \/>\n        Passer la publicit\u00e9<br \/>\n    <\/a><\/p>\n<p>La d\u00e9fense du Real aux abois<\/p>\n<p class=\"fig-paragraph\">En l\u2019absence de Rudiger, Alaba ou encore\u00a0<a href=\"http:\/\/www.lefigaro.fr\/sports\/football\/coupe-du-monde\/foot-le-defenseur-du-real-madrid-dean-huijsen-forfait-avec-l-espagne-20251115\" target=\"_blank\" data-fig-type=\"NewsFlash\" rel=\"sponsored noopener\" data-gtm-custom-categorie=\"navigation\" data-gtm-custom-action=\"crossclick\" data-gtm-custom-label=\"Contextuel\" data-gtm-event=\"customEventSPE\" data-fig-domain=\"LEFIGARO\">Huijsen<\/a>&#8230; les d\u00e9fenseurs du Real Madrid n\u2019ont pas gagn\u00e9 des points ce mercredi soir, bien au contraire. Malgr\u00e9 le retour de\u00a0<a href=\"http:\/\/www.lefigaro.fr\/sports\/football\/espagne\/liga-ferland-mendy-de-retour-apres-six-mois-d-absence-20251015\" target=\"_blank\" data-fig-type=\"NewsFlash\" rel=\"sponsored noopener\" data-gtm-custom-categorie=\"navigation\" data-gtm-custom-action=\"crossclick\" data-gtm-custom-label=\"Contextuel\" data-gtm-event=\"customEventSPE\" data-fig-domain=\"LEFIGARO\">Ferland Mendy<\/a>\u00a0dans le 11 de d\u00e9part, le Real Madrid \u00e9tait (trop) fragile et sans solution face \u00e0 la fougue de Chiquinho. Les Grecs ont profit\u00e9 des erreurs de relance ainsi que la passivit\u00e9 des Merengues qui ont d\u00e9bouch\u00e9 sur deux buts de la t\u00eate sign\u00e9s Taremi (52e) et El Kaabi (81e). Une prestation loin d\u2019\u00eatre rassurante pour les hommes de\u00a0<a href=\"http:\/\/www.lefigaro.fr\/sports\/football\/ligue-des-champions\/ligue-des-champions-xabi-alonso-fait-un-travail-incroyable-au-real-comme-ancelotti-juge-le-coach-de-liverpool-arne-slot-20251103\" target=\"_blank\" data-fig-type=\"NewsFlash\" rel=\"sponsored noopener\" data-gtm-custom-categorie=\"navigation\" data-gtm-custom-action=\"crossclick\" data-gtm-custom-label=\"Contextuel\" data-gtm-event=\"customEventSPE\" data-fig-domain=\"LEFIGARO\">Xabi Alonso<\/a>, car en face il n\u2019y avait pas Kylian Mbapp\u00e9 ou Vinicius.<\/p>\n<p>Tzolakis en difficult\u00e9<\/p>\n<p class=\"fig-paragraph\">Le dernier rempart de l\u2019<a href=\"https:\/\/www.lefigaro.fr\/sports\/football\/live\/ligue-des-champions\/2025\/2601876\/olympiakos-real-madrid\" target=\"_blank\" data-fig-type=\"Live\" rel=\"sponsored noopener\" data-gtm-custom-categorie=\"navigation\" data-gtm-custom-action=\"crossclick\" data-gtm-custom-label=\"Contextuel\" data-gtm-event=\"customEventSPE\" data-fig-domain=\"LEFIGARO\">Olympiakos<\/a>\u00a0a v\u00e9cu une soir\u00e9e compliqu\u00e9e. Au pied, le portier grec n\u2019a pas \u00e9t\u00e9 en r\u00e9ussite (7\/18, 39%), malgr\u00e9 un bel arr\u00eat sur Vinicius en d\u00e9but de match, Tzolakis a \u00e9galement craqu\u00e9 quatre fois face \u00e0 Kylian Mbapp\u00e9. Il s\u2019est montr\u00e9 coupable de plusieurs sorties hasardeuses notamment sur la tentative de lob de Vinicius et juste avant la mi-temps (45e+2) o\u00f9 il s\u2019est retrouv\u00e9 en face-\u00e0-face contre le Br\u00e9silien&#8230; dans le rond central.<\/p>\n","protected":false},"excerpt":{"rendered":"Les Merengue ont domin\u00e9 les Grecs (3-4) ce mercredi, lors de la 5e journ\u00e9e de Ligue des champions.&hellip;\n","protected":false},"author":2,"featured_media":561265,"comment_status":"","ping_status":"","sticky":false,"template":"","format":"standard","meta":{"footnotes":""},"categories":[9],"tags":[1011,27,6477,24555,4790,60,26197],"class_list":{"0":"post-561264","1":"post","2":"type-post","3":"status-publish","4":"format-standard","5":"has-post-thumbnail","7":"category-sports","8":"tag-fr","9":"tag-france","10":"tag-kylian-mbappe","11":"tag-olympiakos","12":"tag-real-madrid","13":"tag-sports","14":"tag-vinicius-jr"},"share_on_mastodon":{"url":"https:\/\/pubeurope.com\/@fr\/115619208048663180","error":""},"_links":{"self":[{"href":"https:\/\/www.europesays.com\/fr\/wp-json\/wp\/v2\/posts\/561264","targetHints":{"allow":["GET"]}}],"collection":[{"href":"https:\/\/www.europesays.com\/fr\/wp-json\/wp\/v2\/posts"}],"about":[{"href":"https:\/\/www.europesays.com\/fr\/wp-json\/wp\/v2\/types\/post"}],"author":[{"embeddable":true,"href":"https:\/\/www.europesays.com\/fr\/wp-json\/wp\/v2\/users\/2"}],"replies":[{"embeddable":true,"href":"https:\/\/www.europesays.com\/fr\/wp-json\/wp\/v2\/comments?post=561264"}],"version-history":[{"count":0,"href":"https:\/\/www.europesays.com\/fr\/wp-json\/wp\/v2\/posts\/561264\/revisions"}],"wp:featuredmedia":[{"embeddable":true,"href":"https:\/\/www.europesays.com\/fr\/wp-json\/wp\/v2\/media\/561265"}],"wp:attachment":[{"href":"https:\/\/www.europesays.com\/fr\/wp-json\/wp\/v2\/media?parent=561264"}],"wp:term":[{"taxonomy":"category","embeddable":true,"href":"https:\/\/www.europesays.com\/fr\/wp-json\/wp\/v2\/categories?post=561264"},{"taxonomy":"post_tag","embeddable":true,"href":"https:\/\/www.europesays.com\/fr\/wp-json\/wp\/v2\/tags?post=561264"}],"curies":[{"name":"wp","href":"https:\/\/api.w.org\/{rel}","templated":true}]}}