{"id":561266,"date":"2025-11-27T02:04:19","date_gmt":"2025-11-27T02:04:19","guid":{"rendered":"https:\/\/www.europesays.com\/fr\/561266\/"},"modified":"2025-11-27T02:04:19","modified_gmt":"2025-11-27T02:04:19","slug":"la-saison-5-de-stranger-things-sort-cette-nuit-a-un-horaire-atroce-pour-la-france","status":"publish","type":"post","link":"https:\/\/www.europesays.com\/fr\/561266\/","title":{"rendered":"La saison 5 de Stranger Things sort cette nuit \u00e0 un horaire atroce pour la France"},"content":{"rendered":"<p>Bonne nouvelle : la sortie de la saison 5 de Stranger Things est imminente. Mauvaises nouvelles : cela va se faire en plusieurs fois, et en plus \u00e0 des horaires atroces.<\/p>\n<p>C\u2019est la derni\u00e8re ligne droite pour les fans de Stranger Things : la <a href=\"https:\/\/www.numerama.com\/pop-culture\/1839524-stranger-things-quand-sort-la-saison-5-de-la-serie-netflix.html\" target=\"_blank\" rel=\"noopener\">saison 5 fera ses d\u00e9buts<\/a> dans la nuit du 25 au 26 novembre 2025 sur Netflix \u2014 de quoi ravir aussi celles et ceux qui aiment <a href=\"https:\/\/www.numerama.com\/pop-culture\/1834190-voici-les-meilleures-series-dhorreur-a-voir-sur-netflix.html\" target=\"_blank\" rel=\"noopener\">frissonner en regardant des s\u00e9ries horrifiques<\/a>. Et justement, certains spectateurs risquent fort d\u2019avoir des r\u00eaves agit\u00e9s, vu l\u2019horaire de diffusion des premiers \u00e9pisodes !<\/p>\n<p>En effet, la <a href=\"https:\/\/www.numerama.com\/pop-culture\/2123417-stranger-things-saison-5-voici-les-12-scenes-cultes-de-la-serie-netflix-a-revoir-absolument.html\" target=\"_blank\" rel=\"noopener\">cinqui\u00e8me et derni\u00e8re saison de Stranger Things<\/a> fera ses d\u00e9buts \u00e0 un horaire franchement peu commode pour la France m\u00e9tropolitaine. Le 31 mai 2025, \u00e0 l\u2019occasion de son \u00e9v\u00e8nement Tudum, Netflix avait en effet pr\u00e9sent\u00e9 un calendrier de sortie pas tr\u00e8s pratique. En clair, pr\u00e9voyez de faire une nuit blanche si vous binge-watcher sans attendre.<\/p>\n<p>    Pour aller plus loin<\/p>\n<p>                <img decoding=\"async\" width=\"87\" height=\"87\" loading=\"lazy\" alt=\"Stranger Things. \/\/ Source : Netflix\" title=\"Stranger Things. \/\/ Source : Netflix\" class=\"placeholder-default wp-image\" src=\"https:\/\/www.europesays.com\/fr\/wp-content\/uploads\/2025\/11\/stranger-things-200x200.jpg\" \/>            <\/p>\n<p>Quand et \u00e0 quelle heure sort la saison 5 de Stranger Things<\/p>\n<p>Voil\u00e0 le programme : notez que cette ultime saison sera propos\u00e9e en trois temps, avec quelques semaines d\u2019\u00e9cart \u00e0 chaque fois.<\/p>\n<p><strong>Horaire am\u00e9ricain<\/strong><\/p>\n<ul class=\"wp-block-list\">\n<li>le volume 1 (4 \u00e9pisodes) arrivera en streaming le 26 novembre ;<\/li>\n<li>le volume 2 (3 \u00e9pisodes) sortira \u00e0 No\u00ebl (le 25 d\u00e9cembre) ;<\/li>\n<li>le final cl\u00f4turera l\u2019aventure au r\u00e9veillon de la Saint-Sylvestre (le 31 d\u00e9cembre).<\/li>\n<\/ul>\n<p><strong>Horaire fran\u00e7ais<\/strong><\/p>\n<ul class=\"wp-block-list\">\n<li>Volume 1 : le 27 novembre 2025 \u00e0 2h du matin ;<\/li>\n<li>Volume 2 : le 26 d\u00e9cembre 2025 \u00e0 2h du matin ;<\/li>\n<li>Le final : le 1\u1d49 janvier 2026 \u00e0 2h du matin.<\/li>\n<\/ul>\n<p>    Pour aller plus loin<\/p>\n<p>                <img decoding=\"async\" width=\"87\" height=\"87\" loading=\"lazy\" alt=\"Vecna dans Stranger Things \/\/ Source : Netflix\" title=\"Vecna dans Stranger Things \/\/ Source : Netflix\" class=\"placeholder-default wp-image\" src=\"https:\/\/www.europesays.com\/fr\/wp-content\/uploads\/2025\/11\/kzbzgt7atgugckpnepuatc-120x120.jpg\" \/>            <\/p>\n<p><a href=\"https:\/\/www.numerama.com\/wp-content\/uploads\/2025\/10\/strangerthings-s5-0201-r.jpg\" target=\"_blank\" rel=\"noopener\"><img decoding=\"async\" width=\"1024\" height=\"576\" loading=\"lazy\" alt=\"Will et Vecna dans la saison 5 de Stranger Things \/\/ Source : Netflix\" title=\"Will et Vecna dans la saison 5 de Stranger Things \/\/ Source : Netflix\" class=\"wp-image-2106191 placeholder-default wp-image\" src=\"https:\/\/www.europesays.com\/fr\/wp-content\/uploads\/2025\/11\/strangerthings-s5-0201-r-1024x576.jpg\" \/><\/a>Bonne ambiance.\/\/ Source : Netflix<\/p>\n<p>Pourquoi un horaire si tardif en France pour Stranger Things saison 5 ?<\/p>\n<p>C\u2019est la faute au d\u00e9calage horaire. Netflix a fait le choix de pr\u00e9voir une sortie mondiale \u00e0 partir de 17 heures, mais en structurant son calendrier de sortie sur un horaire am\u00e9ricain (l\u2019heure du Pacifique). Du coup, pour l\u2019Hexagone, cela a pour effet de placer les dates et les horaires en pleine nuit. C\u2019est <a href=\"https:\/\/x.com\/NetflixFR\/status\/1929100609627521040\" target=\"_blank\">ce qu\u2019a pr\u00e9cis\u00e9<\/a> Netflix sur X.<\/p>\n<p>En parall\u00e8le de ce planning, Netflix avait diffus\u00e9 <a href=\"https:\/\/www.numerama.com\/pop-culture\/1981995-stranger-things-saison-5-avez-vous-vu-ce-clin-doeil-cache-a-la-saison-1-dans-le-teaser.html\" target=\"_blank\" rel=\"noopener\">une bande-annonce tr\u00e8s intense<\/a>. Il y n\u2019a d\u00e9sormais plus qu\u2019\u00e0 patienter encore un petit peu, c\u2019est la toute derni\u00e8re ligne droite. La patience est forc\u00e9ment grande, car cela fait trois ans depuis la saison 4 qu\u2019ils attendent de revoir Eleven, Mike, Jim, Joyce et tous les autres.<\/p>\n<\/p>\n<p>            Ce contenu est bloqu\u00e9 car vous n\u2019avez pas accept\u00e9 les cookies et autres traceurs. Ce contenu est fourni par YouTube.<br \/>Pour pouvoir le visualiser, vous devez accepter l\u2019usage \u00e9tant op\u00e9r\u00e9 par YouTube avec vos donn\u00e9es qui pourront \u00eatre utilis\u00e9es pour les finalit\u00e9s suivantes : vous permettre de visualiser et de partager des contenus avec des m\u00e9dias sociaux, favoriser le d\u00e9veloppement et l\u2019am\u00e9lioration des produits d\u2019Humanoid et de ses partenaires, vous afficher des publicit\u00e9s personnalis\u00e9es par rapport \u00e0 votre profil et activit\u00e9, vous d\u00e9finir un profil publicitaire personnalis\u00e9, mesurer la performance des publicit\u00e9s et du contenu de ce site et mesurer l\u2019audience de ce site <a href=\"#\" class=\"js-privacy\" target=\"_blank\">(en savoir plus)<\/a>        <\/p>\n<p>            En cliquant sur \u00ab J\u2019accepte tout \u00bb, vous consentez aux finalit\u00e9s susmentionn\u00e9es pour l\u2019ensemble des cookies et autres traceurs d\u00e9pos\u00e9s par Humanoid et <a class=\"embed-consent-overlay-vendors-link\" href=\"#preferences-vendeurs\">ses partenaires<\/a>.        <\/p>\n<p>            Vous gardez la possibilit\u00e9 de retirer votre consentement \u00e0 tout moment. Pour plus d\u2019informations, nous vous invitons \u00e0 prendre connaissance de notre <a href=\"https:\/\/www.numerama.com\/politique-cookies\" target=\"_blank\" rel=\"noopener\">Politique cookies<\/a>.        <\/p>\n<p>        J\u2019accepte tout    <\/p>\n<p class=\"embed-consent-overlay-manage-choices\">        <a href=\"#preferences-publicitaires\">G\u00e9rer mes choix<\/a>    <\/p>\n<p>    Pour aller plus loin<\/p>\n<p>                <img decoding=\"async\" width=\"87\" height=\"87\" loading=\"lazy\" alt=\"RIP Eddie \/\/ Source : Netflix\" title=\"RIP Eddie \/\/ Source : Netflix\" class=\"placeholder-default wp-image\" src=\"https:\/\/www.europesays.com\/fr\/wp-content\/uploads\/2025\/11\/36285ffb500c88bab67f6aa75e2ec620-200x200.jpg\" \/>            <\/p>\n<p>                        <a href=\"https:\/\/www.numerama.com\/series-tv\/stranger-things\/\" class=\"is-block\" target=\"_blank\" rel=\"noopener\"><br \/>\n                            <img decoding=\"async\" width=\"350\" height=\"210\" loading=\"lazy\" alt=\"Stranger Things saison 3 \/\/ Source : Saison 3\" title=\"Stranger Things saison 3 \/\/ Source : Saison 3\" class=\"is-block is-radiused placeholder-default wp-image\" src=\"https:\/\/www.europesays.com\/fr\/wp-content\/uploads\/2025\/11\/1764209057_55_aaaabvq3r-rd5ggw7smogic0athohcyr_on1n19ndrshumxxln9zaods8c51tbtpn_s0anr2qrn9s4qavcnyrhn2d8megphy-680.jpeg\" \/>                        <\/a><\/p>\n<p>            <img decoding=\"async\" src=\"https:\/\/www.europesays.com\/fr\/wp-content\/uploads\/2025\/04\/iPhone-16-pro.png\" alt=\"Toute l'actu tech en un clien d'oeil\"\/><\/p>\n<p class=\"card-install-pwa__title\">Toute l&rsquo;actu tech en un clin d&rsquo;\u0153il<\/p>\n<p class=\"card-install-pwa__description\">Ajoutez Numerama \u00e0 votre \u00e9cran d&rsquo;accueil et restez connect\u00e9s au futur !<\/p>\n<p>            <img decoding=\"async\" src=\"https:\/\/www.numerama.com\/wp-content\/themes\/numerama-next\/assets\/images\/premium\/logo-card-pwa-coupe.svg\" alt=\"Logo PWA\"\/><\/p>\n<p>       Installer Numerama<\/p>\n<p class=\"title\">\n            Les derni\u00e8res actualit\u00e9s sur             <a href=\"https:\/\/www.numerama.com\/tag\/netflix\/\" target=\"_blank\" rel=\"noopener\"><br \/>\n                Netflix            <\/a>\n        <\/p>\n","protected":false},"excerpt":{"rendered":"Bonne nouvelle : la sortie de la saison 5 de Stranger Things est imminente. Mauvaises nouvelles : cela&hellip;\n","protected":false},"author":2,"featured_media":143683,"comment_status":"","ping_status":"","sticky":false,"template":"","format":"standard","meta":{"footnotes":""},"categories":[8],"tags":[58,59,1011,27,127,19536,7259],"class_list":{"0":"post-561266","1":"post","2":"type-post","3":"status-publish","4":"format-standard","5":"has-post-thumbnail","7":"category-divertissement","8":"tag-divertissement","9":"tag-entertainment","10":"tag-fr","11":"tag-france","12":"tag-netflix","13":"tag-stranger-things","14":"tag-vie-du-streaming"},"share_on_mastodon":{"url":"https:\/\/pubeurope.com\/@fr\/115619214108453984","error":""},"_links":{"self":[{"href":"https:\/\/www.europesays.com\/fr\/wp-json\/wp\/v2\/posts\/561266","targetHints":{"allow":["GET"]}}],"collection":[{"href":"https:\/\/www.europesays.com\/fr\/wp-json\/wp\/v2\/posts"}],"about":[{"href":"https:\/\/www.europesays.com\/fr\/wp-json\/wp\/v2\/types\/post"}],"author":[{"embeddable":true,"href":"https:\/\/www.europesays.com\/fr\/wp-json\/wp\/v2\/users\/2"}],"replies":[{"embeddable":true,"href":"https:\/\/www.europesays.com\/fr\/wp-json\/wp\/v2\/comments?post=561266"}],"version-history":[{"count":0,"href":"https:\/\/www.europesays.com\/fr\/wp-json\/wp\/v2\/posts\/561266\/revisions"}],"wp:featuredmedia":[{"embeddable":true,"href":"https:\/\/www.europesays.com\/fr\/wp-json\/wp\/v2\/media\/143683"}],"wp:attachment":[{"href":"https:\/\/www.europesays.com\/fr\/wp-json\/wp\/v2\/media?parent=561266"}],"wp:term":[{"taxonomy":"category","embeddable":true,"href":"https:\/\/www.europesays.com\/fr\/wp-json\/wp\/v2\/categories?post=561266"},{"taxonomy":"post_tag","embeddable":true,"href":"https:\/\/www.europesays.com\/fr\/wp-json\/wp\/v2\/tags?post=561266"}],"curies":[{"name":"wp","href":"https:\/\/api.w.org\/{rel}","templated":true}]}}