{"id":561269,"date":"2025-11-27T02:07:11","date_gmt":"2025-11-27T02:07:11","guid":{"rendered":"https:\/\/www.europesays.com\/fr\/561269\/"},"modified":"2025-11-27T02:07:11","modified_gmt":"2025-11-27T02:07:11","slug":"on-a-rate-notre-lobbying-la-gueule-de-bois-dengie-apres-la-perte-du-reseau-de-chaleur-de-paris-les-echos","status":"publish","type":"post","link":"https:\/\/www.europesays.com\/fr\/561269\/","title":{"rendered":"\u00ab On a rat\u00e9 notre lobbying \u00bb : la gueule de bois d&#039;Engie apr\u00e8s la perte du r\u00e9seau de chaleur de Paris &#8211; Les Echos"},"content":{"rendered":"<ol>\n<li><a href=\"https:\/\/news.google.com\/rss\/articles\/CBMi-wFBVV95cUxQcWFFRzMtbjYtZHNKUlZKOEVjXzdaRGZNNmxLV0dtSFMwY1RhTzMwNV9qZTNmTk5lMF9ycnFScHJEODFGNXhVZ0VRQ3hhRjh4aVhGZEpLQmVtOGJIWmU0ZWdLRzE5ZlVyVXlnV1VydTB6VkNSa1lQQ0wwYklNVjZ2STNoRGs4Z1BJd3N3cnp3NnRWUzdQR3BSV2pxbTFxS2ZQZG5FYUptekxsWW1wUngyWWJ0TlZIMVh0Z1cyU0pFNmJvRVlhQzVsSU9zWHBOdFRDMTFKRUV2ZGpadVI3TFhWR1BPRTRlX3F5dXNVeGtIN1JvUS01VjF4a256VQ?oc=5\" target=\"_blank\" rel=\"noopener\">\u00ab On a rat\u00e9 notre lobbying \u00bb : la gueule de bois d&rsquo;Engie apr\u00e8s la perte du r\u00e9seau de chaleur de Paris<\/a>&nbsp;&nbsp;Les Echos<\/li>\n<li><a href=\"https:\/\/news.google.com\/rss\/articles\/CBMixwFBVV95cUxPVzF3UGVjQm12QlZGVWozREowcHNwTnBUMnU2ZERYTlBGSmRXUjBPUlhLdGdYMVlHTGJkQ0otY0VBQkd2azhYQi1CWHhBV0gzTXBZOUp0ak0tN3llT3FXanJwZGxURkNJRTR6eHNtdkhjbElNeGU0ZjZ2V2RkQm1yZFV1QXZwaW95TDIwdUxyWnlTYUZEa2lWazNEUjQ3dkRSMl9BckhxRmpKWkIyRGlHemxkc05NLTdHM2ozQ0cxUENvcG1FOFQ0?oc=5\" target=\"_blank\" rel=\"noopener\">Coup de tonnerre \u00e0 Paris : Engie perd le m\u00e9ga contrat \u00e0 15 milliards du chauffage urbain<\/a>&nbsp;&nbsp;Le Figaro<\/li>\n<li><a href=\"https:\/\/news.google.com\/rss\/articles\/CBMimgJBVV95cUxQMmNwM19IRDJBeTN1SnJpVTZEcXlNLUdjai1jcnB2NlluTkNiTTB0Q1VRYUM3QVhncl9yWWlBbU9lUGxjTWluU2EwMFFIUHR0MDlXWGFnZFF3amxocDZOOTBadUNkWVBZZ2g1SUkyV3NrTC1Fc1VmQkw5TUZscFAxVnZQQmVUQ2ZvM3JhaXR5OEQ4VEpWSmRGRTdDcElnUUhBeEpvZE5QcVNqTTY0SDNTSXNlSndzS0RTLWJKNUZxbHhUOGpVQkltTk1rSFczRlZ5V1hVNkpPUEMzbmpVeXg0VmVJRjZHaEhZVkd6WVRFSXVmbVhlNlZZUkhpWDk3akpjSG1kekdmWTF0bndWOGVpUFJrblN1QkR0VUE?oc=5\" target=\"_blank\" rel=\"noopener\">\u00ab Les prix vont baisser d\u00e8s 2027 \u00bb, la Ville de Paris choisit Dalkia pour son contrat de chauffage urbain \u00e0 15 milliards<\/a>&nbsp;&nbsp;Le Parisien<\/li>\n<li><a href=\"https:\/\/news.google.com\/rss\/articles\/CBMikgJBVV95cUxPOVNfc3dLN25ub3U0NGNTQUM5Zl9uaGZ0b0I5TmYwMTYxNlQzcnRVZU1YN2s1MWtMb1pocWt6N2JOZ3p6SmJjUEVGTnRoSjAxUXJHRDFEQnRENGVmYUx4VkhSQ1FYOXB6TzFRUThNYVVQSThZdUNQSEFwaEx3OXNzSmRoeElpRzJJR1RsRzhuXzZOUldXVHF5SWI4NEVCbnBOY3NZQlNOMkd0OU10R1FiVHhQZzRKeTl3S3lGelVxS3VpTU43dE5BeU10T0owYmdDVEVvTW9CVy1NeHdqeHpPMEtEeTJOdUxlaG5hOTFPQjYtelVMZVMwOXY1MGs3WFBhRGN6c2c0ZmhBTFNUTUVKSmxn?oc=5\" target=\"_blank\" rel=\"noopener\">R\u00e9seau de chaleur : la ville de Paris choisit l\u2019offre de Dalkia, un march\u00e9 colossal de 15 milliards d\u2019euros<\/a>&nbsp;&nbsp;Ouest-France<\/li>\n<li><a href=\"https:\/\/news.google.com\/rss\/articles\/CBMi7AFBVV95cUxQSE5iYmRRMURVQlRKRm14dnMtVXB4XzlDMkNrbk0xVUM0MTFfY0dWRmg0WDIyNHIxZE5PcjZEQjFQM1hwbm1SWGl4cHpsU1FOQjBZUXMzUTd0YmJKanJvV2d4YVp2dnRXa2YwbS1nUGFUWGVyOGZUUnQwOE1xVTBkZUZjeFZUZ0k4RE9PRWJEcFJEcnZWS3l6SmZCeU5WUl9vOTJGQkxSbTdDQmdZWGhXVThZbzJqYnRFSmNteG41OTBrcFM0MmhEM3NiZzlvTjRGMmdSVlA4aVJUSXlDSWNEeDVQZ3dYdWZ6NV81Zw?oc=5\" target=\"_blank\" rel=\"noopener\">March\u00e9 du chauffage \u00e0 Paris : pourquoi la facture pourrait baisser pour pr\u00e8s d&rsquo;un million de personnes<\/a>&nbsp;&nbsp;Actu.fr<\/li>\n<\/ol>\n","protected":false},"excerpt":{"rendered":"\u00ab On a rat\u00e9 notre lobbying \u00bb : la gueule de bois d&rsquo;Engie apr\u00e8s la perte du r\u00e9seau&hellip;\n","protected":false},"author":2,"featured_media":395849,"comment_status":"","ping_status":"","sticky":false,"template":"","format":"standard","meta":{"footnotes":""},"categories":[6],"tags":[35,33,34,1011,27],"class_list":{"0":"post-561269","1":"post","2":"type-post","3":"status-publish","4":"format-standard","5":"has-post-thumbnail","7":"category-economie","8":"tag-business","9":"tag-economie","10":"tag-economy","11":"tag-fr","12":"tag-france"},"share_on_mastodon":{"url":"https:\/\/pubeurope.com\/@fr\/115619223521589742","error":""},"_links":{"self":[{"href":"https:\/\/www.europesays.com\/fr\/wp-json\/wp\/v2\/posts\/561269","targetHints":{"allow":["GET"]}}],"collection":[{"href":"https:\/\/www.europesays.com\/fr\/wp-json\/wp\/v2\/posts"}],"about":[{"href":"https:\/\/www.europesays.com\/fr\/wp-json\/wp\/v2\/types\/post"}],"author":[{"embeddable":true,"href":"https:\/\/www.europesays.com\/fr\/wp-json\/wp\/v2\/users\/2"}],"replies":[{"embeddable":true,"href":"https:\/\/www.europesays.com\/fr\/wp-json\/wp\/v2\/comments?post=561269"}],"version-history":[{"count":0,"href":"https:\/\/www.europesays.com\/fr\/wp-json\/wp\/v2\/posts\/561269\/revisions"}],"wp:featuredmedia":[{"embeddable":true,"href":"https:\/\/www.europesays.com\/fr\/wp-json\/wp\/v2\/media\/395849"}],"wp:attachment":[{"href":"https:\/\/www.europesays.com\/fr\/wp-json\/wp\/v2\/media?parent=561269"}],"wp:term":[{"taxonomy":"category","embeddable":true,"href":"https:\/\/www.europesays.com\/fr\/wp-json\/wp\/v2\/categories?post=561269"},{"taxonomy":"post_tag","embeddable":true,"href":"https:\/\/www.europesays.com\/fr\/wp-json\/wp\/v2\/tags?post=561269"}],"curies":[{"name":"wp","href":"https:\/\/api.w.org\/{rel}","templated":true}]}}