{"id":561270,"date":"2025-11-27T02:08:11","date_gmt":"2025-11-27T02:08:11","guid":{"rendered":"https:\/\/www.europesays.com\/fr\/561270\/"},"modified":"2025-11-27T02:08:11","modified_gmt":"2025-11-27T02:08:11","slug":"le-hamas-demande-a-pouvoir-evacuer-ses-combattants-des-tunnels","status":"publish","type":"post","link":"https:\/\/www.europesays.com\/fr\/561270\/","title":{"rendered":"le Hamas demande \u00e0 pouvoir \u00e9vacuer ses combattants des tunnels"},"content":{"rendered":"<p>\n    C\u2019est la premi\u00e8re fois que le groupe islamiste reconna\u00eet publiquement que certains de ses combattants se sont retrouv\u00e9s bloqu\u00e9s dans des r\u00e9seaux souterrains.<\/p>\n<p class=\"fig-paragraph\">Le mouvement islamiste palestinien\u00a0<a href=\"https:\/\/www.lefigaro.fr\/tag\/hamas\" target=\"_blank\" rel=\"sponsored noopener\" data-gtm-custom-categorie=\"navigation\" data-gtm-custom-action=\"crossclick\" data-gtm-custom-label=\"Contextuel\" data-gtm-event=\"customEventSPE\">Hamas<\/a>\u00a0a appel\u00e9 mercredi les pays m\u00e9diateurs \u00e0 faire pression sur Isra\u00ebl pour permettre \u00e0 des dizaines de ses combattants de quitter les tunnels o\u00f9 ils sont bloqu\u00e9s dans la bande de Gaza.<\/p>\n<p class=\"fig-paragraph\">Cette demande a \u00e9t\u00e9 faite apr\u00e8s que les militaires isra\u00e9liens ont d\u00e9clar\u00e9 avoir tu\u00e9 la semaine derni\u00e8re plus d&rsquo;une vingtaine de membres du Hamas \u00abqui tentaient de fuir les infrastructures souterraines de terreur dans la zone\u00bb, et en avoir arr\u00eat\u00e9 huit.<\/p>\n<p>                                    <a class=\"fig-a11y-skip a11y-hidden\" href=\"#fig-a11y-skip-main-inarticle\"><br \/>\n        Passer la publicit\u00e9<br \/>\n    <\/a><\/p>\n<p class=\"fig-paragraph\">\u00abNous tenons (Isra\u00ebl) pour pleinement responsable des vies de nos combattants, et nous appelons les m\u00e9diateurs \u00e0 agir imm\u00e9diatement pour faire pression et obtenir que nos fils puissent rentrer chez eux\u00bb, a d\u00e9clar\u00e9 le Hamas dans un communiqu\u00e9.<\/p>\n<p>Le Hamas reconna\u00eet l\u2019existence de tunnels<\/p>\n<p class=\"fig-paragraph\">C&rsquo;est la premi\u00e8re fois que le groupe islamiste reconna\u00eet publiquement que certains de ses combattants se sont retrouv\u00e9s bloqu\u00e9s dans des tunnels.<\/p>\n<p class=\"fig-paragraph\">Des m\u00e9dias isra\u00e9liens ont fait \u00e9tat depuis plusieurs semaines de 100 \u00e0 200 membres du Hamas bloqu\u00e9s dans le r\u00e9seau se trouvant sous la ville de Rafah, dans une zone de la bande de Gaza qui se trouve sous le contr\u00f4le des militaires isra\u00e9liens.<\/p>\n<p class=\"fig-paragraph\">Selon l&rsquo;un accord de cessez-le-feu obtenu par les \u00c9tats-Unis et entr\u00e9 en vigueur le 10 octobre, l&rsquo;arm\u00e9e isra\u00e9lienne doit se retirer de la partie c\u00f4ti\u00e8re du territoire palestinien, au-del\u00e0 d&rsquo;une \u00abligne jaune\u00bb d\u00e9limitant la zone sous contr\u00f4le isra\u00e9lien.<\/p>\n<p class=\"fig-body-link\">\n            \u00c0 lire aussi<br \/>\n        <a class=\"fig-body-link__link fig-premium-mark\" href=\"http:\/\/www.lefigaro.fr\/international\/le-hamas-ses-tunnels-et-le-trafic-d-armes-la-realite-derriere-le-plan-de-paix-20251122\" target=\"_blank\" data-fig-type=\"Article\" rel=\"noopener\" data-gtm-custom-categorie=\"navigation\" data-gtm-custom-action=\"crossclick\" data-gtm-custom-label=\"Contextuel\" data-gtm-event=\"customEventSPE\" data-fig-domain=\"LEFIGARO\"><\/p>\n<p>        Le Hamas, ses tunnels et le trafic d\u2019armes\u00a0: la r\u00e9alit\u00e9 derri\u00e8re le plan de paix<br \/>\n    <\/a>\n<\/p>\n<p>\u00ab200 combattants qui sont bloqu\u00e9s \u00e0 Rafah\u00bb<\/p>\n<p class=\"fig-paragraph\">L&rsquo;envoy\u00e9 sp\u00e9cial am\u00e9ricain Steve Witkoff a fait allusion en novembre, lors d&rsquo;une conf\u00e9rence d&rsquo;affaires \u00e0 Miami, aux \u00ab200 combattants qui sont bloqu\u00e9s \u00e0 Rafah\u00bb, et a estim\u00e9 que leur reddition pourrait \u00eatre un \u00abtest\u00bb pour la mise en \u0153uvre du cessez-le-feu par Isra\u00ebl et le Hamas.<\/p>\n<p>                                    <a class=\"fig-a11y-skip a11y-hidden\" href=\"#fig-a11y-skip-main-inarticle_mtf\"><br \/>\n        Passer la publicit\u00e9<br \/>\n    <\/a><\/p>\n<p class=\"fig-paragraph\">Isra\u00ebl ne semble cependant pas dispos\u00e9 \u00e0 un compromis permettant leur sortie en s\u00e9curit\u00e9 des tunnels. Un porte-parole du gouvernement isra\u00e9lien a d\u00e9clar\u00e9 en novembre \u00e0 l&rsquo;AFP que le premier ministre Benyamin Netanyahou \u00abn&rsquo;autorisait pas le passage en s\u00e9curit\u00e9 de 200 terroristes du Hamas\u00bb, et qu&rsquo;il restait \u00abferme dans son intention de d\u00e9manteler les capacit\u00e9s militaires du Hamas et de d\u00e9militariser la bande de Gaza\u00bb.<\/p>\n<p class=\"fig-paragraph\">Dans son communiqu\u00e9 mercredi, le Hamas a accus\u00e9 Isra\u00ebl de violer les conditions du cessez-le-feu par \u00abla recherche, la liquidation et l&rsquo;arrestation des combattants de la r\u00e9sistance assi\u00e9g\u00e9s dans les tunnels de Rafah\u00bb.<\/p>\n","protected":false},"excerpt":{"rendered":"C\u2019est la premi\u00e8re fois que le groupe islamiste reconna\u00eet publiquement que certains de ses combattants se sont retrouv\u00e9s&hellip;\n","protected":false},"author":2,"featured_media":561271,"comment_status":"","ping_status":"","sticky":false,"template":"","format":"standard","meta":{"footnotes":""},"categories":[5],"tags":[11,3259,1011,27,665,3519,14,12,28],"class_list":{"0":"post-561270","1":"post","2":"type-post","3":"status-publish","4":"format-standard","5":"has-post-thumbnail","7":"category-international","8":"tag-actualites","9":"tag-conflit-israelo-palestinien","10":"tag-fr","11":"tag-france","12":"tag-gaza","13":"tag-hamas","14":"tag-international","15":"tag-news","16":"tag-world"},"share_on_mastodon":{"url":"","error":""},"_links":{"self":[{"href":"https:\/\/www.europesays.com\/fr\/wp-json\/wp\/v2\/posts\/561270","targetHints":{"allow":["GET"]}}],"collection":[{"href":"https:\/\/www.europesays.com\/fr\/wp-json\/wp\/v2\/posts"}],"about":[{"href":"https:\/\/www.europesays.com\/fr\/wp-json\/wp\/v2\/types\/post"}],"author":[{"embeddable":true,"href":"https:\/\/www.europesays.com\/fr\/wp-json\/wp\/v2\/users\/2"}],"replies":[{"embeddable":true,"href":"https:\/\/www.europesays.com\/fr\/wp-json\/wp\/v2\/comments?post=561270"}],"version-history":[{"count":0,"href":"https:\/\/www.europesays.com\/fr\/wp-json\/wp\/v2\/posts\/561270\/revisions"}],"wp:featuredmedia":[{"embeddable":true,"href":"https:\/\/www.europesays.com\/fr\/wp-json\/wp\/v2\/media\/561271"}],"wp:attachment":[{"href":"https:\/\/www.europesays.com\/fr\/wp-json\/wp\/v2\/media?parent=561270"}],"wp:term":[{"taxonomy":"category","embeddable":true,"href":"https:\/\/www.europesays.com\/fr\/wp-json\/wp\/v2\/categories?post=561270"},{"taxonomy":"post_tag","embeddable":true,"href":"https:\/\/www.europesays.com\/fr\/wp-json\/wp\/v2\/tags?post=561270"}],"curies":[{"name":"wp","href":"https:\/\/api.w.org\/{rel}","templated":true}]}}