{"id":561274,"date":"2025-11-27T02:10:21","date_gmt":"2025-11-27T02:10:21","guid":{"rendered":"https:\/\/www.europesays.com\/fr\/561274\/"},"modified":"2025-11-27T02:10:21","modified_gmt":"2025-11-27T02:10:21","slug":"cest-une-guimauve-jordan-bardella-ne-fait-pas-peur-aux-macronistes","status":"publish","type":"post","link":"https:\/\/www.europesays.com\/fr\/561274\/","title":{"rendered":"\u00ab\u00a0C\u2019est une guimauve\u00a0\u00bb\u00a0: Jordan Bardella ne fait pas peur aux macronistes"},"content":{"rendered":"<p class=\"paragraph text_align_left lp-f-body-02\">Dans sa carri\u00e8re, l\u2019ex-ministre Patrick Mignola a vu d\u00e9filer pl\u00e9thore d\u2019ultra-favoris pour l\u2019\u00c9lys\u00e9e. \u00c9douard Balladur en 1995, Lionel Jospin en 2002, Dominique Strauss-Kahn en 2012, Alain Jupp\u00e9 cinq ans plus tard\u2026 Autant de chouchous des sondages qui ont explos\u00e9 en plein vol. Selon ce tr\u00e8s proche de Fran\u00e7ois Bayrou, le nom de <a href=\"https:\/\/www.leparisien.fr\/politique\/jordan-bardella\/\" target=\"_blank\" rel=\"noreferrer noopener\">Jordan Bardella<\/a> compl\u00e9tera bient\u00f4t la liste.<\/p>\n<p class=\"paragraph text_align_left lp-f-body-02\">Donn\u00e9 largement en t\u00eate au soir du premier tour (autour de 35 %) puis gagnant dans tous les cas de figure au second, selon <a href=\"https:\/\/www.odoxa.fr\/sondage\/jordan-bardella-est-la-personnalite-politique-preferee-des-francais-et-remporterait-la-presidentielle-si-elle-avait-lieu-dimanche-prochain\/\" target=\"_blank\" rel=\"noreferrer noopener\">un <\/a><a href=\"https:\/\/www.odoxa.fr\/sondage\/jordan-bardella-est-la-personnalite-politique-preferee-des-francais-et-remporterait-la-presidentielle-si-elle-avait-lieu-dimanche-prochain\/\" target=\"_blank\" rel=\"noreferrer noopener\">sondage Odoxa<\/a>, le pr\u00e9sident du <a href=\"https:\/\/www.leparisien.fr\/politique\/rn\/\" target=\"_blank\" rel=\"noopener\">Rassemblement national<\/a> ne l\u2019effraie toutefois pas. \u00ab Il reste moins dangereux que <a href=\"https:\/\/www.leparisien.fr\/politique\/marine-le-pen\/\" target=\"_blank\" rel=\"noreferrer noopener\">Marine Le Pen<\/a>, la candidate du pouvoir d\u2019achat et du pouvoir des chats, ironise-t-il \u00e0 propos de <a href=\"https:\/\/www.leparisien.fr\/politique\/marine-le-pen-se-rend-a-matignon-pour-rencontrer-sebastien-lecornu-avec-un-bebe-chat-03-10-2025-GL6FJTWMQJA4ND7K24DO5UWYKE.php\" target=\"_blank\" rel=\"noopener\">l\u2019\u00e9leveuse de f\u00e9lins<\/a>. Bardella, c\u2019est le RN \u00e0 l\u2019ancienne. \u00bb<\/p>\n","protected":false},"excerpt":{"rendered":"Dans sa carri\u00e8re, l\u2019ex-ministre Patrick Mignola a vu d\u00e9filer pl\u00e9thore d\u2019ultra-favoris pour l\u2019\u00c9lys\u00e9e. \u00c9douard Balladur en 1995, Lionel&hellip;\n","protected":false},"author":2,"featured_media":561275,"comment_status":"","ping_status":"","sticky":false,"template":"","format":"standard","meta":{"footnotes":""},"categories":[2],"tags":[11,5949,1011,27,12,316,3766],"class_list":{"0":"post-561274","1":"post","2":"type-post","3":"status-publish","4":"format-standard","5":"has-post-thumbnail","7":"category-actualites","8":"tag-actualites","9":"tag-elections","10":"tag-fr","11":"tag-france","12":"tag-news","13":"tag-politique","14":"tag-presidentielle"},"share_on_mastodon":{"url":"https:\/\/pubeurope.com\/@fr\/115619235391236534","error":""},"_links":{"self":[{"href":"https:\/\/www.europesays.com\/fr\/wp-json\/wp\/v2\/posts\/561274","targetHints":{"allow":["GET"]}}],"collection":[{"href":"https:\/\/www.europesays.com\/fr\/wp-json\/wp\/v2\/posts"}],"about":[{"href":"https:\/\/www.europesays.com\/fr\/wp-json\/wp\/v2\/types\/post"}],"author":[{"embeddable":true,"href":"https:\/\/www.europesays.com\/fr\/wp-json\/wp\/v2\/users\/2"}],"replies":[{"embeddable":true,"href":"https:\/\/www.europesays.com\/fr\/wp-json\/wp\/v2\/comments?post=561274"}],"version-history":[{"count":0,"href":"https:\/\/www.europesays.com\/fr\/wp-json\/wp\/v2\/posts\/561274\/revisions"}],"wp:featuredmedia":[{"embeddable":true,"href":"https:\/\/www.europesays.com\/fr\/wp-json\/wp\/v2\/media\/561275"}],"wp:attachment":[{"href":"https:\/\/www.europesays.com\/fr\/wp-json\/wp\/v2\/media?parent=561274"}],"wp:term":[{"taxonomy":"category","embeddable":true,"href":"https:\/\/www.europesays.com\/fr\/wp-json\/wp\/v2\/categories?post=561274"},{"taxonomy":"post_tag","embeddable":true,"href":"https:\/\/www.europesays.com\/fr\/wp-json\/wp\/v2\/tags?post=561274"}],"curies":[{"name":"wp","href":"https:\/\/api.w.org\/{rel}","templated":true}]}}