{"id":561276,"date":"2025-11-27T02:11:17","date_gmt":"2025-11-27T02:11:17","guid":{"rendered":"https:\/\/www.europesays.com\/fr\/561276\/"},"modified":"2025-11-27T02:11:17","modified_gmt":"2025-11-27T02:11:17","slug":"de-gros-moyens-deployes-par-les-pompiers","status":"publish","type":"post","link":"https:\/\/www.europesays.com\/fr\/561276\/","title":{"rendered":"de gros moyens d\u00e9ploy\u00e9s par les pompiers"},"content":{"rendered":"<p>Ce mercredi, \u00e0 9\u00a0h\u00a040, les secours sont intervenus pour un feu d\u2019appartement au quatri\u00e8me et dernier \u00e9tage d\u2019un immeuble d\u2019habitation de la rue du Coin \u00e0 Saint-Etienne.<\/p>\n<p>Il n\u2019y a pas de victime \u00e0 d\u00e9plorer.<\/p>\n<p>L\u2019action rapide des premiers engins a permis aux pompiers de se rendre rapidement maitres du sinistre. De nombreux moyens ont \u00e9t\u00e9 engag\u00e9s pour lever tout doute sur une \u00e9ventuelle propagation du feu \u00e0 d\u2019autres b\u00e2timents.<\/p>\n<p>Trente-trois pompiers engag\u00e9s<\/p>\n<p>La configuration g\u00e9ographique du lieu a rendu cette partie de l\u2019intervention difficile.\u00a0Une unit\u00e9 drone \u00e9tait sur place pour assister les secours.<\/p>\n<p>Au total, 33 pompiers ont \u00e9t\u00e9 engag\u00e9s.<\/p>\n","protected":false},"excerpt":{"rendered":"Ce mercredi, \u00e0 9\u00a0h\u00a040, les secours sont intervenus pour un feu d\u2019appartement au quatri\u00e8me et dernier \u00e9tage d\u2019un&hellip;\n","protected":false},"author":2,"featured_media":561277,"comment_status":"","ping_status":"","sticky":false,"template":"","format":"standard","meta":{"footnotes":""},"categories":[9653],"tags":[1111,11,2430,7539,1777,674,274,1011,27,3367,12,25,4001],"class_list":{"0":"post-561276","1":"post","2":"type-post","3":"status-publish","4":"format-standard","5":"has-post-thumbnail","7":"category-saint-etienne","8":"tag-actu","9":"tag-actualites","10":"tag-auvergne-rhone-alpes","11":"tag-edition-loire-sud","12":"tag-eu","13":"tag-europe","14":"tag-faits-divers-justice","15":"tag-fr","16":"tag-france","17":"tag-loire","18":"tag-news","19":"tag-republique-francaise","20":"tag-saint-etienne"},"share_on_mastodon":{"url":"https:\/\/pubeurope.com\/@fr\/115619239351139409","error":""},"_links":{"self":[{"href":"https:\/\/www.europesays.com\/fr\/wp-json\/wp\/v2\/posts\/561276","targetHints":{"allow":["GET"]}}],"collection":[{"href":"https:\/\/www.europesays.com\/fr\/wp-json\/wp\/v2\/posts"}],"about":[{"href":"https:\/\/www.europesays.com\/fr\/wp-json\/wp\/v2\/types\/post"}],"author":[{"embeddable":true,"href":"https:\/\/www.europesays.com\/fr\/wp-json\/wp\/v2\/users\/2"}],"replies":[{"embeddable":true,"href":"https:\/\/www.europesays.com\/fr\/wp-json\/wp\/v2\/comments?post=561276"}],"version-history":[{"count":0,"href":"https:\/\/www.europesays.com\/fr\/wp-json\/wp\/v2\/posts\/561276\/revisions"}],"wp:featuredmedia":[{"embeddable":true,"href":"https:\/\/www.europesays.com\/fr\/wp-json\/wp\/v2\/media\/561277"}],"wp:attachment":[{"href":"https:\/\/www.europesays.com\/fr\/wp-json\/wp\/v2\/media?parent=561276"}],"wp:term":[{"taxonomy":"category","embeddable":true,"href":"https:\/\/www.europesays.com\/fr\/wp-json\/wp\/v2\/categories?post=561276"},{"taxonomy":"post_tag","embeddable":true,"href":"https:\/\/www.europesays.com\/fr\/wp-json\/wp\/v2\/tags?post=561276"}],"curies":[{"name":"wp","href":"https:\/\/api.w.org\/{rel}","templated":true}]}}