{"id":561284,"date":"2025-11-27T02:17:38","date_gmt":"2025-11-27T02:17:38","guid":{"rendered":"https:\/\/www.europesays.com\/fr\/561284\/"},"modified":"2025-11-27T02:17:38","modified_gmt":"2025-11-27T02:17:38","slug":"sudeole-levenement-incontournable-sur-leolien-offshore-flottant-en-region-sud","status":"publish","type":"post","link":"https:\/\/www.europesays.com\/fr\/561284\/","title":{"rendered":"Sudeole, l\u2019\u00e9v\u00e9nement incontournable sur l\u2019\u00e9olien offshore flottant en r\u00e9gion Sud"},"content":{"rendered":"<p>                    <img loading=\"lazy\" decoding=\"async\" src=\"https:\/\/www.europesays.com\/fr\/wp-content\/uploads\/2025\/11\/2bb2d987332e0502f4f73b5266e833.png\" class=\"img-responsive post-image\" width=\"680\" height=\"510\" alt=\"Sudeole, l'\u00e9v\u00e9nement (\u2026)\" title=\"Sudeole, l'\u00e9v\u00e9nement incontournable sur l'\u00e9olien offshore flottant en r\u00e9gion Sud\"\/><\/p>\n<p class=\"chapo\">Le 1er rendez-vous Sudeole organis\u00e9 par le P\u00f4le Mer M\u00e9diterran\u00e9e, a lieu le 25 novembre au Palais du Pharo.<\/p>\n<p>Cet \u00e9v\u00e9nement in\u00e9dit mettra en lumi\u00e8re l\u2019excellence des entreprises du territoire et d\u00e9voilera tout le potentiel de la fili\u00e8re de l\u2019\u00e9olien offshore flottant en M\u00e9diterran\u00e9e et en particulier en r\u00e9gion Sud, avec un programme pens\u00e9 pour favoriser rencontres, \u00e9changes et nouvelles opportunit\u00e9s.<br class=\"texte\"\/><br \/>\nCet \u00e9v\u00e9nement est n\u00e9 d\u2019une action initi\u00e9e en 2020, afin de structurer la fili\u00e8re de l\u2019\u00e9olien offshore flottant en R\u00e9gion Sud. \u00c0 l\u2019origine, le principe \u00e9tait de faire une cartographie des savoir-faire sur l\u2019ensemble de la cha\u00eene de valeur, pour constituer un \u00e9cosyst\u00e8me d\u2019entreprises qui puissent r\u00e9pondre aux besoins. Ce travail a ensuite permis la cr\u00e9ation d\u2019un annuaire en ligne destin\u00e9 \u00e0 r\u00e9f\u00e9rencer les entreprises disposant de comp\u00e9tences sur la fili\u00e8re.<\/p>\n<p>Au programme <\/p>\n<p><strong>Mardi 25 novembre 2025 \u00e0 9h30<\/strong><\/p>\n<p><strong>Sessions pl\u00e9ni\u00e8res<\/strong> avec les acteurs majeurs de la R\u00e9gion Sud et de la R\u00e9gion Occitanie, pour d\u00e9couvrir la dynamique de l\u2019\u00e9olien en mer sur notre territoire, avec la pr\u00e9sentation des principaux projets et infrastructures, des retours d\u2019exp\u00e9rience de l\u2019\u00e9cosyst\u00e8me.<br class=\"autobr\"\/><br \/>\n<strong>Deux ateliers th\u00e9matiques<\/strong>\u00a0: un pour favoriser l\u2019acculturation avec la fili\u00e8re (d\u00e9couverte des activit\u00e9s et des besoins, soutien \u00e0 la d\u00e9finition d\u2019une strat\u00e9gie de p\u00e9n\u00e9tration du march\u00e9 de l\u2019\u00e9olien en mer) et l\u2019autre pour les connaisseurs de la fili\u00e8re afin de renforcer leur positionnement. <br class=\"autobr\"\/><br \/>\n<strong>Rendez-vous B2B<\/strong> cibl\u00e9s pour cr\u00e9er des synergies, d\u00e9velopper le r\u00e9seau et rencontrer des futurs partenaires.<\/p>\n<p><strong>Temps forts<\/strong><br class=\"autobr\"\/><br \/>\n09h30 \u00e0 10h\u00a0: Discours d\u2019ouverture<\/p>\n<p><strong>En pr\u00e9sence de l\u2019\u00e9quipe du P\u00f4le Mer M\u00e9diterran\u00e9e\u00a0:<\/strong><\/p>\n<p><b>\u2013<\/b>\u00a0Manon Pedroni, directrice adjointe du P\u00f4le Mer M\u00e9diterran\u00e9e<br \/>\n<br \/><b>\u2013<\/b>\u00a0Pierre Sparacia, administrateur du P\u00f4le Mer M\u00e9diterran\u00e9e<\/p>\n<p><strong>Des repr\u00e9sentants des collectivit\u00e9s partenaires\u00a0:<\/strong><\/p>\n<p><b>\u2013<\/b>\u00a0Anne-Claudius Petit, pr\u00e9sidente de la Commission Transition \u00e9nerg\u00e9tique strat\u00e9gique, des d\u00e9chets, qualit\u00e9 de l\u2019air \u00e0 la R\u00e9gion Sud.<\/p>\n<p><b>\u2013<\/b>\u00a0Pascale Pietta, directrice g\u00e9n\u00e9rale d\u00e9l\u00e9gu\u00e9e D\u00e9veloppement \u00c9conomique, Innovation, Attractivit\u00e9, Relations Internationales \u00e0 la M\u00e9tropole Aix-Marseille-Provence.<\/p>\n<p><b>\u2013<\/b>\u00a0S\u00e9bastien Barles, adjoint au maire en charge de la transition \u00e9cologique, de la lutte et de l\u2019adaptation au bouleversement climatique \u00e0 la Ville de Marseille.<\/p>\n<p><strong>Et du partenaire\u00a0:<br class=\"autobr\"\/><br \/>\n<\/strong><\/p>\n<p><b>\u2013<\/b>\u00a0Christine de Jouette, directrice du projet Provence Grand Large<\/p>\n<p><br class=\"autobr\"\/><br \/>\nPalais du Pharo &#8211; B\u00e2timent de la M\u00e9tropole<br class=\"autobr\"\/><br \/>\n58, boulevard Charles Livon &#8211; 13007 Marseille.<br class=\"autobr\"\/><\/p>\n","protected":false},"excerpt":{"rendered":"Le 1er rendez-vous Sudeole organis\u00e9 par le P\u00f4le Mer M\u00e9diterran\u00e9e, a lieu le 25 novembre au Palais du&hellip;\n","protected":false},"author":2,"featured_media":561285,"comment_status":"","ping_status":"","sticky":false,"template":"","format":"standard","meta":{"footnotes":""},"categories":[9619],"tags":[1111,11,2408,1777,674,1011,27,12,882,25,2310],"class_list":{"0":"post-561284","1":"post","2":"type-post","3":"status-publish","4":"format-standard","5":"has-post-thumbnail","7":"category-toulon","8":"tag-actu","9":"tag-actualites","10":"tag-appels-d","11":"tag-eu","12":"tag-europe","13":"tag-fr","14":"tag-france","15":"tag-news","16":"tag-provence-alpes-cote-dazur","17":"tag-republique-francaise","18":"tag-toulon"},"share_on_mastodon":{"url":"https:\/\/pubeurope.com\/@fr\/115619263073718326","error":""},"_links":{"self":[{"href":"https:\/\/www.europesays.com\/fr\/wp-json\/wp\/v2\/posts\/561284","targetHints":{"allow":["GET"]}}],"collection":[{"href":"https:\/\/www.europesays.com\/fr\/wp-json\/wp\/v2\/posts"}],"about":[{"href":"https:\/\/www.europesays.com\/fr\/wp-json\/wp\/v2\/types\/post"}],"author":[{"embeddable":true,"href":"https:\/\/www.europesays.com\/fr\/wp-json\/wp\/v2\/users\/2"}],"replies":[{"embeddable":true,"href":"https:\/\/www.europesays.com\/fr\/wp-json\/wp\/v2\/comments?post=561284"}],"version-history":[{"count":0,"href":"https:\/\/www.europesays.com\/fr\/wp-json\/wp\/v2\/posts\/561284\/revisions"}],"wp:featuredmedia":[{"embeddable":true,"href":"https:\/\/www.europesays.com\/fr\/wp-json\/wp\/v2\/media\/561285"}],"wp:attachment":[{"href":"https:\/\/www.europesays.com\/fr\/wp-json\/wp\/v2\/media?parent=561284"}],"wp:term":[{"taxonomy":"category","embeddable":true,"href":"https:\/\/www.europesays.com\/fr\/wp-json\/wp\/v2\/categories?post=561284"},{"taxonomy":"post_tag","embeddable":true,"href":"https:\/\/www.europesays.com\/fr\/wp-json\/wp\/v2\/tags?post=561284"}],"curies":[{"name":"wp","href":"https:\/\/api.w.org\/{rel}","templated":true}]}}