{"id":561291,"date":"2025-11-27T02:22:20","date_gmt":"2025-11-27T02:22:20","guid":{"rendered":"https:\/\/www.europesays.com\/fr\/561291\/"},"modified":"2025-11-27T02:22:20","modified_gmt":"2025-11-27T02:22:20","slug":"coupe-du-monde-de-basket-les-bleus-lancent-la-campagne-des-eliminatoires-au-kindarena-de-rouen","status":"publish","type":"post","link":"https:\/\/www.europesays.com\/fr\/561291\/","title":{"rendered":"Coupe du monde de basket. Les Bleus lancent la campagne des \u00e9liminatoires au Kindarena de Rouen"},"content":{"rendered":"<p melodystyle=\"texte\">Le Kindarena de Rouen devient le temple du basket international le temps d&rsquo;une rencontre. L&rsquo;\u00e9quipe de France y a rendez-vous, vendredi 28\u00a0novembre, face \u00e0 la s\u00e9lection nationale de Belgique dans le cadre des \u00e9liminatoires de la coupe du monde au Qatar (du 27\u00a0ao\u00fbt au 12\u00a0septembre 2027). Emmen\u00e9s par Fr\u00e9d\u00e9ric Fauthoux, les Bleus sont arriv\u00e9s lundi 24\u00a0novembre \u00e0 Rouen pour s&rsquo;entra\u00eener en amont de la rencontre. <a href=\"https:\/\/www.tendanceouest.com\/actualite-420422-basketball-l-equipe-de-france-attendue-au-kindarena-de-rouen-pour-un-match-face-a-la-turquie\" target=\"_blank\" rel=\"noopener\">L&rsquo;\u00e9quipe de France s&rsquo;\u00e9tait d\u00e9j\u00e0 rendue au Kindarena de Rouen pour la pr\u00e9paration des Jeux olympiques 202<\/a>4.<\/p>\n<p>Pas de Victor Wembanyama sur le parquet<\/p>\n<p melodystyle=\"texte\">Difficilement disponible en raison des matchs de NBA et souffrant en ce moment d&rsquo;une blessure au mollet, la star des Spurs Victor Wembanyama ne sera pas pr\u00e9sente pour cette rencontre. Il \u00e9tait d\u00e9j\u00e0 absent cet \u00e9t\u00e9 pour l&rsquo;EuroBasket 2025 qui n&rsquo;a pas vu briller l&rsquo;\u00e9quipe de France, stopp\u00e9e par la G\u00e9orgie en huiti\u00e8me de finale. Il pourrait faire son retour en \u00e9quipe de France l&rsquo;\u00e9t\u00e9 prochain apr\u00e8s la saison r\u00e9guli\u00e8re.<\/p>\n<p melodystyle=\"texte\">Autre cadre chez les Bleus, Andrew Albicy jouera son dernier match \u00e0 Rouen avec l&rsquo;\u00e9quipe de France apr\u00e8s plus de 100 s\u00e9lections sous le maillot tricolore. Dans ces \u00e9liminatoires de la coupe du monde, les Bleus figurent dans le groupe G en compagnie de la Belgique, de la Finlande et de la Hongrie. 32 \u00e9quipes sont en lice dans ce mondial pour 12 places r\u00e9serv\u00e9es au continent europ\u00e9en. Les qualifications se jouent en six phases de novembre\u00a02025 \u00e0 f\u00e9vrier\u00a02027.<\/p>\n<p melodystyle=\"texte\"><a href=\"https:\/\/billetterie.ffbb.com\/fr\/meeting\/165\/france_belgique\" target=\"_blank\" rel=\"noopener\">La billetterie est disponible en ligne sur le site de la FFBB<\/a>.<\/p>\n","protected":false},"excerpt":{"rendered":"Le Kindarena de Rouen devient le temple du basket international le temps d&rsquo;une rencontre. L&rsquo;\u00e9quipe de France y&hellip;\n","protected":false},"author":2,"featured_media":561292,"comment_status":"","ping_status":"","sticky":false,"template":"","format":"standard","meta":{"footnotes":""},"categories":[9587],"tags":[1111,11,1777,674,1011,27,12,5161,25,9590],"class_list":{"0":"post-561291","1":"post","2":"type-post","3":"status-publish","4":"format-standard","5":"has-post-thumbnail","7":"category-rouen","8":"tag-actu","9":"tag-actualites","10":"tag-eu","11":"tag-europe","12":"tag-fr","13":"tag-france","14":"tag-news","15":"tag-normandie","16":"tag-republique-francaise","17":"tag-rouen"},"share_on_mastodon":{"url":"https:\/\/pubeurope.com\/@fr\/115619282711741755","error":""},"_links":{"self":[{"href":"https:\/\/www.europesays.com\/fr\/wp-json\/wp\/v2\/posts\/561291","targetHints":{"allow":["GET"]}}],"collection":[{"href":"https:\/\/www.europesays.com\/fr\/wp-json\/wp\/v2\/posts"}],"about":[{"href":"https:\/\/www.europesays.com\/fr\/wp-json\/wp\/v2\/types\/post"}],"author":[{"embeddable":true,"href":"https:\/\/www.europesays.com\/fr\/wp-json\/wp\/v2\/users\/2"}],"replies":[{"embeddable":true,"href":"https:\/\/www.europesays.com\/fr\/wp-json\/wp\/v2\/comments?post=561291"}],"version-history":[{"count":0,"href":"https:\/\/www.europesays.com\/fr\/wp-json\/wp\/v2\/posts\/561291\/revisions"}],"wp:featuredmedia":[{"embeddable":true,"href":"https:\/\/www.europesays.com\/fr\/wp-json\/wp\/v2\/media\/561292"}],"wp:attachment":[{"href":"https:\/\/www.europesays.com\/fr\/wp-json\/wp\/v2\/media?parent=561291"}],"wp:term":[{"taxonomy":"category","embeddable":true,"href":"https:\/\/www.europesays.com\/fr\/wp-json\/wp\/v2\/categories?post=561291"},{"taxonomy":"post_tag","embeddable":true,"href":"https:\/\/www.europesays.com\/fr\/wp-json\/wp\/v2\/tags?post=561291"}],"curies":[{"name":"wp","href":"https:\/\/api.w.org\/{rel}","templated":true}]}}