{"id":561295,"date":"2025-11-27T02:24:14","date_gmt":"2025-11-27T02:24:14","guid":{"rendered":"https:\/\/www.europesays.com\/fr\/561295\/"},"modified":"2025-11-27T02:24:14","modified_gmt":"2025-11-27T02:24:14","slug":"fcg-fc-grenoble-rugby-les-infos-pratiques-fcg-3","status":"publish","type":"post","link":"https:\/\/www.europesays.com\/fr\/561295\/","title":{"rendered":"FCG &#8211; FC Grenoble Rugby &#8211; Les infos pratiques | FCG"},"content":{"rendered":"<p><strong>\u00a0Ouverture des portes \u00e0\u00a018h<\/strong><\/p>\n<p><strong>\u00a0Coup d&rsquo;envoi \u00e0\u00a019h<\/strong><\/p>\n<p>\u00a0<\/p>\n<p><strong>Billetterie :\u00a0<\/strong><\/p>\n<p>\u00a0<\/p>\n<p>Pas encore vos places pour le match ? <a href=\"https:\/\/fcgrugby.com\/fr\/articles\/2025\/11\/14\/black-november-au-fcg-deux-matchs-a-prix-reduit\" target=\"_blank\" rel=\"noopener\">Prenez vos places \u00a0-30% avec notre offre Black November !\u00a0<\/a><\/p>\n<p>Vous pouvez r\u00e9server vos places sur <a href=\"https:\/\/www.fcgticket.com\/\" target=\"_blank\" rel=\"noopener\">FCGTICKET.com<\/a>. Des billets seront mis en vente en billetterie ouest et sud au stade d\u00e8s 18h. Nous vous invitons \u00e0 privil\u00e9gier d\u00e8s maintenant vos achats de places sur <a href=\"http:\/\/fcgticket.com\" target=\"_blank\" rel=\"noopener\">fcgticket.com<\/a>.\u00a0<\/p>\n<p>\u00a0<\/p>\n<p>En cas d&rsquo;incident ou de probl\u00e8me concernant vos billets ou votre abonnement, des guichets SAV seront ouverts en billetterie Sud.\u00a0<\/p>\n<p>\u00a0<\/p>\n<p>Pour le bon d\u00e9roulement du match, veillez \u00e0 bien respecter la place indiqu\u00e9e sur votre billet.\u00a0<\/p>\n<p>\u00a0<\/p>\n<p>Rappel : aucun duplicata (hors abonnement) ne sera d\u00e9livr\u00e9. Si vous b\u00e9n\u00e9ficiez d&rsquo;un billet \u00e0 tarif r\u00e9duit (enfant ou \u00e9tudiant), vous devez pr\u00e9senter un justificatif valable \u00e0 l&rsquo;entr\u00e9e du Stade des Alpes.\u00a0<\/p>\n<p>\u00a0<\/p>\n<p>\u00a0<\/p>\n<p>\u00a0<\/p>\n<p><strong>Contr\u00f4le d&rsquo;acc\u00e8s<\/strong><\/p>\n<p>L\u2019acc\u00e8s au stade se fera par des portiques automatiques \u00ab Passages rapides \u00bb en entr\u00e9e Nord, Ouest et Sud. Merci de bien pr\u00e9parer vos billets de match \u00e0 l&rsquo;entr\u00e9e au Stade des Alpes. \u00a0ous pouvez passer par n\u2019importe quel passage rapide pour entrer dans le stade, quelle que soit votre tribune.\u00a0<\/p>\n<p>Nous vous invitons \u00e0 privil\u00e9gier l\u2019entr\u00e9e Ouest pour profiter directement des foodtrucks et des buvettes.\u00a0<\/p>\n<p>\u00a0<\/p>\n<p><strong>Boutique<\/strong><\/p>\n<p style=\"text-align:center\">D\u00e9couvrez les infos animations billetterie, acc\u00e8s, boutique ci-dessous :\u00a0<\/p>\n<ul>&#13;<\/p>\n<li>La boutique au Stade des Alpes vous attend d\u00e8s 18h30 ! Rendez-vous en parvis Ouest (place du village) pour d\u00e9couvrir les collections NIKE, les pi\u00e8ces chaudes, et des nouveaut\u00e9s\u2026<\/li>\n<p>&#13;\n<\/ul>\n<p>\u00a0<\/p>\n<p><strong>Buvettes et restauration<\/strong><\/p>\n<ul>&#13;<\/p>\n<li>La Place du Village (en Parvis Ouest) et sa buvette vous accueillent toutes et tous en avant et apr\u00e8s-match<\/li>\n<p>&#13;<\/p>\n<li>Les buvettes seront ouvertes d\u00e8s 18h tout comme la buvette de la Place du Village en Parvis Ouest (avant et apr\u00e8s-match). La Place du Village fermera \u00e0 23H30 (dernier verre 23h15).<\/li>\n<p>&#13;<\/p>\n<li>Les foodtrucks (Gaufre Li\u00e9geoise (gaufres), Black Rhino (burgers frites), Buenos Aires Club (empanadas), Jacovin (boissons)) et buvettes et en parvis Ouest !\u00a0<\/li>\n<p>&#13;\n<\/ul>\n<p>\u00a0<\/p>\n<p>Les cartes cashless buvette des alpes fonctionneront <strong>partout<\/strong> ! Elles peuvent \u00eatre charg\u00e9es le soir du match au stade ou sur le lien suivant <a href=\"https:\/\/www.fcgticket.com\/fr\" target=\"_blank\" rel=\"noopener\">https:\/\/www.fcgticket.com\/fr<\/a>.\u00a0<\/p>\n<p>\u00a0<\/p>\n<p><strong>Consigne<\/strong><\/p>\n<p>Une consigne sera activ\u00e9e uniquement et exclusivement en billetterie ouest pour les casques de v\u00e9lo et moto (de 18h20 \u00e0 22h30).\u00a0<\/p>\n<p>\u00a0\u00a0\u00a0\u00a0\u00a0\u00a0\u00a0\u00a0\u00a0\u00a0\u00a0\u00a0\u00a0\u00a0\u00a0\u00a0\u00a0\u00a0\u00a0\u00a0\u00a0\u00a0\u00a0\u00a0\u00a0\u00a0\u00a0\u00a0\u00a0\u00a0\u00a0\u00a0\u00a0\u00a0\u00a0\u00a0\u00a0\u00a0\u00a0\u00a0\u00a0\u00a0\u00a0\u00a0\u00a0\u00a0\u00a0\u00a0\u00a0\u00a0\u00a0\u00a0\u00a0\u00a0\u00a0\u00a0\u00a0\u00a0\u00a0\u00a0\u00a0\u00a0\u00a0\u00a0\u00a0\u00a0\u00a0\u00a0\u00a0\u00a0\u00a0\u00a0\u00a0\u00a0\u00a0\u00a0\u00a0\u00a0\u00a0\u00a0\u00a0\u00a0\u00a0\u00a0\u00a0\u00a0\u00a0\u00a0\u00a0\u00a0\u00a0\u00a0\u00a0\u00a0\u00a0\u00a0\u00a0\u00a0\u00a0\u00a0\u00a0\u00a0\u00a0\u00a0\u00a0\u00a0\u00a0\u00a0<\/p>\n<p><strong>Acc\u00e8s &amp; Stationnement<\/strong><\/p>\n<p>Nous vous rappelons \u00e9galement que le stationnement g\u00eanant aux abords du Stade des Alpes est interdit et sera verbalis\u00e9 par la police municipale de Grenoble. Privil\u00e9giez la venue au stade en transports en commun, le co-voiturage par tribu ou stationnez votre voiture dans les parkings Chavant ou Pr\u00e9fecture.\u00a0L\u2019arr\u00eat de tram H\u00f4tel de Ville sera d\u00e9sormais desservi en apr\u00e8s-match.\u00a0<\/p>\n<p>\u00a0<\/p>\n<p><strong>RAPPEL<\/strong><\/p>\n<p>Nous vous rappelons la liste des objets interdits dans le stade : <a href=\"https:\/\/www.fcgticket.com\/sites\/fcgrenoble7.ap2s.fr\/files\/CONSIGNES%20SECU.pdf\" target=\"_blank\" rel=\"noopener\">https:\/\/www.fcgticket.com\/sites\/fcgrenoble7.ap2s.fr\/files\/CONSIGNES%20SECU.pdf<\/a>\u00a0<\/p>\n<p>\u00a0<\/p>\n<p>\u00a0<\/p>\n<p>\u00a0<\/p>\n","protected":false},"excerpt":{"rendered":"\u00a0Ouverture des portes \u00e0\u00a018h \u00a0Coup d&rsquo;envoi \u00e0\u00a019h \u00a0 Billetterie :\u00a0 \u00a0 Pas encore vos places pour le match&hellip;\n","protected":false},"author":2,"featured_media":561296,"comment_status":"","ping_status":"","sticky":false,"template":"","format":"standard","meta":{"footnotes":""},"categories":[9566],"tags":[1111,11,2430,1777,674,1011,27,2731,12,25],"class_list":{"0":"post-561295","1":"post","2":"type-post","3":"status-publish","4":"format-standard","5":"has-post-thumbnail","7":"category-grenoble","8":"tag-actu","9":"tag-actualites","10":"tag-auvergne-rhone-alpes","11":"tag-eu","12":"tag-europe","13":"tag-fr","14":"tag-france","15":"tag-grenoble","16":"tag-news","17":"tag-republique-francaise"},"share_on_mastodon":{"url":"https:\/\/pubeurope.com\/@fr\/115619290464692228","error":""},"_links":{"self":[{"href":"https:\/\/www.europesays.com\/fr\/wp-json\/wp\/v2\/posts\/561295","targetHints":{"allow":["GET"]}}],"collection":[{"href":"https:\/\/www.europesays.com\/fr\/wp-json\/wp\/v2\/posts"}],"about":[{"href":"https:\/\/www.europesays.com\/fr\/wp-json\/wp\/v2\/types\/post"}],"author":[{"embeddable":true,"href":"https:\/\/www.europesays.com\/fr\/wp-json\/wp\/v2\/users\/2"}],"replies":[{"embeddable":true,"href":"https:\/\/www.europesays.com\/fr\/wp-json\/wp\/v2\/comments?post=561295"}],"version-history":[{"count":0,"href":"https:\/\/www.europesays.com\/fr\/wp-json\/wp\/v2\/posts\/561295\/revisions"}],"wp:featuredmedia":[{"embeddable":true,"href":"https:\/\/www.europesays.com\/fr\/wp-json\/wp\/v2\/media\/561296"}],"wp:attachment":[{"href":"https:\/\/www.europesays.com\/fr\/wp-json\/wp\/v2\/media?parent=561295"}],"wp:term":[{"taxonomy":"category","embeddable":true,"href":"https:\/\/www.europesays.com\/fr\/wp-json\/wp\/v2\/categories?post=561295"},{"taxonomy":"post_tag","embeddable":true,"href":"https:\/\/www.europesays.com\/fr\/wp-json\/wp\/v2\/tags?post=561295"}],"curies":[{"name":"wp","href":"https:\/\/api.w.org\/{rel}","templated":true}]}}