{"id":561297,"date":"2025-11-27T02:25:37","date_gmt":"2025-11-27T02:25:37","guid":{"rendered":"https:\/\/www.europesays.com\/fr\/561297\/"},"modified":"2025-11-27T02:25:37","modified_gmt":"2025-11-27T02:25:37","slug":"video-voici-cinq-artistes-incontournables-a-ne-pas-manquer-lors-des-trans-musicales-2025-a","status":"publish","type":"post","link":"https:\/\/www.europesays.com\/fr\/561297\/","title":{"rendered":"VID\u00c9O. Voici cinq artistes incontournables \u00e0 ne pas manquer lors des Trans Musicales 2025 \u00e0"},"content":{"rendered":"<p>Quoi de plus repr\u00e9sentatif des Trans Musicales que la Salle de la cit\u00e9\u00a0? Ce mardi 25\u00a0novembre 2025, \u00e0 quelques jours <a href=\"https:\/\/rennes.maville.com\/actu\/actudet_-trans-musicales-2025-voici-comment-s-y-retrouver-parmi-l-immense-programmation-_52674-6978394_actu.Htm\" rel=\"nofollow noopener\" target=\"_blank\">de la 47e \u00e9dition du festival rennais<\/a>, devant l\u2019iconique salle de concert, Thomas Lagarrigue, ressource sur l\u2019artistique des Trans Musicales, pr\u00e9sente cinq projets musicaux incontournables \u00e0 ses yeux promettant \u00a0des concerts vraiment marquants\u00a0.<\/p>\n<p><strong>Lire aussi\u00a0:<\/strong> <a href=\"https:\/\/rennes.maville.com\/actu\/actudet_-diva-fest-noz-2.0-punk...-qui-sont-ces-quatre-groupes-rennais-programmes-aux-trans-musicales-_7-7079556_actu.Htm\" rel=\"nofollow noopener\" target=\"_blank\">Diva, fest-noz 2.0, punk\u2026 Qui sont ces quatre groupes rennais programm\u00e9s aux Trans Musicales\u00a0?<\/a><\/p>\n<p>Gaia Banfi<\/p>\n<p>Cette chanteuse et musicienne italienne ouvrira le festival d\u00e8s le mercredi 3\u00a0d\u00e9cembre 2025 avec un univers pop tr\u00e8s atmosph\u00e9rique. Forte\u00a0d\u2019un album concept magnifique\u00a0 en hommage \u00e0 la Maccaia, un ph\u00e9nom\u00e8ne m\u00e9t\u00e9orologique propre au golfe de G\u00eanes, sa ville d\u2019origine, Gaia Banfi devrait conqu\u00e9rir le public des Trans Musicales sans trop de difficult\u00e9.<\/p>\n<p><strong>Mercredi 3\u00a0d\u00e9cembre 2025<\/strong>, de 22\u00a0h\u00a015 \u00e0 23\u00a0h\u00a005 \u00e0 la Salle de la cit\u00e9.<\/p>\n<p wp_automatic_readability=\"1\">\n<p>Your browser does not support iframes.<\/p>\n<\/p>\n<p>Descartes a Kant<\/p>\n<p>Un groupe mexicain \u00a0plut\u00f4t rock\u00a0 qui se pr\u00e9sente \u00a0dans des tenues de science-fiction r\u00e9trofuturistes\u00a0. Selon Thomas Lagarrigue, le rock de Descartes a Kant peut aussi bien s\u2019apparenter \u00a0\u00e0 du m\u00e9tal, \u00e0 du rock progressif qu\u2019\u00e0 de la pop\u00a0. Une palette qui devrait en faire voir de toutes les couleurs aux spectateurs du Hall 4.<\/p>\n<p><strong>Vendredi 5\u00a0d\u00e9cembre 2025<\/strong>, de 22\u00a0h\u00a035 \u00e0 23\u00a0h\u00a030, Hall 4.<\/p>\n<p wp_automatic_readability=\"1\">\n<p>Your browser does not support iframes.<\/p>\n<\/p>\n<p>Ssadcharlie<\/p>\n<p>Ce jeune rappeur anglais aurait d\u00e9marr\u00e9 \u00a0la sc\u00e8ne \u00e0 l\u2019\u00e2ge de 4\u00a0ans avec une troupe de th\u00e9\u00e2tre, explique Thomas Lagarrigue. Avant de se tourner vers le rap \u00e0 l\u2019adolescence.\u00a0 Avec son hip-hop britannique aux influences rock, le jeune artiste de 21\u00a0ans et ses paroles visc\u00e9rales sont tr\u00e8s attendus sur la sc\u00e8ne du Hall 4\u00a0des Trans.<\/p>\n<p><strong>Vendredi 5\u00a0d\u00e9cembre 2025<\/strong>, de 21\u00a0h\u00a005 \u00e0 21\u00a0h\u00a050, Hall 4.<\/p>\n<p wp_automatic_readability=\"1\">\n<p>Your browser does not support iframes.<\/p>\n<\/p>\n<p>La Ni\u00f1a<\/p>\n<p>Originaire de Naples (Italie), la jeune femme chante dans le dialecte de sa ville entour\u00e9e d\u2019instruments traditionnels. \u00c0 l\u2019arriv\u00e9e, le r\u00e9sultat donne lieu \u00a0\u00e0 une production tr\u00e8s actuelle et une \u00e9nergie tr\u00e8s moderne\u00a0, estime Thomas Lagarrigue.<\/p>\n<p><strong>Vendredi 5\u00a0d\u00e9cembre 2025<\/strong>, de 1\u00a0h\u00a005 \u00e0 1\u00a0h\u00a055, Hall 8.<\/p>\n<p wp_automatic_readability=\"1\">\n<p>Your browser does not support iframes.<\/p>\n<\/p>\n<p><strong>Lire aussi\u00a0:<\/strong> <a href=\"https:\/\/rennes.maville.com\/actu\/actudet_--vas-y-mets-du-rap-a-rennes-les-transmusicales-s-invitent-entre-les-caravanes-des-gens-du-voyage-de-gros-malhon-_52674-7074002_actu.Htm\" rel=\"nofollow noopener\" target=\"_blank\">\u00ab\u00a0Vas-y, mets du rap\u00a0\u00bb\u00a0: \u00c0 Rennes, les Trans Musicales s\u2019invitent entre les caravanes des gens du voyage de Gros Malhon<\/a><\/p>\n<p>Obongjayar<\/p>\n<p>\u00a0Une des voix marquantes du festival\u00a0!\u00a0 D\u00e9j\u00e0 connu outre-Manche, ce chanteur nig\u00e9rian, vivant \u00e0 Londres, \u00a0propose une afro pop hyper groovy\u00a0, commente Thomas Lagarrigue. Se distinguant par sa voix unique, Obongjayar joue avec sa tessiture impressionnante qui n\u2019est pas sans rappeler un certain Yam\u00ea, pass\u00e9 par le festival rennais en 2023.<\/p>\n<p><strong>Jeudi 4\u00a0d\u00e9cembre 2025<\/strong>, de 22\u00a0h\u00a030 \u00e0 23\u00a0h\u00a030, Hall 8.<\/p>\n<p wp_automatic_readability=\"1\">\n<p>Your browser does not support iframes.<\/p>\n<\/p>\n<p>\u00a0<\/p>\n","protected":false},"excerpt":{"rendered":"Quoi de plus repr\u00e9sentatif des Trans Musicales que la Salle de la cit\u00e9\u00a0? Ce mardi 25\u00a0novembre 2025, \u00e0&hellip;\n","protected":false},"author":2,"featured_media":561298,"comment_status":"","ping_status":"","sticky":false,"template":"","format":"standard","meta":{"footnotes":""},"categories":[2821],"tags":[17,1111,11,2937,829,1777,674,1011,27,28570,7826,14342,29951,12,6099,584,25,11278,133],"class_list":{"0":"post-561297","1":"post","2":"type-post","3":"status-publish","4":"format-standard","5":"has-post-thumbnail","7":"category-rennes","8":"tag-17","9":"tag-actu","10":"tag-actualites","11":"tag-artistes","12":"tag-bretagne","13":"tag-eu","14":"tag-europe","15":"tag-fr","16":"tag-france","17":"tag-incontournables","18":"tag-lors","19":"tag-manquer","20":"tag-musicales","21":"tag-news","22":"tag-pontivy","23":"tag-rennes","24":"tag-republique-francaise","25":"tag-trans","26":"tag-video"},"share_on_mastodon":{"url":"https:\/\/pubeurope.com\/@fr\/115619294341404519","error":""},"_links":{"self":[{"href":"https:\/\/www.europesays.com\/fr\/wp-json\/wp\/v2\/posts\/561297","targetHints":{"allow":["GET"]}}],"collection":[{"href":"https:\/\/www.europesays.com\/fr\/wp-json\/wp\/v2\/posts"}],"about":[{"href":"https:\/\/www.europesays.com\/fr\/wp-json\/wp\/v2\/types\/post"}],"author":[{"embeddable":true,"href":"https:\/\/www.europesays.com\/fr\/wp-json\/wp\/v2\/users\/2"}],"replies":[{"embeddable":true,"href":"https:\/\/www.europesays.com\/fr\/wp-json\/wp\/v2\/comments?post=561297"}],"version-history":[{"count":0,"href":"https:\/\/www.europesays.com\/fr\/wp-json\/wp\/v2\/posts\/561297\/revisions"}],"wp:featuredmedia":[{"embeddable":true,"href":"https:\/\/www.europesays.com\/fr\/wp-json\/wp\/v2\/media\/561298"}],"wp:attachment":[{"href":"https:\/\/www.europesays.com\/fr\/wp-json\/wp\/v2\/media?parent=561297"}],"wp:term":[{"taxonomy":"category","embeddable":true,"href":"https:\/\/www.europesays.com\/fr\/wp-json\/wp\/v2\/categories?post=561297"},{"taxonomy":"post_tag","embeddable":true,"href":"https:\/\/www.europesays.com\/fr\/wp-json\/wp\/v2\/tags?post=561297"}],"curies":[{"name":"wp","href":"https:\/\/api.w.org\/{rel}","templated":true}]}}