{"id":561299,"date":"2025-11-27T02:26:13","date_gmt":"2025-11-27T02:26:13","guid":{"rendered":"https:\/\/www.europesays.com\/fr\/561299\/"},"modified":"2025-11-27T02:26:13","modified_gmt":"2025-11-27T02:26:13","slug":"aucun-na-de-protection-pour-lhiver-des-jeunes-mineurs-etrangers-manifestent","status":"publish","type":"post","link":"https:\/\/www.europesays.com\/fr\/561299\/","title":{"rendered":"\u00ab\u00a0Aucun n\u2019a de protection pour l\u2019hiver\u00a0\u00bb\u00a0: des jeunes mineurs \u00e9trangers\u00a0manifestent"},"content":{"rendered":"<p>Vingt-six jeunes mineurs \u00e9trangers isol\u00e9s auxquels le conseil d\u00e9partemental d\u2019Ille-et-Vilaine a refus\u00e9 un accompagnement social, estimant qu\u2019ils n\u2019\u00e9taient pas mineurs manifestent depuis 17\u00a0h avec une trentaine de militants ce mercredi soir 26\u00a0novembre 2025 devant l\u2019h\u00f4tel du d\u00e9partement d\u2019Ille-et-Vilaine, \u00e0 Rennes.<\/p>\n<p><strong>\u00ab\u00a0La vice-pr\u00e9sidente du d\u00e9partement\u00a0n\u2019acceptait de les recevoir qu\u2019\u00e0 condition que la manifestation\u00a0cesse\u00a0\u00bb,<\/strong> explique R\u00e9mi Bouyaux de l\u2019interorganisation de soutien aux\u00a0personnes exil\u00e9es. Une partie des mineurs isol\u00e9s sont actuellement log\u00e9s avec une centaine d\u2019autres personnes exil\u00e9es au centre social Simone-Iff, quartier Maurepas. Suite au recours du D\u00e9partement contre cette occupation, le tribunal administratif a ordonn\u00e9 son \u00e9vacuation avant le mercredi 3\u00a0d\u00e9cembre.<\/p>\n<p>Lire aussi <a href=\"https:\/\/rennes.maville.com\/actu\/actudet_-centre-social-occupe-par-des-exiles-a-rennes-la-justice-demande-l-evacuation-des-lieux-avant-le-3-decembre-_52674-7072486_actu.Htm\" target=\"_self\" rel=\"noopener\">Centre social occup\u00e9 par des exil\u00e9s \u00e0 Rennes\u00a0: la justice demande l\u2019\u00e9vacuation des lieux avant le 3\u00a0d\u00e9cembre<\/a><\/p>\n<p><strong>\u00ab\u00a0\u00c0 Rennes, nous sommes plus de soixante\u00a0jeunes en cours de recours juridique pour demander la protection du D\u00e9partement,<\/strong> explique le collectif des mineurs isol\u00e9s en danger 35\u00a0sur <a href=\"https:\/\/www.facebook.com\/p\/Interorganisation-de-soutien-aux-personnes-exil%C3%A9es-Rennes-100085748000541\/?locale=fr_FR\" target=\"_self\" rel=\"noopener\">la page Facebook de l\u2019interorganisation<\/a>.<strong> Aucun de nous n\u2019a de protection pour l\u2019hiver.\u00a0\u00bb<\/strong><\/p>\n<p>Les manifestants ont tent\u00e9 d\u2019installer un campement pour dormir devant l\u2019h\u00f4tel du d\u00e9partement ce mercredi, mais la police les en a emp\u00each\u00e9s. \u00c0 21\u00a0h, ils continuaient de manifester sur le trottoir o\u00f9 des banderoles ont \u00e9t\u00e9 tendues. Boissons chaudes et nourritures ont \u00e9t\u00e9 apport\u00e9es par des militants.<\/p>\n<p>\u00a0<\/p>\n","protected":false},"excerpt":{"rendered":"Vingt-six jeunes mineurs \u00e9trangers isol\u00e9s auxquels le conseil d\u00e9partemental d\u2019Ille-et-Vilaine a refus\u00e9 un accompagnement social, estimant qu\u2019ils n\u2019\u00e9taient&hellip;\n","protected":false},"author":2,"featured_media":561300,"comment_status":"","ping_status":"","sticky":false,"template":"","format":"standard","meta":{"footnotes":""},"categories":[2821],"tags":[1111,11,829,9968,3331,1777,674,1011,27,6736,4074,15221,6636,12,4846,584,25],"class_list":{"0":"post-561299","1":"post","2":"type-post","3":"status-publish","4":"format-standard","5":"has-post-thumbnail","7":"category-rennes","8":"tag-actu","9":"tag-actualites","10":"tag-bretagne","11":"tag-departement","12":"tag-etrangers","13":"tag-eu","14":"tag-europe","15":"tag-fr","16":"tag-france","17":"tag-hiver","18":"tag-jeunes","19":"tag-manifestent","20":"tag-mineurs","21":"tag-news","22":"tag-protection","23":"tag-rennes","24":"tag-republique-francaise"},"share_on_mastodon":{"url":"https:\/\/pubeurope.com\/@fr\/115619298235968825","error":""},"_links":{"self":[{"href":"https:\/\/www.europesays.com\/fr\/wp-json\/wp\/v2\/posts\/561299","targetHints":{"allow":["GET"]}}],"collection":[{"href":"https:\/\/www.europesays.com\/fr\/wp-json\/wp\/v2\/posts"}],"about":[{"href":"https:\/\/www.europesays.com\/fr\/wp-json\/wp\/v2\/types\/post"}],"author":[{"embeddable":true,"href":"https:\/\/www.europesays.com\/fr\/wp-json\/wp\/v2\/users\/2"}],"replies":[{"embeddable":true,"href":"https:\/\/www.europesays.com\/fr\/wp-json\/wp\/v2\/comments?post=561299"}],"version-history":[{"count":0,"href":"https:\/\/www.europesays.com\/fr\/wp-json\/wp\/v2\/posts\/561299\/revisions"}],"wp:featuredmedia":[{"embeddable":true,"href":"https:\/\/www.europesays.com\/fr\/wp-json\/wp\/v2\/media\/561300"}],"wp:attachment":[{"href":"https:\/\/www.europesays.com\/fr\/wp-json\/wp\/v2\/media?parent=561299"}],"wp:term":[{"taxonomy":"category","embeddable":true,"href":"https:\/\/www.europesays.com\/fr\/wp-json\/wp\/v2\/categories?post=561299"},{"taxonomy":"post_tag","embeddable":true,"href":"https:\/\/www.europesays.com\/fr\/wp-json\/wp\/v2\/tags?post=561299"}],"curies":[{"name":"wp","href":"https:\/\/api.w.org\/{rel}","templated":true}]}}