{"id":5613,"date":"2025-04-06T15:34:09","date_gmt":"2025-04-06T15:34:09","guid":{"rendered":"https:\/\/www.europesays.com\/fr\/5613\/"},"modified":"2025-04-06T15:34:09","modified_gmt":"2025-04-06T15:34:09","slug":"nathalie-marquay-elle-se-lance-dans-la-tele-realite-et-cela-naurait-pas-ete-du-gout-de-jean-pierre-pernaut","status":"publish","type":"post","link":"https:\/\/www.europesays.com\/fr\/5613\/","title":{"rendered":"Nathalie Marquay : elle se lance dans la t\u00e9l\u00e9-r\u00e9alit\u00e9 et cela n\u2019aurait pas \u00e9t\u00e9 du go\u00fbt de Jean-Pierre Pernaut"},"content":{"rendered":"<p class=\"\" data-start=\"404\" data-end=\"760\">Trois ans apr\u00e8s la<br \/>\ndisparition de <a href=\"https:\/\/www.closermag.fr\/tag\/jean-pierre-pernaut\" target=\"_blank\" rel=\"noopener\">Jean-Pierre<br \/>\nPernaut,<\/a> Nathalie Marquay tente de continuer \u00e0 avancer. Le 2<br \/>\nmars 2022, l\u2019ancien pr\u00e9sentateur du JT de TF1 succombait \u00e0<br \/>\n<strong>un cancer du poumon<\/strong>, laissant un vide immense dans<br \/>\nla vie de sa femme. Depuis, Nathalie ne cesse de lui parler, de lui<br \/>\ndemander conseil, et de puiser sa force dans le souvenir de leur<br \/>\namour.<\/p>\n<p class=\"\" data-start=\"762\" data-end=\"1083\">Dans un entretien \u00e0<br \/>\nnos confr\u00e8res de Gala,<br \/>\nelle confie : \u00ab\u00a0Je ne ferai jamais mon deuil je pense&#8230; C\u2019est<br \/>\nimpossible.\u00a0\u00bb Si elle garde la t\u00eate haute, c\u2019est gr\u00e2ce \u00e0 ses<br \/>\nenfants, <a href=\"https:\/\/www.closermag.fr\/people\/jean-pierre-pernaut-qui-sont-ses-enfants-olivier-julia-lou-et-tom-1097197#item=1\" target=\"_blank\" rel=\"noopener\"><br \/>\nLou et Tom<\/a>. \u00ab\u00a0Heureusement que j\u2019ai mes enfants parce que<br \/>\nsans eux, <strong>je pense que je ne serais plus l\u00e0<\/strong>.\u00a0\u00bb<br \/>\nUn t\u00e9moignage sinc\u00e8re, touchant\u2026 et profond\u00e9ment humain.<\/p>\n<p><strong data-start=\"1094\" data-end=\"1133\">Nathalie Marquay dans The Power<\/strong><\/p>\n<p class=\"\" data-start=\"1135\" data-end=\"1514\">Aujourd\u2019hui, Nathalie<br \/>\nMarquay surprend en int\u00e9grant The Power, l\u2019\u00e9mission de t\u00e9l\u00e9-r\u00e9alit\u00e9 de W9, dont la<br \/>\nsaison 2 d\u00e9marre ce lundi 7 avril. Un projet qu\u2019elle a accept\u00e9<br \/>\nmalgr\u00e9 l\u2019avis qu\u2019aurait son d\u00e9funt \u00e9poux. \u00ab\u00a0Je connais tr\u00e8s bien<br \/>\nses r\u00e9ponses !\u00a0\u00bb, assure-t-elle. \u00ab\u00a0<strong>Il n\u2019aurait pas<br \/>\naim\u00e9 que je fasse The Island<\/strong>, d\u00e9j\u00e0 quand je faisais Fort<br \/>\nBoyard, il avait tr\u00e8s peur pour moi.\u00a0\u00bb<\/p>\n<p class=\"\" data-start=\"1516\" data-end=\"1830\">Elle lui parle encore<br \/>\navant de prendre ses d\u00e9cisions, et lui aurait dit : \u00ab\u00a0Je sais,<br \/>\nJean-Pierre, que tu vas avoir tr\u00e8s peur pour moi, mais tu seras l\u00e0<br \/>\npour me prot\u00e9ger s\u2019il se passe quoi que ce soit.\u00a0\u00bb Malgr\u00e9 la<br \/>\ndouleur, elle avoue que cette \u00e9mission lui a \u00ab\u00a0fait beaucoup de<br \/>\nbien\u00a0\u00bb, et se dit m\u00eame pr\u00eate \u00e0 recommencer.<\/p>\n<p><strong data-start=\"1841\" data-end=\"1911\">Nathalie Marquay : \u00ab\u00a0Il y<br \/>\na bien longtemps que je n\u2019\u00e9coute plus les mauvaises<br \/>\nlangues\u00a0\u00bb<\/strong><\/p>\n<p class=\"\" data-start=\"1913\" data-end=\"2284\">Participer \u00e0 une<br \/>\n\u00e9mission de t\u00e9l\u00e9-r\u00e9alit\u00e9, ce n\u2019est pas anodin quand on est une<br \/>\nancienne Miss France et <strong>veuve d\u2019une figure<br \/>\nembl\u00e9matique<\/strong> de la t\u00e9l\u00e9vision fran\u00e7aise. <a href=\"https:\/\/www.closermag.fr\/people\/nathalie-marquay-tom-sest-emporte-elle-evoque-un-moment-lourd-de-sens-apres-la-mort-de-jean-pierre-pernaut-3427951\" target=\"_blank\" rel=\"noopener\"><br \/>\nNathalie<\/a> le sait, mais elle assume. \u00ab\u00a0Je me contente de<br \/>\njouer au th\u00e9\u00e2tre, d\u2019\u00e9crire mes livres, d\u2019\u00eatre animatrice \u00e0 la radio<br \/>\net de m\u2019occuper de mes enfants du mieux possible\u00a0\u00bb,<br \/>\naffirme-t-elle \u00e0 T\u00e9l\u00e9<br \/>\nMagazine.<\/p>\n<p class=\"\" data-start=\"2286\" data-end=\"2648\">Critiques ou pas,<br \/>\nelle reste droite dans ses bottes : \u00ab\u00a0Il y a bien longtemps que<br \/>\n<strong>je n\u2019\u00e9coute plus les mauvaises langues<\/strong>.\u00a0\u00bb Pour<br \/>\nelle, The Power est<br \/>\navant tout une belle aventure partag\u00e9e avec sa fille, et une fa\u00e7on<br \/>\nde soutenir son association Les Bonnes F\u00e9es. Une cause, un peu d\u2019adr\u00e9naline,<br \/>\nbeaucoup d\u2019amour : tout ce qu\u2019il lui faut pour continuer<br \/>\nd\u2019avancer.<\/p>\n","protected":false},"excerpt":{"rendered":"Trois ans apr\u00e8s la disparition de Jean-Pierre Pernaut, Nathalie Marquay tente de continuer \u00e0 avancer. Le 2 mars&hellip;\n","protected":false},"author":2,"featured_media":5614,"comment_status":"","ping_status":"","sticky":false,"template":"","format":"standard","meta":{"footnotes":""},"categories":[1359],"tags":[548,58,59,1011,27,3350,3351,973,682],"class_list":{"0":"post-5613","1":"post","2":"type-post","3":"status-publish","4":"format-standard","5":"has-post-thumbnail","7":"category-people","8":"tag-article-simple","9":"tag-divertissement","10":"tag-entertainment","11":"tag-fr","12":"tag-france","13":"tag-jean-pierre-pernaut","14":"tag-nathalie-marquay","15":"tag-people","16":"tag-tele-realite"},"share_on_mastodon":{"url":"https:\/\/pubeurope.com\/@fr\/114291753844878288","error":""},"_links":{"self":[{"href":"https:\/\/www.europesays.com\/fr\/wp-json\/wp\/v2\/posts\/5613","targetHints":{"allow":["GET"]}}],"collection":[{"href":"https:\/\/www.europesays.com\/fr\/wp-json\/wp\/v2\/posts"}],"about":[{"href":"https:\/\/www.europesays.com\/fr\/wp-json\/wp\/v2\/types\/post"}],"author":[{"embeddable":true,"href":"https:\/\/www.europesays.com\/fr\/wp-json\/wp\/v2\/users\/2"}],"replies":[{"embeddable":true,"href":"https:\/\/www.europesays.com\/fr\/wp-json\/wp\/v2\/comments?post=5613"}],"version-history":[{"count":0,"href":"https:\/\/www.europesays.com\/fr\/wp-json\/wp\/v2\/posts\/5613\/revisions"}],"wp:featuredmedia":[{"embeddable":true,"href":"https:\/\/www.europesays.com\/fr\/wp-json\/wp\/v2\/media\/5614"}],"wp:attachment":[{"href":"https:\/\/www.europesays.com\/fr\/wp-json\/wp\/v2\/media?parent=5613"}],"wp:term":[{"taxonomy":"category","embeddable":true,"href":"https:\/\/www.europesays.com\/fr\/wp-json\/wp\/v2\/categories?post=5613"},{"taxonomy":"post_tag","embeddable":true,"href":"https:\/\/www.europesays.com\/fr\/wp-json\/wp\/v2\/tags?post=5613"}],"curies":[{"name":"wp","href":"https:\/\/api.w.org\/{rel}","templated":true}]}}