{"id":56130,"date":"2025-04-27T05:54:14","date_gmt":"2025-04-27T05:54:14","guid":{"rendered":"https:\/\/www.europesays.com\/fr\/56130\/"},"modified":"2025-04-27T05:54:14","modified_gmt":"2025-04-27T05:54:14","slug":"pro-d2-le-contrat-est-rempli-succes-fou-avec-10-essais-le-vrdr-valide-son-maintien-en-pro-d2","status":"publish","type":"post","link":"https:\/\/www.europesays.com\/fr\/56130\/","title":{"rendered":"Pro D2. \u00ab Le contrat est rempli \u00bb : succ\u00e8s fou avec 10 essais&#8230; le VRDR valide son maintien en Pro D2"},"content":{"rendered":"<p class=\"insetTitle\">R\u00e9actions<\/p>\n<p><strong>Anthony Al\u00e9o (pilier VRDR)\u00a0:<\/strong> \u00ab\u00a0C\u2019est un soir\u00e9e magnifique et on va la savourer comme il se doit. En plus on a gagn\u00e9 une semaine de vacances derri\u00e8re parce que le maintien est acquis. Il faut voir d\u2019o\u00f9 on vient, comme on s\u2019est lev\u00e9 le cul pour s\u2019en sortir. Ce soir on a pris le match comme il fallait, on a jamais baiss\u00e9 d\u2019intensit\u00e9.\u00a0\u00bb<\/p>\n<p><strong>\u00a0Adam Vargas\u00a0(ailier VRDR)\u00a0:<\/strong> \u00ab\u00a0Le contrat est rempli, on peut \u00eatre fier de nous, fier d\u2019avoir montr\u00e9 ce visage l\u00e0. On a vraiment fait un gros match. Quand on joue comme \u00e7a, on est injouable, et le faire face \u00e0 des grosses \u00e9quipes comme Nevers, c\u2019est cool. Maintenant, il nous reste l\u2019objectif de faire mieux que la saison derni\u00e8re.\u00a0\u00bb<\/p>\n<p><strong>Fabien Fortassin (manager Valence-Romans)\u00a0:<\/strong> \u00ab\u00a0C\u2019est une vraie belle soir\u00e9e. Je suis tr\u00e8s heureux, tr\u00e8s fier de tous les joueurs, de tout le club. Quand on sait d\u2019o\u00f9 on vient, c\u2019est tr\u00e8s fort, on peut \u00eatre tr\u00e8s fier de ce que l\u2019on a fait. J\u2019aurais pu sauter beaucoup plus t\u00f4t, le groupe aurait pu exploser, mais cela n\u2019a pas \u00e9t\u00e9 le cas. Finir par se maintenir \u00e0 deux journ\u00e9es de la fin, c\u2019est tr\u00e8s fort.\u00a0\u00bb<\/p>\n<p><strong>Xavier Pemeja, entra\u00eeneur de Nevers\u00a0:<\/strong> \u00ab\u00a0Aujourd\u2019hui c\u2019\u00e9tait pr\u00e9visible. On a laiss\u00e9 beaucoup d\u2019\u00e9nergie mentalement sur les derniers matches. On n\u2019\u00e9tait pas pr\u00eat, on avait tout donn\u00e9. C\u2019est vrai que \u00e7a fait beaucoup ce soir. On se maintient, \u00e7a a \u00e9t\u00e9 dur. On a fait une premi\u00e8re partie tr\u00e8s modeste. Je vais \u00eatre doux avec eux, parce que ce qu\u2019ils ont v\u00e9cu sur ces trois derni\u00e8res semaines, c\u2019\u00e9tait fort. Le groupe la saison prochaine sera meilleur, et sera bien renforc\u00e9. Ce qu\u2019il faut, c\u2019est bien la finir. Il faut qu\u2019il y ait une bonne sortie.\u00a0\u00bb<\/p>\n<p><strong>Julien Kazubek, troisi\u00e8me ligne de Nevers\u00a0:<\/strong> \u00ab\u00a0Elle fait bien t\u00e2che, j\u2019ai honte, on a honte de ce qu\u2019on a fait. On savait que \u00e7a allait \u00eatre un match compliqu\u00e9. On n\u2019a pas \u00e9t\u00e9 pr\u00e9sent. On se dit les choses et on se ment, la raison je ne la connais pas. Il y a un grand sentiment de honte. C\u2019est ridicule. (Il souffle) Franchement je n\u2019ai pas de mots. Leur rendre la t\u00e2che aussi facile\u2026On n\u2019est pas descendu du bus. Il est temps que la saison s\u2019arr\u00eate. Maintenant c\u2019est quel visage on va montrer sur ces deux matches. Soit on s\u2019en fiche parce qu\u2019on est maintenu, soit on se redresse parce qu\u2019on a de la fiert\u00e9. On est jeune mais on n\u2019apprend pas de nos erreurs. Tous les week-ends c\u2019est la m\u00eame chose. Il faut que tout le monde se remette en question, on a un club \u00e0 respecter.\u00a0\u00bb<\/p>\n","protected":false},"excerpt":{"rendered":"R\u00e9actions Anthony Al\u00e9o (pilier VRDR)\u00a0: \u00ab\u00a0C\u2019est un soir\u00e9e magnifique et on va la savourer comme il se doit.&hellip;\n","protected":false},"author":2,"featured_media":56131,"comment_status":"","ping_status":"","sticky":false,"template":"","format":"standard","meta":{"footnotes":""},"categories":[1416],"tags":[2730,2737,2735,107,1701,1011,27,2308,1479,2736,479,1468,517,1947,60,2733,2734,2728],"class_list":{"0":"post-56130","1":"post","2":"type-post","3":"status-publish","4":"format-standard","5":"has-post-thumbnail","7":"category-rugby","8":"tag-drome","9":"tag-edition-romans-nord-drome","10":"tag-edition-valence-rhone-crussol-vallee-de-la-drome","11":"tag-fil-info","12":"tag-fil-info-sport","13":"tag-fr","14":"tag-france","15":"tag-pro-d2","16":"tag-romans","17":"tag-romans-sur-isere","18":"tag-rugby","19":"tag-rugby-football","20":"tag-sport","21":"tag-sport-national","22":"tag-sports","23":"tag-valence","24":"tag-valence-bassin","25":"tag-vrdr-valence-romans-drome-rugby"},"share_on_mastodon":{"url":"https:\/\/pubeurope.com\/@fr\/114408381655253202","error":""},"_links":{"self":[{"href":"https:\/\/www.europesays.com\/fr\/wp-json\/wp\/v2\/posts\/56130","targetHints":{"allow":["GET"]}}],"collection":[{"href":"https:\/\/www.europesays.com\/fr\/wp-json\/wp\/v2\/posts"}],"about":[{"href":"https:\/\/www.europesays.com\/fr\/wp-json\/wp\/v2\/types\/post"}],"author":[{"embeddable":true,"href":"https:\/\/www.europesays.com\/fr\/wp-json\/wp\/v2\/users\/2"}],"replies":[{"embeddable":true,"href":"https:\/\/www.europesays.com\/fr\/wp-json\/wp\/v2\/comments?post=56130"}],"version-history":[{"count":0,"href":"https:\/\/www.europesays.com\/fr\/wp-json\/wp\/v2\/posts\/56130\/revisions"}],"wp:featuredmedia":[{"embeddable":true,"href":"https:\/\/www.europesays.com\/fr\/wp-json\/wp\/v2\/media\/56131"}],"wp:attachment":[{"href":"https:\/\/www.europesays.com\/fr\/wp-json\/wp\/v2\/media?parent=56130"}],"wp:term":[{"taxonomy":"category","embeddable":true,"href":"https:\/\/www.europesays.com\/fr\/wp-json\/wp\/v2\/categories?post=56130"},{"taxonomy":"post_tag","embeddable":true,"href":"https:\/\/www.europesays.com\/fr\/wp-json\/wp\/v2\/tags?post=56130"}],"curies":[{"name":"wp","href":"https:\/\/api.w.org\/{rel}","templated":true}]}}