{"id":561301,"date":"2025-11-27T02:27:20","date_gmt":"2025-11-27T02:27:20","guid":{"rendered":"https:\/\/www.europesays.com\/fr\/561301\/"},"modified":"2025-11-27T02:27:20","modified_gmt":"2025-11-27T02:27:20","slug":"journaliste-dun-jour-la-maison-ronald-mcdonald-de-strasbourg-au-plus-pres-des-familles-des-enfants-hospitalises","status":"publish","type":"post","link":"https:\/\/www.europesays.com\/fr\/561301\/","title":{"rendered":"Journaliste d&rsquo;un jour. La Maison Ronald McDonald de Strasbourg\u00a0au plus pr\u00e8s des familles des enfants hospitalis\u00e9s"},"content":{"rendered":"<p class=\"Studys\">Offrir aux familles d\u2019enfants hospitalis\u00e9s un lieu \u00e0 proximit\u00e9 o\u00f9 se reposer, se retrouver et reprendre des forces, c\u2019est l\u2019objectif quotidien de la Maison Ronald McDonald de Strasbourg. Depuis son ouverture en 2004, cette fondation a accueilli 5 173 familles et, pour la seule ann\u00e9e 2024, propos\u00e9 572 s\u00e9jours.<\/p>\n<p class=\"Studys\">Elle compte 25 chambres ouvertes aux familles d\u2019enfants hospitalis\u00e9s, mais aussi des femmes ayant une grossesse \u00e0 risques et qui sont suivies par l\u2019h\u00f4pital d\u2019Hautepierre. Chaque jour, les employ\u00e9s se relaient pour les accompagner dans un cadre s\u00e9curis\u00e9 et pens\u00e9 pour leur permettre de rester proches de leur enfant. La nuit\u00e9e est \u00e0 un tarif symbolique de 10 \u20ac pour rester accessible au plus grand nombre.<\/p>\n<p class=\"Studys\">La fondation Ronald McDonald trouve son origine en 1974, aux \u00c9tats-Unis. Un joueur de football am\u00e9ricain, confront\u00e9 \u00e0 la leuc\u00e9mie de sa fille, d\u00e9couvre les difficult\u00e9s pour les parents de rester aupr\u00e8s d\u2019un enfant hospitalis\u00e9. Avec l\u2019aide de son \u00e9quipe et du sponsor bien connu, il participe \u00e0 la cr\u00e9ation de la premi\u00e8re Maison Ronald McDonald.<\/p>\n<p>\u00ab\u00a0Un accueil et une ambiance plus que chaleureuse\u00a0!\u00a0\u00bb<\/p>\n<p class=\"Studys\">Les situations auxquelles sont confront\u00e9es les occupants de la maison \u00e0 Strasbourg sont extr\u00eamement vari\u00e9es : cancers p\u00e9diatriques, maladies chroniques, pr\u00e9maturit\u00e9, accidents graves ou diagnostics impr\u00e9vus. Certains s\u00e9jours sont tr\u00e8s courts, d\u2019autres durent plusieurs semaines en raison de traitements m\u00e9dicaux tr\u00e8s longs.<\/p>\n<p class=\"Studys\">Ici, on entend diff\u00e9rentes langues et les traditions culinaires sont vari\u00e9es. Cette diversit\u00e9 oblige l\u2019\u00e9quipe \u00e0 s\u2019adapter, \u00e0 \u00e9couter et parfois \u00e0 traduire pour faire le lien avec l\u2019h\u00f4pital. Certaines familles arrivent dans l\u2019urgence et dans la peur, chacun vit l\u2019hospitalisation \u00e0 sa fa\u00e7on. L\u2019\u00e9quipe d\u2019accueil leur apporte une \u00e9coute, un soutien psychologique ou simplement un refuge.<\/p>\n<p class=\"Studys\">Dans cette maison peut se cr\u00e9er une forme de solidarit\u00e9 entre des personnes qui, sans se conna\u00eetre, vivent des \u00e9preuves similaires. \u00ab\u00a0Merci de nous avoir apport\u00e9 du soutien dans l\u2019\u00e9preuve que nous avons travers\u00e9e\u00a0\u00bb, \u00e9crit une m\u00e8re dans le livre d\u2019or. Et une autre\u00a0: \u00ab\u00a0Un accueil et une ambiance plus que chaleureuse\u00a0!\u00a0\u00bb La Maison Ronald McDonald illustre pleinement comment la diversit\u00e9 et la solidarit\u00e9 humaine peuvent devenir une force.<\/p>\n","protected":false},"excerpt":{"rendered":"Offrir aux familles d\u2019enfants hospitalis\u00e9s un lieu \u00e0 proximit\u00e9 o\u00f9 se reposer, se retrouver et reprendre des forces,&hellip;\n","protected":false},"author":2,"featured_media":561302,"comment_status":"","ping_status":"","sticky":false,"template":"","format":"standard","meta":{"footnotes":""},"categories":[2820],"tags":[1111,11,2649,1777,674,1011,27,775,67333,12,25,3141,640],"class_list":{"0":"post-561301","1":"post","2":"type-post","3":"status-publish","4":"format-standard","5":"has-post-thumbnail","7":"category-strasbourg","8":"tag-actu","9":"tag-actualites","10":"tag-bas-rhin","11":"tag-eu","12":"tag-europe","13":"tag-fr","14":"tag-france","15":"tag-grand-est","16":"tag-journaliste-dun-jour","17":"tag-news","18":"tag-republique-francaise","19":"tag-selestat","20":"tag-strasbourg"},"share_on_mastodon":{"url":"https:\/\/pubeurope.com\/@fr\/115619302307103613","error":""},"_links":{"self":[{"href":"https:\/\/www.europesays.com\/fr\/wp-json\/wp\/v2\/posts\/561301","targetHints":{"allow":["GET"]}}],"collection":[{"href":"https:\/\/www.europesays.com\/fr\/wp-json\/wp\/v2\/posts"}],"about":[{"href":"https:\/\/www.europesays.com\/fr\/wp-json\/wp\/v2\/types\/post"}],"author":[{"embeddable":true,"href":"https:\/\/www.europesays.com\/fr\/wp-json\/wp\/v2\/users\/2"}],"replies":[{"embeddable":true,"href":"https:\/\/www.europesays.com\/fr\/wp-json\/wp\/v2\/comments?post=561301"}],"version-history":[{"count":0,"href":"https:\/\/www.europesays.com\/fr\/wp-json\/wp\/v2\/posts\/561301\/revisions"}],"wp:featuredmedia":[{"embeddable":true,"href":"https:\/\/www.europesays.com\/fr\/wp-json\/wp\/v2\/media\/561302"}],"wp:attachment":[{"href":"https:\/\/www.europesays.com\/fr\/wp-json\/wp\/v2\/media?parent=561301"}],"wp:term":[{"taxonomy":"category","embeddable":true,"href":"https:\/\/www.europesays.com\/fr\/wp-json\/wp\/v2\/categories?post=561301"},{"taxonomy":"post_tag","embeddable":true,"href":"https:\/\/www.europesays.com\/fr\/wp-json\/wp\/v2\/tags?post=561301"}],"curies":[{"name":"wp","href":"https:\/\/api.w.org\/{rel}","templated":true}]}}