{"id":561305,"date":"2025-11-27T02:29:18","date_gmt":"2025-11-27T02:29:18","guid":{"rendered":"https:\/\/www.europesays.com\/fr\/561305\/"},"modified":"2025-11-27T02:29:18","modified_gmt":"2025-11-27T02:29:18","slug":"une-cantine-solidaire-flambant-neuve-sest-installee-a-nice","status":"publish","type":"post","link":"https:\/\/www.europesays.com\/fr\/561305\/","title":{"rendered":"une cantine solidaire flambant neuve s\u2019est install\u00e9e \u00e0 Nice"},"content":{"rendered":"<p class=\"fs-5 \">Les b\u00e9n\u00e9voles dressent la table au milieu de la salle, comme l\u2019on dresserait un drapeau blanc au milieu de la nuit.<\/p>\n<p class=\"fs-5 \">Il est 19h, la tr\u00eave de gal\u00e8re est sonn\u00e9e : au 42 rue Dabray, \u00e0 Nice, une cantine solidaire vient d\u2019ouvrir.<\/p>\n<p class=\"fs-5 \">L\u00e0 o\u00f9 logeaient, jusqu\u2019en septembre, les objets trouv\u00e9s, se regroupe d\u00e9sormais une troupe hagarde et bigarr\u00e9e, parfois sans logements, souvent sans-le-sou.<\/p>\n<p class=\"fs-5 \">Mais loin du clich\u00e9 \u00e9prouv\u00e9 et \u00e9prouvant d\u2019une file d\u2019attente s\u2019\u00e9tirant dans le froid, tous s\u2019engouffrent dans un refuge flambant neuf.<\/p>\n<p class=\"fs-5 \">S\u2019y d\u00e9ploie une antichambre pour patienter, recharger les batteries et son t\u00e9l\u00e9phone, puis un r\u00e9fectoire o\u00f9 s\u2019asseoir et manger chaud, gratuitement. De la dignit\u00e9 sur 320m2.<\/p>\n<p class=\"fs-5 \">Ces lieux chaleureux, repris par le CCAS, accueillent les maraudes alimentaires de six associations. Du lundi au vendredi (et le samedi une fois sur deux) jusqu\u2019\u00e0 20h 30, elles alignent volontaires aux mains solidaires.<\/p>\n<p class=\"fs-5 \">\u00ab En am\u00e9liorant l\u2019accueil, nous remplissons une mission primordiale du CCAS. Tout le monde travaillera mieux dans ces conditions \u00bb, f\u00e9licite Jennifer Salles, adjointe aux Solidarit\u00e9s.<\/p>\n<p>                                                                                \u00ab Ici, au moins, on ne risque pas de se prendre un coup de couteau pour un repas \u00bb<\/p>\n<p class=\"fs-5 \">De quoi pallier la disparition des distributions de la rue Fod\u00e9r\u00e9 et du jardin Thiole. <a href=\"https:\/\/www.nicematin.com\/societe\/social\/apres-des-plaintes-de-voisins-il-n-y-aura-bientot-plus-de-distribution-de-repas-pour-les-personnes-precaires-au-port-de-nice-967040\" target=\"_blank\" rel=\"noopener\">En janvier, au port<\/a>, puis \u00e0 la Lib\u00e9, cet \u00e9t\u00e9, Christian Estrosi avait demand\u00e9 \u00e0 tout le monde de remballer, pour limiter \u00ab les nuisances caus\u00e9es aupr\u00e8s du voisinage \u00bb.<\/p>\n<p class=\"fs-5 \">La Ville mise dor\u00e9navant sur \u00ab les sites en int\u00e9rieur \u00bb.<\/p>\n<p class=\"fs-5 \">Mais jusqu\u2019\u00e0 pr\u00e9sent, il n\u2019existait que le CCAS du XVe corps.<\/p>\n<p class=\"fs-5 \">\u00ab Nous entasser au m\u00eame endroit, c\u2019\u00e9tait le meilleur moyen de faire de mauvais m\u00e9langes \u00bb, d\u00e9glutit Micka\u00ebl en sirotant son potage fumant.<\/p>\n<p class=\"fs-5 \">\u00ab J\u2019allais jamais \u00e0 la distrib\u2019. Au XVe, il n\u2019y a que des dangereux, ils nous ont tous fait fuir. Heureusement que Dabray \u00e0 ouvert. Ici, au moins, on ne risque pas de se prendre un coup de couteau pour un repas \u00bb. D\u00e9sormais, \u00ab Micka \u00bb et son pote Kim viennent tous les soirs.<\/p>\n<p class=\"fs-5 \">\u00c0 l\u2019instar de S\u00e9bastien, leur voisin de tabl\u00e9e. Pudique et prudent, il confie se sentir \u00ab enfin en s\u00e9curit\u00e9. \u00c0 la rue, c\u2019est jamais gagn\u00e9 de faire confiance. Je suis d\u00e9j\u00e0 reparti d\u2019une maraude le ventre vide et la gueule cass\u00e9e. Mais jamais ici. \u00bb<\/p>\n<p class=\"fs-5 \">Un silence, une grimace. \u00ab D\u00e9sol\u00e9, j\u2019ai encore le souvenir de ma vie de citoyen lambda \u00bb, s\u2019excuse-t-il \u00ab pour les larmes. \u00bb<\/p>\n<p class=\"fs-5 \">Avant qu\u2019une sayn\u00e8te ne lui arrache un sourire tendre et triste : une ribambelle de bambins qui d\u00e9boule. \u00ab Tant qu\u2019il y a des gosses, c\u2019est que l\u2019endroit est accueillant. \u00bb<\/p>\n<p class=\"fs-5 \">Quitte \u00e0 ce que \u00e7a soit un peu bruyant.<\/p>\n<p>                                                                                Jeunes parents sans enfants<\/p>\n<p class=\"fs-5 \">Rires et cris montent du groupe de petits, bient\u00f4t rejoint par une horde de Labubus.<\/p>\n<p class=\"fs-5 \">Ces monstres mignons en peluche sont \u00ab la trend [la tendance] \u00e0 l\u2019\u00e9cole \u00bb, rugit un minot.<\/p>\n<p class=\"fs-5 \">\u00ab Waouh ! y a m\u00eame le collector de No\u00ebl ! \u00bb, bondit une gamine. Mini-embrouille pour savoir qui va le r\u00e9cup\u00e9rer.<\/p>\n<p class=\"fs-5 \">\u00ab Moi je m\u2019en fiche des jouets. Le principal, c\u2019est d\u2019\u00eatre en s\u00e9curit\u00e9 et d\u2019avoir \u00e0 manger. J\u2019veux plus avoir faim \u00bb, tranche Agnesa. Elle a 11 ans.<\/p>\n<p class=\"fs-5 \">\u00c0 l\u2019autre bout de la pi\u00e8ce, un couple juv\u00e9nile jette quelques regards envieux sur la marmaille.<\/p>\n<p class=\"fs-5 \">Puis baisse la t\u00eate.<\/p>\n<p class=\"fs-5 \">\u00ab Pas un instant ne passe sans qu\u2019on pense \u00e0 nos gamins \u00bb, articule Elvis. Leurs batailles s\u2019appellent Ryan et Camelia, 4 et 1 an.<\/p>\n<p class=\"fs-5 \">Des b\u00e9b\u00e9s enlev\u00e9s aux parents pour \u00eatre sauv\u00e9s de la rue par l\u2019Aide sociale \u00e0 l\u2019enfance.<\/p>\n<p class=\"fs-5 \">\u00ab Mais maintenant, on a un appart, m\u00eame si le loyer nous prend tous nos revenus \u00bb, plaide Sarah. \u00ab Reste plus qu\u2019\u00e0 trouver un boulot plus stable que l\u2019int\u00e9rim. En attendant, on vient \u00e0 Dabray. \u00c7a nous change de nos repas de pauvres. Ce soir, ce sont les restos de Monaco qui r\u00e9galent ! \u00bb<\/p>\n<p class=\"fs-5 \">La jeune femme engloutit la fatalit\u00e9 et une salade de fruits \u00e0 la chantilly. Juste \u00e0 temps, il est d\u00e9j\u00e0 l\u2019heure de repartir.<\/p>\n<p class=\"fs-5 \">20h30, on remballe les tables.<\/p>\n<p class=\"fs-5 \">La tr\u00eave est finie. Mais plus de 140 couverts ont \u00e9t\u00e9 servis.<\/p>\n<p>                                                                                La Ville accus\u00e9e \u00ab de concentrer la mis\u00e8re \u00bb<\/p>\n<p class=\"fs-5 \">La grogne riveraine ne s\u2019est pas fait attendre. Dans un courrier adress\u00e9 \u00e0 la Ville, des habitants de la rue Dabray s\u2019inqui\u00e8tent de la paup\u00e9risation du quartier.<\/p>\n<p class=\"fs-5 \">La co-autrice, Roxanne, jointe par t\u00e9l\u00e9phone, alerte sur la \u00ab forte concentration d\u2019une population tr\u00e8s pr\u00e9caire. Dans la m\u00eame rue, on retrouve les Restos du C\u0153urs [et le dispensaire de l\u2019Ordre de Malte]. \u00c0 c\u00f4t\u00e9, rue Vernier, il y a le Secours Populaire et \u00e0 la rue Trachel, l\u2019accueil de nuit. On est pour la mixit\u00e9 sociale. Mais la Ville la tue en concentrant la mis\u00e8re. Les nuisances explosent. Il y a des bagarres, des hommes ivres, on n\u2019est plus en s\u00e9curit\u00e9. \u00bb<\/p>\n<p class=\"fs-5 \">De son c\u00f4t\u00e9, Jennifer Salles, adjointe au CCAS, rappelle que \u00ab des agents de s\u00e9curit\u00e9 sont pr\u00e9sents lors de la distribution et qu\u2019une salle d\u2019attente a \u00e9t\u00e9 ouverte pour que personne n\u2019attende dehors et ne trouble le voisinage. \u00bb<\/p>\n<p class=\"fs-5 \">La directrice du centre, Cathy Herbert acquiesce : \u00ab Ne stigmatisons pas les b\u00e9n\u00e9ficiaires. Ils savent qu\u2019il est dans leur int\u00e9r\u00eat que tout se passe bien. Nous y veillerons. \u00bb<\/p>\n","protected":false},"excerpt":{"rendered":"Les b\u00e9n\u00e9voles dressent la table au milieu de la salle, comme l\u2019on dresserait un drapeau blanc au milieu&hellip;\n","protected":false},"author":2,"featured_media":561306,"comment_status":"","ping_status":"","sticky":false,"template":"","format":"standard","meta":{"footnotes":""},"categories":[2819],"tags":[1111,11,1777,674,1011,27,12,2401,882,25],"class_list":{"0":"post-561305","1":"post","2":"type-post","3":"status-publish","4":"format-standard","5":"has-post-thumbnail","7":"category-nice","8":"tag-actu","9":"tag-actualites","10":"tag-eu","11":"tag-europe","12":"tag-fr","13":"tag-france","14":"tag-news","15":"tag-nice","16":"tag-provence-alpes-cote-dazur","17":"tag-republique-francaise"},"share_on_mastodon":{"url":"https:\/\/pubeurope.com\/@fr\/115619311598779591","error":""},"_links":{"self":[{"href":"https:\/\/www.europesays.com\/fr\/wp-json\/wp\/v2\/posts\/561305","targetHints":{"allow":["GET"]}}],"collection":[{"href":"https:\/\/www.europesays.com\/fr\/wp-json\/wp\/v2\/posts"}],"about":[{"href":"https:\/\/www.europesays.com\/fr\/wp-json\/wp\/v2\/types\/post"}],"author":[{"embeddable":true,"href":"https:\/\/www.europesays.com\/fr\/wp-json\/wp\/v2\/users\/2"}],"replies":[{"embeddable":true,"href":"https:\/\/www.europesays.com\/fr\/wp-json\/wp\/v2\/comments?post=561305"}],"version-history":[{"count":0,"href":"https:\/\/www.europesays.com\/fr\/wp-json\/wp\/v2\/posts\/561305\/revisions"}],"wp:featuredmedia":[{"embeddable":true,"href":"https:\/\/www.europesays.com\/fr\/wp-json\/wp\/v2\/media\/561306"}],"wp:attachment":[{"href":"https:\/\/www.europesays.com\/fr\/wp-json\/wp\/v2\/media?parent=561305"}],"wp:term":[{"taxonomy":"category","embeddable":true,"href":"https:\/\/www.europesays.com\/fr\/wp-json\/wp\/v2\/categories?post=561305"},{"taxonomy":"post_tag","embeddable":true,"href":"https:\/\/www.europesays.com\/fr\/wp-json\/wp\/v2\/tags?post=561305"}],"curies":[{"name":"wp","href":"https:\/\/api.w.org\/{rel}","templated":true}]}}