{"id":561309,"date":"2025-11-27T02:31:17","date_gmt":"2025-11-27T02:31:17","guid":{"rendered":"https:\/\/www.europesays.com\/fr\/561309\/"},"modified":"2025-11-27T02:31:17","modified_gmt":"2025-11-27T02:31:17","slug":"1-nantais-au-concours-national-meilleure-galette-aux-amandes","status":"publish","type":"post","link":"https:\/\/www.europesays.com\/fr\/561309\/","title":{"rendered":"1 nantais au concours national meilleure galette aux amandes"},"content":{"rendered":"<p>                            <strong>Un concours est organis\u00e9 d\u00e9but d\u00e9cembre par la Conf\u00e9d\u00e9ration Nationale de la Boulangerie et Boulangerie-P\u00e2tisserie Fran\u00e7aise. Un nantais participera \u00e0 ce concours national de la Meilleure Galette aux Amandes.<\/strong><\/p>\n<p>La 4e \u00e9dition \u00e9dition du Concours National de la Meilleure Galette aux Amandes est programm\u00e9e du mardi 2 au mercredi 3 d\u00e9cembre 2025 \u00e0 Avermes dans l\u2019Allier. Parmi les 20 candidats finalistes, un repr\u00e9sentant de la r\u00e9gion des Pays de la Loire bien connu des nantais. En effet, c\u2019est Ludovic Guillot de la boulangerie Old\u00fc \u00e0 Nantes qui rel\u00e8vera ce d\u00e9fi entre cr\u00e8me et feuilletage. Il avait notamment obtenu la premi\u00e8re place pour sa galette de rois aux amandes au classement de la F\u00e9d\u00e9ration des Boulangers de Loire-Atlantique en 2025.<\/p>\n<p>\u00ab Tout au long de ces 2 journ\u00e9es, les artisans boulangers-p\u00e2tissiers venus de l\u2019ensemble du territoire pr\u00e9senteront leur interpr\u00e9tation de ce grand classique, conjuguant savoir-faire, innovation et respect des traditions \u00bb expliquent les organisateurs dans un communiqu\u00e9. La recette d\u2019une bonne galette ?\u00ab Bien cuite, r\u00e9guli\u00e8re et avec une d\u00e9coration soign\u00e9e\u00bb \u00a0d\u00e9taille Dominique Anract, Pr\u00e9sident de la Conf\u00e9d\u00e9ration Nationale de la Boulangerie et Boulangerie-P\u00e2tisserie Fran\u00e7aise. \u00ab \u00a0Il faut qu\u2019elle soit belle et app\u00e9tissante. Ensuite, c\u2019est une question d\u2019\u00e9quilibre entre le feuilletage et la cr\u00e8me d\u2019amande ou la frangipane \u00bb ajoute-t-il.<\/p>\n<p>A lire \u00e9galement \u00a0: <strong><a href=\"https:\/\/hellogazettenantes.fr\/une-6e-collecte-solidaire-de-noel-sebastiennaise\/\" target=\"_blank\" rel=\"noopener\">Une 6e collecte solidaire de No\u00ebl s\u00e9bastiennaise<\/a><\/strong>            <\/p>\n<p><img decoding=\"async\" alt=\"Advertisement\" src=\"data:image\/svg+xml,%3Csvg%20xmlns=\" http:=\"\" data-lazy-src=\"https:\/\/www.europesays.com\/fr\/wp-content\/uploads\/2025\/04\/Application-mobile-hello-gazette-nantes.gif\"\/><\/p>\n","protected":false},"excerpt":{"rendered":"Un concours est organis\u00e9 d\u00e9but d\u00e9cembre par la Conf\u00e9d\u00e9ration Nationale de la Boulangerie et Boulangerie-P\u00e2tisserie Fran\u00e7aise. Un nantais&hellip;\n","protected":false},"author":2,"featured_media":561310,"comment_status":"","ping_status":"","sticky":false,"template":"","format":"standard","meta":{"footnotes":""},"categories":[2818],"tags":[1111,11,1777,674,1011,27,766,12,2636,25],"class_list":{"0":"post-561309","1":"post","2":"type-post","3":"status-publish","4":"format-standard","5":"has-post-thumbnail","7":"category-nantes","8":"tag-actu","9":"tag-actualites","10":"tag-eu","11":"tag-europe","12":"tag-fr","13":"tag-france","14":"tag-nantes","15":"tag-news","16":"tag-pays-de-la-loire","17":"tag-republique-francaise"},"share_on_mastodon":{"url":"","error":""},"_links":{"self":[{"href":"https:\/\/www.europesays.com\/fr\/wp-json\/wp\/v2\/posts\/561309","targetHints":{"allow":["GET"]}}],"collection":[{"href":"https:\/\/www.europesays.com\/fr\/wp-json\/wp\/v2\/posts"}],"about":[{"href":"https:\/\/www.europesays.com\/fr\/wp-json\/wp\/v2\/types\/post"}],"author":[{"embeddable":true,"href":"https:\/\/www.europesays.com\/fr\/wp-json\/wp\/v2\/users\/2"}],"replies":[{"embeddable":true,"href":"https:\/\/www.europesays.com\/fr\/wp-json\/wp\/v2\/comments?post=561309"}],"version-history":[{"count":0,"href":"https:\/\/www.europesays.com\/fr\/wp-json\/wp\/v2\/posts\/561309\/revisions"}],"wp:featuredmedia":[{"embeddable":true,"href":"https:\/\/www.europesays.com\/fr\/wp-json\/wp\/v2\/media\/561310"}],"wp:attachment":[{"href":"https:\/\/www.europesays.com\/fr\/wp-json\/wp\/v2\/media?parent=561309"}],"wp:term":[{"taxonomy":"category","embeddable":true,"href":"https:\/\/www.europesays.com\/fr\/wp-json\/wp\/v2\/categories?post=561309"},{"taxonomy":"post_tag","embeddable":true,"href":"https:\/\/www.europesays.com\/fr\/wp-json\/wp\/v2\/tags?post=561309"}],"curies":[{"name":"wp","href":"https:\/\/api.w.org\/{rel}","templated":true}]}}