{"id":561311,"date":"2025-11-27T02:32:48","date_gmt":"2025-11-27T02:32:48","guid":{"rendered":"https:\/\/www.europesays.com\/fr\/561311\/"},"modified":"2025-11-27T02:32:48","modified_gmt":"2025-11-27T02:32:48","slug":"feminicide-de-saint-colomban-les-precisions-du-procureur","status":"publish","type":"post","link":"https:\/\/www.europesays.com\/fr\/561311\/","title":{"rendered":"F\u00e9minicide de Saint-Colomban : les pr\u00e9cisions du Procureur"},"content":{"rendered":"<p>F\u00e9minicide de Saint-Colomban : les pr\u00e9cisions du Procureur de la R\u00e9publique de Nantes. Le suspect a \u00e9t\u00e9 retrouv\u00e9, par les policiers de Rez\u00e9, pendu \u00e0 un arbre, \u00e0 Trentemoult, ce mercredi matin, 26 novembre.<\/p>\n<p>Au lendemain <a href=\"https:\/\/www.actu44.fr\/saint-colomban-une-femme-tuee-a-larme-blanche\/\" target=\"_blank\" rel=\"noopener\">du f\u00e9minicide de Saint-Colomban, qui a cout\u00e9 la vie \u00e0 une \u00e2g\u00e9e de 53 ans<\/a>,\u00a0 Antoine Leroy, procureur de la R\u00e9publique de Nantes apporte quelques pr\u00e9cisions :<\/p>\n<p>\u00ab\u00a0Les secours \u00e9taient sollicit\u00e9s le 25 novembre 2025 au Lieu-Dit La Haut Roquette \u00e0 Saint-Colomban (44)* et arrivaient sur place \u00e0 20 h 15, pour la tentative d\u2019assassinat de Nathalie G. (n\u00e9e en 1976 \u00e0 Nantes) par son ancien conjoint, Pascal G. (n\u00e9 en 1968 \u00e0 Nantes). Des premiers \u00e9l\u00e9ments recueillis sur place par la gendarmerie, il en ressortait que cette derni\u00e8re \u00e9tait venue au domicile de leur fille pour f\u00eater l\u2019anniversaire de leur gendre. Alors qu\u2019ils s\u2019appr\u00eataient \u00e0 quitter le domicile, et que la victime sortait de la maison avec sa fille, le mis en cause arrivait, en provenant d\u2019un chemin sur le c\u00f4t\u00e9 du garage, bord\u00e9 par une for\u00eat, et lui portait de nombreux coups de couteau, que d\u00e9taillera l\u2019autopsie \u00e0 venir, \u00e0 savoir une vingtaine, de taille et profondeur diff\u00e9rentes, dans le ventre, sur le haut de la poitrine c\u00f4t\u00e9 gauche, dans le dos, au genou gauche et aux deux mains.\u00a0\u00bb pr\u00e9cise le procureur de Nantes.<\/p>\n<p>Une vingtaine de coups de couteaux<\/p>\n<p>\u00ab\u00a0Malgr\u00e9 les soins imm\u00e9diatement prodigu\u00e9s par les pompiers pendant presque 45 mn, la victime devait d\u00e9c\u00e9der vers 21h. La brigade des recherches de la compagnie de Rez\u00e9 et, en soutien, la section des recherches de la R\u00e9gion de gendarmerie de Loire-Atlantique, proc\u00e9daient imm\u00e9diatement \u00e0 un nombre important de constatations et activaient le dispositif de recherche de l\u2019int\u00e9ress\u00e9, dont le t\u00e9l\u00e9phone portable \u00e9tait retrouv\u00e9 \u00e0 son domicile de La Montagne (44), mais pas le v\u00e9hicule. Les fonctionnaires de police du commissariat de Rez\u00e9 devaient le retrouver en toute fin de matin\u00e9e ce jour 26 novembre 2025, qui s\u2019\u00e9tait donn\u00e9 la mort par pendaison. Il avait fait l\u2019objet d\u2019une condamnation par le tribunal correctionnel de Nantes le 9 mai 2023, notamment pour des menaces de mort r\u00e9it\u00e9r\u00e9es sur la victime et sur leur fils, faits commis le 31 d\u00e9cembre 2022, et faits pour lesquels il avait \u00e9t\u00e9 condamn\u00e9 \u00e0 un an d\u2019emprisonnement avec sursis probatoire pendant deux ans, avec, notamment, interdiction de contact avec les victimes et interdiction de para\u00eetre au domicile.\u00a0\u00bb<\/p>\n<p>La victime avait un t\u00e9l\u00e9phone \u00a0\u00bb grave danger\u00a0\u00bb<\/p>\n<p>\u00ab\u00a0Dans le cadre de cette condamnation, le parquet de Nantes avait attribu\u00e9 \u00e0 la victime, le 9 juin 2023, un \u00ab t\u00e9l\u00e9phone grave danger \u00bb (TGD), dispositif qu\u2019elle n\u2019estimait plus utile et qui lui avait donc \u00e9t\u00e9 retir\u00e9 il y a un peu plus d\u2019un an, le 27 septembre 2024. Elle ne pouvait en toute hypoth\u00e8se juridiquement plus en \u00eatre \u00e9quip\u00e9 \u00e0 partir du 9 mai 2025, date d\u2019expiration du sursis probatoire, lequel s\u2019\u00e9tait par ailleurs d\u00e9roul\u00e9 sans incident. Ces tragiques \u00e9v\u00e9nements, qui ne s\u2019\u00e9taient pas produits sur le ressort du tribunal judiciaire de Nantes depuis de nombreuses ann\u00e9es, se sont pourtant produits cette fois pr\u00e9cis\u00e9ment au cours de la journ\u00e9e internationale pour l\u2019\u00e9limination des violences \u00e0 l\u2019\u00e9gard des femmes. Ils nous rappellent \u00e0 tous la tr\u00e8s grande vigilance qui doit \u00eatre la n\u00f4tre \u00e0 cet \u00e9gard, et ce m\u00eame lorsque tous les dispositifs l\u00e9gislatifs protecteurs de la victime ont pu \u00eatre utilis\u00e9s, comme ce fut le cas en l\u2019occurrence. Ce combat contre les violences \u00e0 l\u2019\u00e9gard des femmes est permanent, et doit donc continuer de mobiliser tout le monde et toutes les institutions.\u00a0\u00bb pr\u00e9cise Antoine Leroy, procureur de la R\u00e9publique \u00e0 Nantes.<\/p>\n<p>* Saint-Colomban est une commune situ\u00e9e \u00e0 25 kilom\u00e8tres au sud ouest de Nantes.<\/p>\n<p>Visuel de Une : M.Antoine Leroy, procureur de la R\u00e9publique de Nantes. \u00a9 Alain Moreau.<\/p>\n","protected":false},"excerpt":{"rendered":"F\u00e9minicide de Saint-Colomban : les pr\u00e9cisions du Procureur de la R\u00e9publique de Nantes. Le suspect a \u00e9t\u00e9 retrouv\u00e9,&hellip;\n","protected":false},"author":2,"featured_media":561312,"comment_status":"","ping_status":"","sticky":false,"template":"","format":"standard","meta":{"footnotes":""},"categories":[2818],"tags":[1111,11,1777,674,1011,27,766,12,2636,25],"class_list":{"0":"post-561311","1":"post","2":"type-post","3":"status-publish","4":"format-standard","5":"has-post-thumbnail","7":"category-nantes","8":"tag-actu","9":"tag-actualites","10":"tag-eu","11":"tag-europe","12":"tag-fr","13":"tag-france","14":"tag-nantes","15":"tag-news","16":"tag-pays-de-la-loire","17":"tag-republique-francaise"},"share_on_mastodon":{"url":"https:\/\/pubeurope.com\/@fr\/115619325759803081","error":""},"_links":{"self":[{"href":"https:\/\/www.europesays.com\/fr\/wp-json\/wp\/v2\/posts\/561311","targetHints":{"allow":["GET"]}}],"collection":[{"href":"https:\/\/www.europesays.com\/fr\/wp-json\/wp\/v2\/posts"}],"about":[{"href":"https:\/\/www.europesays.com\/fr\/wp-json\/wp\/v2\/types\/post"}],"author":[{"embeddable":true,"href":"https:\/\/www.europesays.com\/fr\/wp-json\/wp\/v2\/users\/2"}],"replies":[{"embeddable":true,"href":"https:\/\/www.europesays.com\/fr\/wp-json\/wp\/v2\/comments?post=561311"}],"version-history":[{"count":0,"href":"https:\/\/www.europesays.com\/fr\/wp-json\/wp\/v2\/posts\/561311\/revisions"}],"wp:featuredmedia":[{"embeddable":true,"href":"https:\/\/www.europesays.com\/fr\/wp-json\/wp\/v2\/media\/561312"}],"wp:attachment":[{"href":"https:\/\/www.europesays.com\/fr\/wp-json\/wp\/v2\/media?parent=561311"}],"wp:term":[{"taxonomy":"category","embeddable":true,"href":"https:\/\/www.europesays.com\/fr\/wp-json\/wp\/v2\/categories?post=561311"},{"taxonomy":"post_tag","embeddable":true,"href":"https:\/\/www.europesays.com\/fr\/wp-json\/wp\/v2\/tags?post=561311"}],"curies":[{"name":"wp","href":"https:\/\/api.w.org\/{rel}","templated":true}]}}