{"id":561316,"date":"2025-11-27T02:36:15","date_gmt":"2025-11-27T02:36:15","guid":{"rendered":"https:\/\/www.europesays.com\/fr\/561316\/"},"modified":"2025-11-27T02:36:15","modified_gmt":"2025-11-27T02:36:15","slug":"denbora-la-force-tranquille-de-la-com-toulousaine-fete-ses-10-ans","status":"publish","type":"post","link":"https:\/\/www.europesays.com\/fr\/561316\/","title":{"rendered":"Denbora. La force tranquille de la com toulousaine f\u00eate ses 10 ans"},"content":{"rendered":"<p>Elle a r\u00e9ussi son pari. Son agence de communication toulousaine Denbora\u00a0[<a href=\"#nb1\" class=\"spip_note\" rel=\"appendix\" title=\"Ce mot veut dire \u201cl\u2019instant\u201d en basque.\" id=\"nh1\">1<\/a>] f\u00eate ses dix ans. Dominique Laba\u00ef affiche une mine apais\u00e9e. \u00ab\u00a0En 2015, je ne me projetais pas \u00e0 dix ans. J\u2019avais juste envie de faire de la communication et des \u00e9v\u00e9nements un peu autrement, en y mettant beaucoup de sens. Je collabore avec trois salari\u00e9s et une dizaine d\u2019ind\u00e9pendants tr\u00e8s exp\u00e9riment\u00e9s. Nous sommes des \u00eatres qui se ressemblent, qui partagent les m\u00eames valeurs. Passer ce cap avec eux me rend heureuse\u00a0\u00bb, confie la fondatrice de Denbora.<\/p>\n<p>Son agence ind\u00e9pendante couvre tous les m\u00e9tiers de la communication (cr\u00e9ation \u00e9ditoriale, \u00e9v\u00e9nementiel, relations presse, digital, etc.) et des secteurs tr\u00e8s divers, de l\u2019immobilier \u00e0 la culture, avec une affection toute particuli\u00e8re pour la sant\u00e9 et le social. Parmi les projets imagin\u00e9s par Dominique Laba\u00ef et ses \u00e9quipes, Premier maillon de la cha\u00eene de survie, un \u00e9v\u00e9nement mettant en valeur le r\u00f4le du <a href=\"https:\/\/www.vie-publique.fr\/loi\/269358-statut-de-citoyen-sauveteur-lutte-contre-arret-cardiaque\" class=\"spip_out\" rel=\"external noopener\" target=\"_blank\">citoyen sauveteur<\/a>, qui initie aux gestes qui sauvent. En 2026, l\u2019initiative mettra \u00e9galement en lumi\u00e8re les moyens d\u2019am\u00e9liorer la sant\u00e9 physique et mentale des femmes. Autre \u00e9v\u00e9nement initi\u00e9, un concours de talents (chant, danse, musique, etc.) dans les quartiers les plus fragiles socialement de Toulouse.<\/p>\n<p>Denbora revendique aujourd\u2019hui une centaine de clients\u00a0[<a href=\"#nb2\" class=\"spip_note\" rel=\"appendix\" title=\"Situ\u00e9s en majorit\u00e9 dans le grand Sud-Ouest.\" id=\"nh2\">2<\/a>] et une vingtaine d\u2019\u00e9v\u00e9nements organis\u00e9s chaque ann\u00e9e. Chez les clients fid\u00e8les, citons par exemple la Banque Populaire Occitane et la F\u00e9d\u00e9ration nationale des travaux publics (FNTP). Cette derni\u00e8re compte chaque ann\u00e9e sur l\u2019agence toulousaine pour organiser Pop Up, \u00e9v\u00e9nement sur la voie publique qui cherche \u00e0 pr\u00e9senter au plus grand nombre les m\u00e9tiers des travaux publics.<\/p>\n<p>Des \u00e9v\u00e9nements \u00ab\u00a0cousu main\u00a0\u00bb<\/p>\n<p>Il y a trois ans, Fabienne Peltier, venue de chez Publicis, a rejoint Denbora en tant que directrice d\u00e9l\u00e9gu\u00e9e. \u00ab\u00a0Nous sommes c\u00e2bl\u00e9es de la m\u00eame mani\u00e8re. Comme les autres personnes avec qui travaille, c\u2019est une rencontre profesionnelle mais surtout humaine. Comme moi, elle veut faire du cousu main pour nos clients\u00a0\u00bb, affirme la dirigeante toulousaine.<\/p>\n<p>D\u2019origine basque par son p\u00e8re, Dominique Laba\u00ef retrouve \u00e0 Toulouse \u00ab\u00a0le go\u00fbt de la convivialit\u00e9 et du partage\u00a0\u00bb si pr\u00e9sent dans la terre de ses anc\u00eatres et qu\u2019elle veut faire infuser dans les \u00e9v\u00e9nements qu\u2019elle organise. \u00ab\u00a0L\u00e0, nous revenons avec mon \u00e9quipe des Rencontres philosophiques Michel Serres d\u2019Agen, que nous avons coorganis\u00e9es pour la premi\u00e8re fois. Il y a eu de tr\u00e8s beaux \u00e9changes. Nous sommes tr\u00e8s fiers, car nous allons \u00eatre reconduits pour l\u2019ann\u00e9e prochaine. J\u2019\u00e9tais l\u00e0, attentive, du montage au d\u00e9montage. Ils ont \u00e9t\u00e9 rassur\u00e9s. Ce type de projets, c\u2019est g\u00e9nial, car cela permet de sentir le professionnel et l\u2019\u00eatre humain en nous parfaitement align\u00e9s\u00a0\u00bb, partage Dominique Laba\u00ef. Avec le temps, \u00ab\u00a0l\u2019hyperactive qui aime relever des d\u00e9fis compliqu\u00e9s\u00a0\u00bb semble avoir trouver une forme de s\u00e9r\u00e9nit\u00e9.<br class=\"autobr\"\/><br \/>\nMatthias Hardoy<\/p>\n<p>Sur la photo\u00a0: Dominique Laba\u00ef, la fondatrice de l\u2019agence Denbora, qui f\u00eate ses dix ans. Cr\u00e9dit\u00a0: H\u00e9l\u00e8ne Ressayres-Toul\u00c9co. <\/p>\n<p>Notes<\/p>\n<p>[<a href=\"#nh1\" class=\"spip_note\" title=\"Notes 1\" rev=\"appendix\">1<\/a>]\u00a0Ce mot veut dire \u201cl\u2019instant\u201d en basque.<\/p>\n<p>[<a href=\"#nh2\" class=\"spip_note\" title=\"Notes 2\" rev=\"appendix\">2<\/a>]\u00a0Situ\u00e9s en majorit\u00e9 dans le grand Sud-Ouest.<\/p>\n","protected":false},"excerpt":{"rendered":"Elle a r\u00e9ussi son pari. Son agence de communication toulousaine Denbora\u00a0[1] f\u00eate ses dix ans. Dominique Laba\u00ef affiche&hellip;\n","protected":false},"author":2,"featured_media":561317,"comment_status":"","ping_status":"","sticky":false,"template":"","format":"standard","meta":{"footnotes":""},"categories":[2816],"tags":[1111,11,536,1777,674,1011,27,37280,12,2680,25,2312],"class_list":{"0":"post-561316","1":"post","2":"type-post","3":"status-publish","4":"format-standard","5":"has-post-thumbnail","7":"category-toulouse","8":"tag-actu","9":"tag-actualites","10":"tag-communication","11":"tag-eu","12":"tag-europe","13":"tag-fr","14":"tag-france","15":"tag-marketing-communication","16":"tag-news","17":"tag-occitanie","18":"tag-republique-francaise","19":"tag-toulouse"},"share_on_mastodon":{"url":"https:\/\/pubeurope.com\/@fr\/115619337692567857","error":""},"_links":{"self":[{"href":"https:\/\/www.europesays.com\/fr\/wp-json\/wp\/v2\/posts\/561316","targetHints":{"allow":["GET"]}}],"collection":[{"href":"https:\/\/www.europesays.com\/fr\/wp-json\/wp\/v2\/posts"}],"about":[{"href":"https:\/\/www.europesays.com\/fr\/wp-json\/wp\/v2\/types\/post"}],"author":[{"embeddable":true,"href":"https:\/\/www.europesays.com\/fr\/wp-json\/wp\/v2\/users\/2"}],"replies":[{"embeddable":true,"href":"https:\/\/www.europesays.com\/fr\/wp-json\/wp\/v2\/comments?post=561316"}],"version-history":[{"count":0,"href":"https:\/\/www.europesays.com\/fr\/wp-json\/wp\/v2\/posts\/561316\/revisions"}],"wp:featuredmedia":[{"embeddable":true,"href":"https:\/\/www.europesays.com\/fr\/wp-json\/wp\/v2\/media\/561317"}],"wp:attachment":[{"href":"https:\/\/www.europesays.com\/fr\/wp-json\/wp\/v2\/media?parent=561316"}],"wp:term":[{"taxonomy":"category","embeddable":true,"href":"https:\/\/www.europesays.com\/fr\/wp-json\/wp\/v2\/categories?post=561316"},{"taxonomy":"post_tag","embeddable":true,"href":"https:\/\/www.europesays.com\/fr\/wp-json\/wp\/v2\/tags?post=561316"}],"curies":[{"name":"wp","href":"https:\/\/api.w.org\/{rel}","templated":true}]}}