{"id":561318,"date":"2025-11-27T02:37:15","date_gmt":"2025-11-27T02:37:15","guid":{"rendered":"https:\/\/www.europesays.com\/fr\/561318\/"},"modified":"2025-11-27T02:37:15","modified_gmt":"2025-11-27T02:37:15","slug":"cacophonie-totale-au-conseil-municipal","status":"publish","type":"post","link":"https:\/\/www.europesays.com\/fr\/561318\/","title":{"rendered":"cacophonie totale au Conseil municipal"},"content":{"rendered":"<p>                    Par<br \/>\n        <strong><br \/>\n            <a href=\"https:\/\/actu.fr\/auteur\/guillaume-laurens\" title=\"Consulter tous les articles de Guillaume Laurens\" target=\"_blank\" rel=\"noopener\">Guillaume Laurens<\/a><br \/>\n                    <\/strong><\/p>\n<p>        Publi\u00e9 le<\/p>\n<p>            26 nov. 2025 \u00e0 19h10        <\/p>\n<p>Mais quel bazar\u2009! Passes d\u2019armes, mots doux, invectives\u2026 \u00c0 trois mois et demi des <a href=\"https:\/\/actu.fr\/toulouse\/politique\/elections-municipales\" target=\"_blank\" rel=\"noopener\">\u00e9lections municipales 2026<\/a>, c\u2019est dans une <strong>ambiance <\/strong>\u00e0 la fois<strong> tr\u00e8s tendue <\/strong>et sans cesse perturb\u00e9e par le <strong>m\u00e9gaphone<\/strong> brandi par une \u00e9lue que le conseil municipal de <a href=\"https:\/\/actu.fr\/toulouse\/\" target=\"_blank\" rel=\"noopener\"><strong>Toulouse<\/strong> <\/a>s\u2019est r\u00e9uni, mercredi 26\u00a0novembre 2025, pour l\u2019avant-derni\u00e8re session de la mandature, avant la nouvelle course au Capitole. Floril\u00e8ge.<\/p>\n<p>\u00ab\u2009TPMP\u2009\u00bb face \u00e0 \u00ab\u2009Vous n\u2019aurez pas ma haine\u2009\u00bb<\/p>\n<p class=\" wall-content\">D\u00e8s le d\u00e9but de matin\u00e9e, les accusations en tous genres ont fus\u00e9 d\u2019un camp \u00e0 l\u2019autre ce mercredi. Lors des propos liminaires, le chef de file des \u00e9cologistes\u00a0<strong>Antoine Maurice<\/strong> a tax\u00e9 la majorit\u00e9 d\u2019avoir mont\u00e9 \u00ab\u2009un syst\u00e8me qui enferme Toulouse\u2009\u00bb avec un \u00ab\u2009climat de fermeture, de contr\u00f4le, parfois m\u00eame de dissimulation\u2009\u00bb. Puis la co-pr\u00e9sidente du groupe AMC <strong>Agathe Roby<\/strong> s\u2019est montr\u00e9e tr\u00e8s offensive, accusant entre autres le locataire du Capitole de mener une politique \u00ab\u2009LGBTIphobe\u2009\u00bb, mais aussi de \u00ab\u2009s\u2019accommoder de l\u2019extr\u00eame droite\u2009\u00bb, soup\u00e7onnant de \u00ab\u2009complaisance\u2009\u00bb avec le RN \u00ab\u2009les adjoints\u2009\u00bb au maire \u00ab\u2009qui n\u2019ont rien \u00e0 envier \u00e0 TPMP\u2009\u00bb. \u00ab\u2009Cessez vos <strong>mensonges<\/strong> et d\u00e9sinformations permanentes\u2009\u00bb, r\u00e9pliquera le premier magistrat (DVD) \u00e0 l\u2019endroit de l\u2019\u00e9lue insoumise.<\/p>\n<p class=\" wall-content\">\u00ab\u2009Depuis 2020, les attaques personnelles, la virulence et la haine ont inspir\u00e9 beaucoup d\u2019interventions de l\u2019opposition\u2009\u00bb, a regrett\u00e9 <strong>Jean-Luc Moudenc<\/strong>. \u00ab\u2009Madame Roby, <strong>vous n\u2019aurez pas ma haine<\/strong>. Moi, je respecte mes opposants, quels qu\u2019ils soient\u2009\u00bb.<\/p>\n<p>Vous avez dit \u00ab\u2009prot\u00e9ger l\u2019avenir\u2009\u00bb\u2009?<\/p>\n<p class=\" wall-content\">Agathe Roby a ensuite raill\u00e9 <a href=\"https:\/\/actu.fr\/occitanie\/toulouse_31555\/municipales-2026-a-toulouse-jean-luc-moudenc-je-suis-candidat-pour-proteger-l-avenir-des-toulousains_63397737.html\" target=\"_blank\" rel=\"noopener\">le slogan du maire, candidat \u00e0 sa succession en 2026 <\/a>(\u00abAvec Jean-Luc Moudenc, prot\u00e9geons l\u2019avenir\u2009\u00bb)\u2009:<strong> \u00ab\u2009Vous n\u2019avez pas prot\u00e9g\u00e9 grand-chose dans ce mandat<\/strong>, si ce n\u2019est vos amis\u2009\u00bb. Avant de sugg\u00e9rer \u00e0 l\u2019\u00e9dile de revoir son accroche en \u00ab\u2009Prot\u00e9ger les promoteurs immobiliers et les grands patrons\u2009\u00bb.<\/p>\n<p class=\" wall-content\">Le slogan Moudenc\u2009? Il est jug\u00e9 tout aussi \u00ab\u2009bancal\u2009\u00bb par son comparse du groupe AMC <strong>Maxime Le Texier<\/strong>, qui a ironis\u00e9\u2009: \u00ab\u2009Peut-\u00eatre avez-vous h\u00e9sit\u00e9 avec \u2018Continuons le changement\u2009?\u2019\u00bb Puis il s\u2019est amus\u00e9 des premi\u00e8res propositions du maire-candidat dans cette campagne, notamment de<a href=\"https:\/\/actu.fr\/occitanie\/toulouse_31555\/municipales-2026-nous-proposons-d-instaurer-l-onde-verte-a-toulouse-annonce-jean-luc-moudenc_63440147.html\" target=\"_blank\" rel=\"noopener\"> \u00ab\u2009la plus dr\u00f4le\u2009\u00bb, formul\u00e9e dans un entretien \u00e0 Actu Toulouse<\/a>\u2009: \u00ab\u2009L\u2019onde verte, ou comment faire passer une technique de synchronisation des feux tricolores datant des <strong>ann\u00e9es 90<\/strong> pour une innovation\u2026\u2009\u00bb.<\/p>\n<p class=\" wall-content\">\u00ab\u2009Prot\u00e9ger l\u2019avenir, c\u2019est notre ligne de conduite\u2009\u00bb, a assum\u00e9 <strong>Jean-Luc Moudenc<\/strong> en retour. \u00ab\u2009Je n\u2019en avais pas parl\u00e9 [des Municipales, NDLR] mais je constate non sans plaisir que ma campagne \u00e9lectorale a \u00e9t\u00e9 au centre de toutes les d\u00e9clarations de l\u2019opposition\u2009\u00bb.<\/p>\n<blockquote class=\"ac-article-quote wall-content\">\n<p>Mettre ainsi en avant mon slogan comme pilier de vos interventions, c\u2019est une bonne nouvelle et je vous en sais gr\u00e9.<\/p>\n<p>    <strong>Jean-Luc Moudenc<\/strong>\n            <\/p><\/blockquote>\n<p>\u00ab\u2009Gauche d\u00e9termin\u00e9e\u2009\u00bb ou \u00ab\u2009abdication morale\u2009\u00bb\u2009?<\/p>\n<p class=\" wall-content\">\u00ab\u2009Dans cette campagne, vous trouverez <strong>une gauche<\/strong>, certes pas rassembl\u00e9e au premier tour, mais <strong>d\u00e9termin\u00e9e\u2009\u00bb,<\/strong> a tonn\u00e9 Maxime Le Texier, alors m\u00eame que <a href=\"https:\/\/actu.fr\/occitanie\/toulouse_31555\/municipales-2026-a-toulouse-les-ecologistes-et-archipel-citoyen-divergent-sur-la-marche-a-suivre_63470688.html\" target=\"_blank\" rel=\"noopener\">les Archip\u00e9liens n\u2019ont pas choisi leur chapelle \u00e0 gauche<\/a>, entre socialistes et \u00e9cologistes d\u2019un c\u00f4t\u00e9, insoumis de l\u2019autre.<\/p>\n<p>Votre r\u00e9gion, votre actu !<\/p>\n<p>Recevez chaque jour les infos qui comptent pour vous.<\/p>\n<p>\t<a href=\"https:\/\/actu.fr\/newsletter\" class=\"ac-btn ac-btn--corner ac-btn--medium ac-btn--blue800\" target=\"_blank\" rel=\"noopener\">S&rsquo;incrire<\/a><\/p>\n<p class=\" wall-content\">La gauche unie dans la Ville rose\u2009? Pour le maire, cela t\u00e9moignerait d\u2019une <strong>\u00ab\u2009abdication morale\u2009\u00bb<\/strong> des socialistes au profit des insoumis\u2009: \u00ab\u2009D\u00e8s le premier tour, vous appeliez \u00e0 voter pour M. Piquemal comme d\u00e9put\u00e9\u2009\u00bb, a-t-il souffl\u00e9, regardant <strong>Fran\u00e7ois Brian\u00e7on<\/strong>, son <a href=\"https:\/\/actu.fr\/occitanie\/toulouse_31555\/municipales-2026-a-toulouse-francois-briancon-veut-un-3e-grand-hopital-comme-purpan-et-rangueil_63458297.html\" target=\"_blank\" rel=\"noopener\">rival socialiste des prochaines Municipales<\/a>. \u00ab\u2009En 2026, comme en 2020, vous vous mettrez avec ceux que vous faites semblant de d\u00e9nigrer aujourd\u2019hui, c\u2019est-\u00e0-dire la France insoumise\u2009\u00bb. Se disant \u00ab\u2009engag\u00e9 contre <strong>les deux extr\u00eames\u2009\u00bb,<\/strong> il a lanc\u00e9\u2009:<\/p>\n<blockquote class=\"ac-article-quote wall-content\">\n<p>Vous avez choisi le partenariat, moi, j&rsquo;affronte la France insoumise. Je consid\u00e8re que c\u2019est le plus grand danger pour la d\u00e9mocratie.<\/p>\n<p>    <strong>Jean-Luc Moudenc<\/strong><br \/>\n        Maire (DVD) de Toulouse    <\/p><\/blockquote>\n<p>Une \u00ab\u2009course de petits chevaux\u2009\u00bb<\/p>\n<p class=\" wall-content\">Puis c\u2019est <strong>Odile Maurin,<\/strong> d\u00e9sormais en marge des diff\u00e9rents groupes d\u2019opposition, qui a d\u00e9nonc\u00e9 une<strong> \u00ab\u2009course de petits chevaux<\/strong> entre le maire de droite d\u2019une part, et <strong>ceux qui se r\u00e9clament de la gauche<\/strong> d\u2019autre part\u2009\u00bb. Apr\u00e8s avoir appel\u00e9 \u00e0 \u00ab\u2009chasser celui qui occupe depuis trop longtemps le Capitole\u2009\u00bb, elle a ass\u00e9n\u00e9\u2009: \u00ab\u2009Pour autant, je ne donnerai pas de blanc-seing \u00e0 mes anciens camarades\u2009\u00bb.<\/p>\n<p>\u00ab\u2009Vous mettez en danger ma sant\u00e9\u2009\u00bb, dit-elle au m\u00e9gaphone<\/p>\n<p class=\" wall-content\">Cette m\u00eame Odile Maurin qui \u2014 \u00e0 nouveau \u2014 <a href=\"https:\/\/actu.fr\/occitanie\/toulouse_31555\/video-a-toulouse-une-elue-sort-un-megaphone-en-plein-conseil-municipal-pour-ouvrir-les-fenetres_63492268.html\" target=\"_blank\" rel=\"noopener\">a entra\u00een\u00e9 une <strong>interruption de s\u00e9ance<\/strong><\/a>, apr\u00e8s avoir brandi\u2026 <strong>un m\u00e9gaphone<\/strong>, rendant les d\u00e9bats inaudibles. L\u2019\u00e9lue r\u00e9clamait <strong>d\u2019ouvrir les fen\u00eatres <\/strong>pour a\u00e9rer face \u00ab\u2009au danger du Covid\u2009\u00bb, accusant la majorit\u00e9 de mettre <strong>\u00ab\u2009en danger\u2009\u00bb sa sant\u00e9,<\/strong> face \u00e0 une \u00ab\u2009trop grande concentration de CO2 dans l\u2019air\u2009\u00bb.<\/p>\n<p class=\" wall-content\">Mais celle-ci s\u2019y refusait, nombre d\u2019\u00e9lus ayant <strong>froid<\/strong>, l\u2019un d\u2019eux souffrant en outre d\u2019une maladie chronique. Jean-Luc Moudenc ajoutait que selon des <strong>capteurs<\/strong> install\u00e9s dans la salle, les donn\u00e9es de CO2 dans l\u2019air \u00e9taient inf\u00e9rieures aux seuils l\u00e9gaux.<\/p>\n<p class=\" wall-content\">Apr\u00e8s de longues minutes de confusion, le maire a d\u00e9cr\u00e9t\u00e9 une <strong>suspension de s\u00e9ance<\/strong> de 20\u00a0minutes, durant laquelle<a href=\"https:\/\/actu.fr\/occitanie\/toulouse_31555\/toulouse-renovee-cette-salle-du-capitole-retrouve-son-faste-et-s-ouvre-aux-visiteurs_63483441.html\" target=\"_blank\" rel=\"noopener\"> la pi\u00e8ce fra\u00eechement r\u00e9nov\u00e9e<\/a> a \u00e9t\u00e9 a\u00e9r\u00e9e. \u00ab\u2009On n\u2019a jamais vu \u00e7a\u2009\u00bb, a-t-il soupir\u00e9. La s\u00e9ance a repris (ou presque), ponctu\u00e9e par les <strong>interventions incessantes<\/strong> de l\u2019\u00e9lue r\u00e9clamant, au m\u00e9gaphone, que les fen\u00eatres restent ouvertes en permanence.<\/p>\n<p>\u00ab\u2009Dette Moudenc\u2009\u00bb et \u00ab\u2009g\u00e9nial\u2009\u00bb pourfendeur<\/p>\n<p class=\" wall-content\">Outre les chicayas politiques, qui ont surtout crev\u00e9 l\u2019\u00e9cran lors dans cette s\u00e9ance, de vives passes d\u2019armes ont aussi eu lieu sur le fond, notamment autour du <strong>vote du budget<\/strong> et du <strong>poids de la dette<\/strong>. Alors que le socialiste <strong>Vincent Gibert<\/strong> accusait la majorit\u00e9 \u00ab\u2009de mensonge\u2009\u00bb et \u00ab\u2009d\u2019insinc\u00e9rit\u00e9\u2009\u00bb, son camarade <strong>Fran\u00e7ois Brian\u00e7on<\/strong> s\u2019est inqui\u00e9t\u00e9 de la \u00ab\u2009dette colossale de 3,5\u00a0milliards d\u2019euros\u2009\u00bb, cumul\u00e9e entre la Ville, la M\u00e9tropole et Tiss\u00e9o, qui devrait grimper \u00e0 5,5\u00a0milliards en 2030. \u00ab\u2009\u00c0 la fin du mandat, la <strong>dette Moudenc<\/strong>, ce sera une augmentation de plus de 180\u2009%\u2009\u00bb.<\/p>\n<p class=\" wall-content\">\u00ab\u2009Le pourfendeur de la dette publique vient du parti socialiste, c\u2019est g\u00e9nial\u2009!\u2009\u00bb s\u2019est gauss\u00e9 <strong>Sacha Briand<\/strong>, le grand argentier du Capitole. L\u2019adjoint aux Finances a rappel\u00e9 que ce pic de dette \u00e9tait li\u00e9 au chantier du m\u00e9tro\u2009: \u00ab\u2009Apr\u00e8s 2028, quand les travaux seront termin\u00e9s, les remboursements vont arriver et le niveau d\u2019endettement va progressivement baisser. Au bout de la p\u00e9riode, il sera comparable \u00e0 celui de 2014\u2009\u00bb.<\/p>\n<p>Un combat \u00ab\u2009de biais\u2009\u00bb\u2009?<\/p>\n<p class=\" wall-content\">Une \u00ab\u2009dette Moudenc\u2009\u00bb \u00e0 Toulouse\u2009? De quoi <strong>faire bondir<\/strong> le maire face aux \u00ab\u2009\u00e9normes contradictions\u2009\u00bb de son futur rival\u2009: \u00ab\u2009Si vous \u00e9tiez honn\u00eate politiquement, vous citeriez les r\u00e9alisations que nous avons d\u00e9cid\u00e9es par ces emprunts. Quelles \u00e9coles nous aurions d\u00fb ne pas construire\u2009? Quelles cr\u00e8ches nous aurions d\u00fb ne pas cr\u00e9er\u2009? Puisque vous \u00eates candidat aux Municipales, exposez-nous votre <strong>plan de d\u00e9sendettement\u2009\u00bb,<\/strong> a-t-il lanc\u00e9, avant de rappeler que les <strong>socialistes<\/strong> des communes alentour avaient vot\u00e9 <strong>en faveur des emprunts contract\u00e9s<\/strong> pour le chantier du si\u00e8cle aux conseils de la M\u00e9tropole et de Tiss\u00e9o\u2026 Ce qui lui fait dire\u2009: \u00ab\u2009La ligne C du m\u00e9tro, vous la combattez de biais\u2009\u00bb.<\/p>\n<p class=\" wall-content\">Personnalisez votre actualit\u00e9 en ajoutant vos villes et m\u00e9dias en favori avec <a href=\"https:\/\/moncompte.actu.fr\" title=\"D\u00e9couvez Mon Actu\" rel=\"nofollow noopener\" data-trk=\"{&quot;cta&quot;:{&quot;action&quot;:&quot;https:\\\/\\\/moncompte.actu.fr&quot;,&quot;category&quot;:&quot;mon compte&quot;,&quot;from&quot;:&quot;article footer&quot;,&quot;name&quot;:&quot;Mon actu&quot;,&quot;type&quot;:&quot;cta&quot;}}\" target=\"_blank\">Mon Actu<\/a>.<\/p>\n","protected":false},"excerpt":{"rendered":"Par Guillaume Laurens Publi\u00e9 le 26 nov. 2025 \u00e0 19h10 Mais quel bazar\u2009! Passes d\u2019armes, mots doux, invectives\u2026&hellip;\n","protected":false},"author":2,"featured_media":561319,"comment_status":"","ping_status":"","sticky":false,"template":"","format":"standard","meta":{"footnotes":""},"categories":[2816],"tags":[1111,11,1777,674,1011,27,2857,3434,12,2680,316,25,2312],"class_list":{"0":"post-561318","1":"post","2":"type-post","3":"status-publish","4":"format-standard","5":"has-post-thumbnail","7":"category-toulouse","8":"tag-actu","9":"tag-actualites","10":"tag-eu","11":"tag-europe","12":"tag-fr","13":"tag-france","14":"tag-jean-luc-moudenc","15":"tag-municipales-2026","16":"tag-news","17":"tag-occitanie","18":"tag-politique","19":"tag-republique-francaise","20":"tag-toulouse"},"share_on_mastodon":{"url":"https:\/\/pubeurope.com\/@fr\/115619341755896292","error":""},"_links":{"self":[{"href":"https:\/\/www.europesays.com\/fr\/wp-json\/wp\/v2\/posts\/561318","targetHints":{"allow":["GET"]}}],"collection":[{"href":"https:\/\/www.europesays.com\/fr\/wp-json\/wp\/v2\/posts"}],"about":[{"href":"https:\/\/www.europesays.com\/fr\/wp-json\/wp\/v2\/types\/post"}],"author":[{"embeddable":true,"href":"https:\/\/www.europesays.com\/fr\/wp-json\/wp\/v2\/users\/2"}],"replies":[{"embeddable":true,"href":"https:\/\/www.europesays.com\/fr\/wp-json\/wp\/v2\/comments?post=561318"}],"version-history":[{"count":0,"href":"https:\/\/www.europesays.com\/fr\/wp-json\/wp\/v2\/posts\/561318\/revisions"}],"wp:featuredmedia":[{"embeddable":true,"href":"https:\/\/www.europesays.com\/fr\/wp-json\/wp\/v2\/media\/561319"}],"wp:attachment":[{"href":"https:\/\/www.europesays.com\/fr\/wp-json\/wp\/v2\/media?parent=561318"}],"wp:term":[{"taxonomy":"category","embeddable":true,"href":"https:\/\/www.europesays.com\/fr\/wp-json\/wp\/v2\/categories?post=561318"},{"taxonomy":"post_tag","embeddable":true,"href":"https:\/\/www.europesays.com\/fr\/wp-json\/wp\/v2\/tags?post=561318"}],"curies":[{"name":"wp","href":"https:\/\/api.w.org\/{rel}","templated":true}]}}