{"id":56132,"date":"2025-04-27T05:55:10","date_gmt":"2025-04-27T05:55:10","guid":{"rendered":"https:\/\/www.europesays.com\/fr\/56132\/"},"modified":"2025-04-27T05:55:10","modified_gmt":"2025-04-27T05:55:10","slug":"bencic-passe-en-8es-de-finale-rts-ch","status":"publish","type":"post","link":"https:\/\/www.europesays.com\/fr\/56132\/","title":{"rendered":"Bencic passe en 8es de finale &#8211; rts.ch"},"content":{"rendered":"<p>Belinda Bencic (WTA 42) poursuit sa route dans le WTA 1000 de Madrid. La championne olympique 2020 s&rsquo;est hiss\u00e9e en 8e de finale en sortant Beatriz Haddad Maia (19) apr\u00e8s un combat de 3h04&prime;.<\/p>\n<p>Tombeuse en deux sets de la 23e mondiale Clara Tauson au 2e tour, Belinda Bencic s&rsquo;est impos\u00e9e 6-3 4-6 7-6 (7\/2) au 3e tour devant la gauch\u00e8re br\u00e9silienne pour encha\u00eener un deuxi\u00e8me succ\u00e8s face \u00e0 une top-30. Elle \u00e9tait pourtant au bord du pr\u00e9cipice dans la troisi\u00e8me manche.<\/p>\n<p>La St-Galloise s&rsquo;est ainsi retrouv\u00e9e men\u00e9e 4-1 dans le set d\u00e9cisif, apr\u00e8s avoir conc\u00e9d\u00e9 son service \u00e0 six reprises depuis l&rsquo;entame de la deuxi\u00e8me manche. Elle a su \u00e9lever son niveau de jeu pour renverser la table, survolant les d\u00e9bats dans le tie-break, non sans avoir effac\u00e9 deux balles de break \u00e0 5-5.<\/p>\n<p>Masarova face \u00e0 Stearns<\/p>\n<p>Belinda Bencic retrouvera en 8e de finale Coco Gauff (4), qu&rsquo;elle affrontera pour la troisi\u00e8me fois de l&rsquo;ann\u00e9e d\u00e9j\u00e0. Battue par l&rsquo;Am\u00e9ricaine en 8e de finale de l&rsquo;Open d&rsquo;Australie en janvier, la jeune maman avait pris sa revanche au m\u00eame stade de la comp\u00e9tition en mars \u00e0 Indian Wells.<\/p>\n<p>Rebeka Masarova (153) disputera quant \u00e0 elle son 3e tour dimanche sur la terre battue madril\u00e8ne. La B\u00e2loise, issue des qualifications, aura un joli coup \u00e0 jouer face \u00e0 l&rsquo;Am\u00e9ricaine Peyton Stearns (44). En cas de succ\u00e8s, elle pourrait se frotter \u00e0 la no1 mondial Aryna Sabalenka en 8e de finale.<\/p>\n<p class=\"sources\">ats\/efas<\/p>\n","protected":false},"excerpt":{"rendered":"Belinda Bencic (WTA 42) poursuit sa route dans le WTA 1000 de Madrid. La championne olympique 2020 s&rsquo;est&hellip;\n","protected":false},"author":2,"featured_media":56133,"comment_status":"","ping_status":"","sticky":false,"template":"","format":"standard","meta":{"footnotes":""},"categories":[1415],"tags":[2450,10310,15132,15133,15134,15135,1011,27,15136,15137,517,60,6006,1467,4170,15138],"class_list":{"0":"post-56132","1":"post","2":"type-post","3":"status-publish","4":"format-standard","5":"has-post-thumbnail","7":"category-tennis","8":"tag-americains","9":"tag-beatriz-haddad-maia","10":"tag-belinda-bencic","11":"tag-belinda-bencic-beatriz-haddad-maia","12":"tag-champion-olympique","13":"tag-clara-tauson","14":"tag-fr","15":"tag-france","16":"tag-peyton-stearns","17":"tag-rebeka-masarova","18":"tag-sport","19":"tag-sports","20":"tag-succes","21":"tag-tennis","22":"tag-wta","23":"tag-wta-madrid-1-16"},"share_on_mastodon":{"url":"https:\/\/pubeurope.com\/@fr\/114408385639959235","error":""},"_links":{"self":[{"href":"https:\/\/www.europesays.com\/fr\/wp-json\/wp\/v2\/posts\/56132","targetHints":{"allow":["GET"]}}],"collection":[{"href":"https:\/\/www.europesays.com\/fr\/wp-json\/wp\/v2\/posts"}],"about":[{"href":"https:\/\/www.europesays.com\/fr\/wp-json\/wp\/v2\/types\/post"}],"author":[{"embeddable":true,"href":"https:\/\/www.europesays.com\/fr\/wp-json\/wp\/v2\/users\/2"}],"replies":[{"embeddable":true,"href":"https:\/\/www.europesays.com\/fr\/wp-json\/wp\/v2\/comments?post=56132"}],"version-history":[{"count":0,"href":"https:\/\/www.europesays.com\/fr\/wp-json\/wp\/v2\/posts\/56132\/revisions"}],"wp:featuredmedia":[{"embeddable":true,"href":"https:\/\/www.europesays.com\/fr\/wp-json\/wp\/v2\/media\/56133"}],"wp:attachment":[{"href":"https:\/\/www.europesays.com\/fr\/wp-json\/wp\/v2\/media?parent=56132"}],"wp:term":[{"taxonomy":"category","embeddable":true,"href":"https:\/\/www.europesays.com\/fr\/wp-json\/wp\/v2\/categories?post=56132"},{"taxonomy":"post_tag","embeddable":true,"href":"https:\/\/www.europesays.com\/fr\/wp-json\/wp\/v2\/tags?post=56132"}],"curies":[{"name":"wp","href":"https:\/\/api.w.org\/{rel}","templated":true}]}}