{"id":561320,"date":"2025-11-27T02:38:32","date_gmt":"2025-11-27T02:38:32","guid":{"rendered":"https:\/\/www.europesays.com\/fr\/561320\/"},"modified":"2025-11-27T02:38:32","modified_gmt":"2025-11-27T02:38:32","slug":"7-bons-plans-a-decouvrir-durgence","status":"publish","type":"post","link":"https:\/\/www.europesays.com\/fr\/561320\/","title":{"rendered":"7 bons plans \u00e0 d\u00e9couvrir d&rsquo;urgence"},"content":{"rendered":"<p class=\"intro\">Au programme de ce week-end du 28 au 30 novembre\u00a0: l&rsquo;ambiance festive bat son plein dans la m\u00e9tropole lilloise\u00a0! Entre march\u00e9s de No\u00ebl enchanteurs, spectacles exceptionnels et concerts m\u00e9morables, la r\u00e9gion se pare de ses plus beaux atours pour c\u00e9l\u00e9brer l&rsquo;arriv\u00e9e des f\u00eates. Que vous soyez amateur de traditions de fin d&rsquo;ann\u00e9e, m\u00e9lomane inv\u00e9t\u00e9r\u00e9 ou en qu\u00eate de d\u00e9couvertes artistiques, cette s\u00e9lection saura combler toutes vos envies. Pr\u00e9parez votre agenda et laissez-vous guider par nos coups de c\u0153ur pour un week-end inoubliable.<\/p>\n<p class=\"mise_en_avant\"><strong>Pr\u00e9visions m\u00e9t\u00e9o ce week-end\u00a0:<\/strong> Pr\u00e9parez vos parapluies\u00a0! Le temps sera pluvieux avec des temp\u00e9ratures avoisinant les 9-10\u00b0C. Parfait pour se r\u00e9chauffer autour d&rsquo;un bon vin chaud sur les march\u00e9s de No\u00ebl ou pour se blottir dans une salle de spectacle bien chauff\u00e9e.<\/p>\n<p>1\/ March\u00e9 de No\u00ebl \u00e0 Lille [Coup de \u2764\ufe0f JDS]\u00a0: la magie hivernale commence<\/p>\n<p>L&rsquo;incontournable <a href=\"https:\/\/www.jds.fr\/lille\/manifestations\/marche-de-noel\/marche-de-noel-de-lille-180131_A\" target=\"_blank\" rel=\"noopener\">March\u00e9 de No\u00ebl \u00e0 Lille<\/a> d\u00e9ploie ses chalets enchanteurs sur la Place Rihour pour nous plonger dans l&rsquo;ambiance festive des f\u00eates de fin d&rsquo;ann\u00e9e. \ud83c\udf84 Avec plus de 30 ans d&rsquo;existence, ce march\u00e9 mythique rassemble artisans, cr\u00e9ateurs et producteurs dans un d\u00e9cor scintillant qui r\u00e9chauffe le c\u0153ur m\u00eame par temps gris. \u2728 Ce rendez-vous incontournable m\u00e9rite amplement sa place en t\u00eate de nos recommandations pour son authenticit\u00e9 et sa capacit\u00e9 \u00e0 rassembler toutes les g\u00e9n\u00e9rations autour de la magie de No\u00ebl.<\/p>\n<p>\ud83d\udca1 <strong>Notre conseil\u00a0:<\/strong> Profitez des horaires \u00e9tendus du week-end (jusqu&rsquo;\u00e0 22h vendredi et samedi) pour \u00e9viter la foule et savourer tranquillement un vin chaud entre les chalets illumin\u00e9s.<\/p>\n<p>\ud83d\udccd Place Rihour | Lille<br \/>\ud83d\udcc5 Jusqu&rsquo;au 30\/12\/2025<\/p>\n<p class=\"mise_en_avant\">\ud83d\udc49 <a href=\"https:\/\/www.jds.fr\/lille\/manifestations\/marche-de-noel\/marche-de-noel-de-lille-180131_A\" target=\"_blank\" rel=\"noopener\">[Coup de \u2764\ufe0f JDS] March\u00e9 de No\u00ebl \u00e0 Lille\u00a0: toutes les informations<\/a><\/p>\n<p><a data-lightbox=\"article\" data-title=\"March\u00e9 de No\u00ebl de Lille DR\" class=\"image detail fullwidth\" href=\"https:\/\/www.jds.fr\/medias\/image\/marche-de-noel-a-lille-465875-1200-0-F.webp\" title=\"March\u00e9 de No\u00ebl de Lille DR\" target=\"_blank\" rel=\"noopener\"><br \/>\n<img decoding=\"async\" loading=\"lazy\" src=\"https:\/\/www.europesays.com\/fr\/wp-content\/uploads\/2025\/10\/marche-de-noel-a-lille-465875-1200-0.webp.webp\"   alt=\"March\u00e9 de No\u00ebl de Lille\" class=\"shortcode_image border\"\/><br \/>\n\u00a9 DR<br \/>\nMarch\u00e9 de No\u00ebl de Lille<br \/>\n<\/a><\/p>\n<p>2\/ M.pokora &#8211; Adrenaline Tour\u00a0: l&rsquo;\u00e9v\u00e9nement musical de la saison<\/p>\n<p>Matt Pokora investit le <a href=\"https:\/\/www.jds.fr\/lille\/concerts\/chanson-francaise\/m-pokora-adrenaline-tour-738893_A\" target=\"_blank\" rel=\"noopener\">Z\u00e9nith de Lille<\/a> dimanche 30 novembre pour son spectacle\u00a0\u00ab\u00a0Adrenaline Tour\u00a0\u00bb. \ud83c\udfa4 R\u00e9put\u00e9 pour ses performances sc\u00e9niques exceptionnelles et ses mises en sc\u00e8ne grandioses, l&rsquo;artiste promet une soir\u00e9e \u00e9lectrisante avec ses plus grands tubes et ses nouvelles cr\u00e9ations. Entour\u00e9 de ses danseurs et musiciens, il offrira un show \u00e0 couper le souffle dans un d\u00e9cor hors norme. \ud83d\udd7a Un rendez-vous immanquable pour tous les fans de l&rsquo;artiste qui veulent vivre une mont\u00e9e d&rsquo;adr\u00e9naline pure.<\/p>\n<p>\ud83d\udca1 <strong>Notre conseil\u00a0:<\/strong> Arrivez en avance au Z\u00e9nith pour profiter pleinement de l&rsquo;ambiance pr\u00e9-concert et \u00e9viter les embouteillages de fin de week-end.<\/p>\n<p>\ud83d\udccd Z\u00e9nith de Lille | Lille<br \/>\ud83d\udcc5 Le 30\/11\/2025<\/p>\n<p class=\"mise_en_avant\">\ud83d\udc49 <a href=\"https:\/\/www.jds.fr\/lille\/concerts\/chanson-francaise\/m-pokora-adrenaline-tour-738893_A\" target=\"_blank\" rel=\"noopener\">M.pokora &#8211; Adrenaline Tour\u00a0: toutes les informations<\/a><\/p>\n<p><a class=\"btn btn-lg shadow-lg btn-primary rounded-pill fnac_link\" data-fnac=\"in_article\" href=\"https:\/\/www.awin1.com\/pclick.php?p=39634965875&amp;a=634278&amp;m=12494&amp;clickref=in_article-A-desktop\" target=\"_blank\" rel=\"nofollow noopener\"> Acheter des billets<\/a><\/p>\n<p>3\/ March\u00e9 de No\u00ebl de Roubaix 2025\u00a0: l&rsquo;alternative \u00e9co-responsable<\/p>\n<p>Le <a href=\"https:\/\/www.jds.fr\/lille\/manifestations\/marche-de-noel\/marche-de-noel-de-roubaix-2025-1233550_A\" target=\"_blank\" rel=\"noopener\">March\u00e9 de No\u00ebl de Roubaix 2025<\/a> inaugure vendredi sa 10\u1d49 \u00e9dition face au Mus\u00e9e de la Piscine avec une approche r\u00e9solument engag\u00e9e. \ud83c\udf31 Plus de 60 exposants proposent des cr\u00e9ations responsables, faites main et locales\u00a0: d\u00e9corations en mat\u00e9riaux recycl\u00e9s, bijoux artisanaux, gourmandises de saison. Cette alternative \u00e9thique aux grands march\u00e9s traditionnels s\u00e9duit par son authenticit\u00e9 et ses valeurs durables. \u267b\ufe0f Point d&rsquo;orgue de l&rsquo;\u00e9v\u00e9nement\u00a0: la Mix Party du 13 d\u00e9cembre qui transformera le march\u00e9 en lieu de f\u00eate nocturne.<\/p>\n<p>\ud83d\udca1 <strong>Notre conseil\u00a0:<\/strong> Profitez de l&rsquo;ouverture ce vendredi 28 novembre pour d\u00e9couvrir les nouveaut\u00e9s des cr\u00e9ateurs avant l&rsquo;affluence du week-end.<\/p>\n<p>\ud83d\udccd Roubaix<br \/>\ud83d\udcc5 Du 28\/11\/2025 au 24\/12\/2025<\/p>\n<p class=\"mise_en_avant\">\ud83d\udc49 <a href=\"https:\/\/www.jds.fr\/lille\/manifestations\/marche-de-noel\/marche-de-noel-de-roubaix-2025-1233550_A\" target=\"_blank\" rel=\"noopener\">March\u00e9 de No\u00ebl de Roubaix 2025\u00a0: toutes les informations<\/a><\/p>\n<p><a data-lightbox=\"article\" data-title=\"Les all\u00e9es du march\u00e9 de No\u00ebl durable de Roubaix \u00a9 Roubaix Tourisme\" class=\"image detail fullwidth\" href=\"https:\/\/www.jds.fr\/medias\/image\/marche-de-noel-de-roubaix-759558-1200-0-F.webp\" title=\"Les all\u00e9es du march\u00e9 de No\u00ebl durable de Roubaix \u00a9 Roubaix Tourisme\" target=\"_blank\" rel=\"noopener\"><br \/>\n<img decoding=\"async\" loading=\"lazy\" src=\"https:\/\/www.europesays.com\/fr\/wp-content\/uploads\/2025\/10\/marche-de-noel-de-roubaix-759558-1200-0.webp.webp\"   alt=\"Les all\u00e9es du march\u00e9 de No\u00ebl durable de Roubaix\" class=\"shortcode_image border\"\/><br \/>\n\u00a9 Roubaix Tourisme<br \/>\nLes all\u00e9es du march\u00e9 de No\u00ebl durable de Roubaix<br \/>\n<\/a><\/p>\n<p>4\/ Candlelight: Le meilleur rap fran\u00e7ais\u00a0: quand l&rsquo;urbain rencontre l&rsquo;intimiste<\/p>\n<p>Le concept <a href=\"https:\/\/www.jds.fr\/lille\/concerts\/candlelight-le-meilleur-rap-francais-1174915_A\" target=\"_blank\" rel=\"noopener\">Candlelight: Le meilleur rap fran\u00e7ais \u00e0 Lille<\/a> transforme Le 1894 en \u00e9crin intimiste pour revisiter les classics du rap hexagonal. \ud83d\udd6f\ufe0f IAM, NTM, MC Solaar, PNL&#8230; les plus grands tubes sont r\u00e9interpr\u00e9t\u00e9s par un quatuor \u00e0 cordes dans une ambiance feutr\u00e9e \u00e9clair\u00e9e aux bougies. Cette rencontre improbable entre musique urbaine et cadre romantique promet une exp\u00e9rience sensorielle unique de 60 minutes. \ud83c\udfbb L&rsquo;originalit\u00e9 du concept et la qualit\u00e9 de la programmation en font un \u00e9v\u00e9nement culturel \u00e0 part dans le paysage lillois.<\/p>\n<p>\ud83d\udca1 <strong>Notre conseil\u00a0:<\/strong> Arrivez 30 minutes en avance pour choisir votre place (attribution selon l&rsquo;ordre d&rsquo;arriv\u00e9e) et vous impr\u00e9gner de l&rsquo;atmosph\u00e8re magique du lieu.<\/p>\n<p>\ud83d\udccd Le 1894 | Lille<br \/>\ud83d\udcc5 Du 29\/11\/2025 au 13\/02\/2026<\/p>\n<p class=\"mise_en_avant\">\ud83d\udc49 <a href=\"https:\/\/www.jds.fr\/lille\/concerts\/candlelight-le-meilleur-rap-francais-1174915_A\" target=\"_blank\" rel=\"noopener\">Candlelight: Le meilleur rap fran\u00e7ais\u00a0: toutes les informations<\/a><\/p>\n<p><a class=\"btn btn-lg shadow-lg btn-primary rounded-pill fnac_link\" data-fnac=\"in_article\" href=\"https:\/\/pdt.tradedoubler.com\/click?a(3419081)p(354825)product(103801-435105)ttid(3)url(https%3A%2F%2Ffeverup.com%2Fm%2F435105)\" target=\"_blank\" rel=\"nofollow noopener\"> Acheter des billets<\/a><\/p>\n<p><a data-lightbox=\"article\" data-title=\" DR\" class=\"image detail fullwidth\" href=\"https:\/\/www.jds.fr\/medias\/image\/candlelight-le-meilleur-rap-francais-722011-1200-0-F.webp\" title=\" DR\" target=\"_blank\" rel=\"noopener\"><br \/>\n<img decoding=\"async\" loading=\"lazy\" src=\"https:\/\/www.europesays.com\/fr\/wp-content\/uploads\/2025\/11\/candlelight-le-meilleur-rap-francais-722011-1200-0.webp.webp\"   alt=\"Candlelight: Le meilleur rap fran\u00e7ais\" class=\"shortcode_image border\"\/><br \/>\n\u00a9 DR<br \/>\n<\/a><\/p>\n<p>5\/ Le Lac des Cygnes\u00a0: l&rsquo;\u00e9l\u00e9gance intemporelle du ballet<\/p>\n<p>Le mythique <a href=\"https:\/\/www.jds.fr\/lille\/spectacles\/danse\/le-lac-des-cygnes-378207_A\" target=\"_blank\" rel=\"noopener\">Lac des Cygnes \u00e0 Lille<\/a> s&rsquo;offre deux repr\u00e9sentations au Th\u00e9\u00e2tre S\u00e9bastopol vendredi 29 novembre et jeudi 19 d\u00e9cembre. \ud83e\udda2 Ce chef-d&rsquo;\u0153uvre incontournable de Tcha\u00efkovski continue de fasciner par sa gr\u00e2ce et sa po\u00e9sie, offrant aux spectateurs lillois l&rsquo;opportunit\u00e9 de red\u00e9couvrir l&rsquo;un des ballets les plus c\u00e9l\u00e8bres au monde. L&rsquo;excellence artistique et la beaut\u00e9 intemporelle de cette \u0153uvre en font un rendez-vous culturel de premier plan pour les amateurs d&rsquo;art lyrique. \u2728 Une soir\u00e9e d&rsquo;exception dans l&rsquo;\u00e9crin prestigieux du Th\u00e9\u00e2tre S\u00e9bastopol.<\/p>\n<p>\ud83d\udca1 <strong>Notre conseil\u00a0:<\/strong> Optez pour la repr\u00e9sentation du vendredi 29 novembre pour inaugurer votre week-end culturel en beaut\u00e9 dans l&rsquo;atmosph\u00e8re feutr\u00e9e du th\u00e9\u00e2tre.<\/p>\n<p>\ud83d\udccd Th\u00e9\u00e2tre S\u00e9bastopol | Lille<br \/>\ud83d\udcc5 Du 29\/11\/2025 au 19\/12\/2025<\/p>\n<p class=\"mise_en_avant\">\ud83d\udc49 <a href=\"https:\/\/www.jds.fr\/lille\/spectacles\/danse\/le-lac-des-cygnes-378207_A\" target=\"_blank\" rel=\"noopener\">Le Lac des Cygnes\u00a0: toutes les informations<\/a><\/p>\n<p><a class=\"btn btn-lg shadow-lg btn-primary rounded-pill fnac_link\" data-fnac=\"in_article\" href=\"https:\/\/www.awin1.com\/pclick.php?p=40343435375&amp;a=634278&amp;m=12494&amp;clickref=in_article-A-desktop\" target=\"_blank\" rel=\"nofollow noopener\"> Acheter des billets<\/a><\/p>\n<p>6\/ Amazing &#8211; The Musical Show\u00a0: l&rsquo;originalit\u00e9 made in Lille<\/p>\n<p><a href=\"https:\/\/www.jds.fr\/lille\/spectacles\/spectacle-musical\/amazing-the-musical-show-1093465_A\" target=\"_blank\" rel=\"noopener\">Amazing &#8211; The Musical Show \u00e0 Lille<\/a> d\u00e9marre jeudi au Casino Barri\u00e8re avec une cr\u00e9ation d&rsquo;Alexis M\u00e9riaux qui revisite l&rsquo;univers musical de fa\u00e7on ludique. \ud83c\udfad Dans un monde parall\u00e8le, quatre dieux (Soul, Rock, Pop, \u00c9lectro) s&rsquo;affrontent dans une bataille musicale \u00e9pique o\u00f9 le public devient juge. Cette production originale m\u00eale performances live, humour et interactivit\u00e9 pour questionner l&rsquo;avenir de la cr\u00e9ation musicale face \u00e0 l&rsquo;intelligence artificielle. \ud83e\udd16 L&rsquo;audace du concept et la qualit\u00e9 de la mise en sc\u00e8ne promettent un divertissement intelligent et d\u00e9cal\u00e9.<\/p>\n<p>\ud83d\udca1 <strong>Notre conseil\u00a0:<\/strong> R\u00e9servez pour l&rsquo;une des premi\u00e8res repr\u00e9sentations de ce spectacle in\u00e9dit qui risque de faire parler de lui dans les semaines \u00e0 venir.<\/p>\n<p>\ud83d\udccd Casino Barri\u00e8re | Lille<br \/>\ud83d\udcc5 Du 28\/11\/2025 au 19\/06\/2026<\/p>\n<p class=\"mise_en_avant\">\ud83d\udc49 <a href=\"https:\/\/www.jds.fr\/lille\/spectacles\/spectacle-musical\/amazing-the-musical-show-1093465_A\" target=\"_blank\" rel=\"noopener\">Amazing &#8211; The Musical Show\u00a0: toutes les informations<\/a><\/p>\n<p><a class=\"btn btn-lg shadow-lg btn-primary rounded-pill fnac_link\" data-fnac=\"in_article\" href=\"https:\/\/www.awin1.com\/pclick.php?p=41839711895&amp;a=634278&amp;m=12494&amp;clickref=in_article-A-desktop\" target=\"_blank\" rel=\"nofollow noopener\"> Acheter des billets<\/a><\/p>\n<p>7\/ Le Cirque de No\u00ebl sur l&rsquo;Eau\u00a0: la f\u00e9erie familiale au Chapito<\/p>\n<p><a href=\"https:\/\/www.jds.fr\/lille\/spectacles\/cirque\/le-cirque-de-noel-sur-l-eau-1224729_A\" target=\"_blank\" rel=\"noopener\">Le Cirque de No\u00ebl sur l&rsquo;Eau \u00e0 Lille<\/a> transforme Le Chapito de Villeneuve d&rsquo;Ascq en univers aquatique et festif pour les f\u00eates. \ud83c\udfaa Cette cr\u00e9ation originale de Divan Production marie l&rsquo;art circassien traditionnel \u00e0 un d\u00e9cor aquatique sp\u00e9cialement con\u00e7u, offrant aux familles une exp\u00e9rience po\u00e9tique unique. Les prouesses acrobatiques se d\u00e9ploient dans un environnement f\u00e9\u00e9rique qui ravira petits et grands durant les vacances. \ud83d\udca7 Avec des tarifs accessibles (15-25\u20ac) et seize repr\u00e9sentations programm\u00e9es, ce spectacle familial s&rsquo;impose comme LA sortie de fin d&rsquo;ann\u00e9e pour les parents en qu\u00eate d&rsquo;\u00e9merveillement.<\/p>\n<p>\ud83d\udca1 <strong>Notre conseil\u00a0:<\/strong> Utilisez le parking gratuit de 1200 places \u00e0 50 m\u00e8tres du Chapito et arrivez en avance pour profiter de l&rsquo;ambiance pr\u00e9-spectacle avec vos enfants.<\/p>\n<p>\ud83d\udccd Le Chapito | Lille<br \/>\ud83d\udcc5 Du 26\/11\/2025 au 04\/01\/2026<\/p>\n<p class=\"mise_en_avant\">\ud83d\udc49 <a href=\"https:\/\/www.jds.fr\/lille\/spectacles\/cirque\/le-cirque-de-noel-sur-l-eau-1224729_A\" target=\"_blank\" rel=\"noopener\">Le Cirque de No\u00ebl sur l&rsquo;Eau\u00a0: toutes les informations<\/a><\/p>\n<p><a class=\"btn btn-lg shadow-lg btn-primary rounded-pill fnac_link\" data-fnac=\"in_article\" href=\"https:\/\/www.awin1.com\/pclick.php?p=42890435288&amp;a=634278&amp;m=12494&amp;clickref=in_article-A-desktop\" target=\"_blank\" rel=\"nofollow noopener\"> Acheter des billets<\/a><\/p>\n<p>Date de publication : le 26\/11\/2025.<\/p>\n","protected":false},"excerpt":{"rendered":"Au programme de ce week-end du 28 au 30 novembre\u00a0: l&rsquo;ambiance festive bat son plein dans la m\u00e9tropole&hellip;\n","protected":false},"author":2,"featured_media":561321,"comment_status":"","ping_status":"","sticky":false,"template":"","format":"standard","meta":{"footnotes":""},"categories":[2815],"tags":[1111,11,1777,674,1011,27,811,1307,12,25],"class_list":{"0":"post-561320","1":"post","2":"type-post","3":"status-publish","4":"format-standard","5":"has-post-thumbnail","7":"category-lille","8":"tag-actu","9":"tag-actualites","10":"tag-eu","11":"tag-europe","12":"tag-fr","13":"tag-france","14":"tag-hauts-de-france","15":"tag-lille","16":"tag-news","17":"tag-republique-francaise"},"share_on_mastodon":{"url":"https:\/\/pubeurope.com\/@fr\/115619346925305042","error":""},"_links":{"self":[{"href":"https:\/\/www.europesays.com\/fr\/wp-json\/wp\/v2\/posts\/561320","targetHints":{"allow":["GET"]}}],"collection":[{"href":"https:\/\/www.europesays.com\/fr\/wp-json\/wp\/v2\/posts"}],"about":[{"href":"https:\/\/www.europesays.com\/fr\/wp-json\/wp\/v2\/types\/post"}],"author":[{"embeddable":true,"href":"https:\/\/www.europesays.com\/fr\/wp-json\/wp\/v2\/users\/2"}],"replies":[{"embeddable":true,"href":"https:\/\/www.europesays.com\/fr\/wp-json\/wp\/v2\/comments?post=561320"}],"version-history":[{"count":0,"href":"https:\/\/www.europesays.com\/fr\/wp-json\/wp\/v2\/posts\/561320\/revisions"}],"wp:featuredmedia":[{"embeddable":true,"href":"https:\/\/www.europesays.com\/fr\/wp-json\/wp\/v2\/media\/561321"}],"wp:attachment":[{"href":"https:\/\/www.europesays.com\/fr\/wp-json\/wp\/v2\/media?parent=561320"}],"wp:term":[{"taxonomy":"category","embeddable":true,"href":"https:\/\/www.europesays.com\/fr\/wp-json\/wp\/v2\/categories?post=561320"},{"taxonomy":"post_tag","embeddable":true,"href":"https:\/\/www.europesays.com\/fr\/wp-json\/wp\/v2\/tags?post=561320"}],"curies":[{"name":"wp","href":"https:\/\/api.w.org\/{rel}","templated":true}]}}