{"id":561326,"date":"2025-11-27T02:41:13","date_gmt":"2025-11-27T02:41:13","guid":{"rendered":"https:\/\/www.europesays.com\/fr\/561326\/"},"modified":"2025-11-27T02:41:13","modified_gmt":"2025-11-27T02:41:13","slug":"tout-doit-partir-du-centre-ville-selon-martine-vassal-candidate-de-la-droite","status":"publish","type":"post","link":"https:\/\/www.europesays.com\/fr\/561326\/","title":{"rendered":"\u00ab\u00a0Tout doit partir du centre-ville\u00a0\u00bb, selon Martine Vassal, candidate de la droite"},"content":{"rendered":"<p><strong>Trois mois de campagne<\/strong>, de rencontres, de coups durs, aussi\u2026 <a href=\"https:\/\/www.laprovence.com\/article\/politique\/21064949056675\/municipales-2026-a-marseille-martine-vassal-dvd-investie-par-le-parti-horizons\" target=\"_blank\" rel=\"noopener\">Martine Vassal<\/a>, candidate DVD d\u2019une liste de la droite et du centre unis, a fait une pause de quelques jours apr\u00e8s l\u2019assassinat de <a href=\"https:\/\/www.laprovence.com\/article\/societe\/49272776489692\/direct-laprovence-en-direct-mort-mehdi-kessaci-une-marche-blanche-en-son-hommage-et-contre-le-narcotrafic-a-marseille\" target=\"_blank\" rel=\"noopener\">Mehdi Kessaci<\/a> &#8211; \u00ab\u00a0pour la famille\u00a0\u00bb &#8211; et <strong>repart au front<\/strong> en se d\u00e9multipliant entre ap\u00e9ritifs \u00e0 domicile en petits comit\u00e9s, c\u00e9r\u00e9monies institutionnelles et son agenda de pr\u00e9sidente de la M\u00e9tropole et du D\u00e9partement &#8211; \u00ab\u00a0Si on veut gagner la Ville\u2026\u00a0\u00bb.<\/p>\n<p><strong>Vous \u00e9tiez samedi aux c\u00f4t\u00e9s d\u2019Amine Kessaci et de sa famille lors de l\u2019<a href=\"https:\/\/www.laprovence.com\/article\/faits-divers-justice\/31371873552335\/marche-contre-le-narcotrafic-a-marseille-communion-et-fraternite-lors-de-l-hommage-a-mehdi-kessaci\" target=\"_blank\" rel=\"noopener\">hommage<\/a> \u00e0 son fr\u00e8re Mehdi. Mardi dans nos colonnes, Samia Ghali esp\u00e9rait que les collectivit\u00e9s \u00ab\u00a0ont pris la mesure et que ce sera un tournant\u00a0\u00bb. Est-ce qu\u2019apr\u00e8s cet assassinat par intimidation, selon l\u2019hypoth\u00e8se aujourd\u2019hui privil\u00e9gi\u00e9e par le parquet, vous vous dites\u00a0: il faut repenser l\u2019approche dans les quartiers\u00a0?<\/strong>&#13;\n<\/p>\n<p>Les donneurs de le\u00e7ons, qu\u2019ils restent chez eux. J\u2019ai rencontr\u00e9 la maman d\u2019Amine. C\u2019est une maman courage, une femme exemplaire qui se tient droite alors qu\u2019elle a perdu deux enfants (Brahim, en\u00a02020, tu\u00e9 sur fond de narcotrafic et Mehdi, le 13\u00a0novembre, inconnu des services de police, NDLR). Quand vous avez une maman comme \u00e7a en face de vous, \u00e7a vous met \u00e0 l\u2019envers, et m&#8230;<\/p>\n","protected":false},"excerpt":{"rendered":"Trois mois de campagne, de rencontres, de coups durs, aussi\u2026 Martine Vassal, candidate DVD d\u2019une liste de la&hellip;\n","protected":false},"author":2,"featured_media":561327,"comment_status":"","ping_status":"","sticky":false,"template":"","format":"standard","meta":{"footnotes":""},"categories":[2814],"tags":[17,5734,1111,11,11898,5404,1777,674,1011,27,884,3554,12,5537,882,16,25,3585],"class_list":{"0":"post-561326","1":"post","2":"type-post","3":"status-publish","4":"format-standard","5":"has-post-thumbnail","7":"category-marseille","8":"tag-17","9":"tag-5734","10":"tag-actu","11":"tag-actualites","12":"tag-centre-ville","13":"tag-doit","14":"tag-eu","15":"tag-europe","16":"tag-fr","17":"tag-france","18":"tag-marseille","19":"tag-municipales","20":"tag-news","21":"tag-partir","22":"tag-provence-alpes-cote-dazur","23":"tag-region","24":"tag-republique-francaise","25":"tag-tout"},"share_on_mastodon":{"url":"https:\/\/pubeurope.com\/@fr\/115619357221473019","error":""},"_links":{"self":[{"href":"https:\/\/www.europesays.com\/fr\/wp-json\/wp\/v2\/posts\/561326","targetHints":{"allow":["GET"]}}],"collection":[{"href":"https:\/\/www.europesays.com\/fr\/wp-json\/wp\/v2\/posts"}],"about":[{"href":"https:\/\/www.europesays.com\/fr\/wp-json\/wp\/v2\/types\/post"}],"author":[{"embeddable":true,"href":"https:\/\/www.europesays.com\/fr\/wp-json\/wp\/v2\/users\/2"}],"replies":[{"embeddable":true,"href":"https:\/\/www.europesays.com\/fr\/wp-json\/wp\/v2\/comments?post=561326"}],"version-history":[{"count":0,"href":"https:\/\/www.europesays.com\/fr\/wp-json\/wp\/v2\/posts\/561326\/revisions"}],"wp:featuredmedia":[{"embeddable":true,"href":"https:\/\/www.europesays.com\/fr\/wp-json\/wp\/v2\/media\/561327"}],"wp:attachment":[{"href":"https:\/\/www.europesays.com\/fr\/wp-json\/wp\/v2\/media?parent=561326"}],"wp:term":[{"taxonomy":"category","embeddable":true,"href":"https:\/\/www.europesays.com\/fr\/wp-json\/wp\/v2\/categories?post=561326"},{"taxonomy":"post_tag","embeddable":true,"href":"https:\/\/www.europesays.com\/fr\/wp-json\/wp\/v2\/tags?post=561326"}],"curies":[{"name":"wp","href":"https:\/\/api.w.org\/{rel}","templated":true}]}}