{"id":561328,"date":"2025-11-27T02:42:19","date_gmt":"2025-11-27T02:42:19","guid":{"rendered":"https:\/\/www.europesays.com\/fr\/561328\/"},"modified":"2025-11-27T02:42:19","modified_gmt":"2025-11-27T02:42:19","slug":"un-homme-retrouve-sans-vie-en-pleine-rue-les-enqueteurs-cherchent-a-comprendre-le-scenario","status":"publish","type":"post","link":"https:\/\/www.europesays.com\/fr\/561328\/","title":{"rendered":"un homme retrouv\u00e9 sans vie en pleine rue,\u00a0les enqu\u00eateurs cherchent \u00e0 comprendre le sc\u00e9nario"},"content":{"rendered":"<p itemprop=\"description\"><strong>La matin\u00e9e a bascul\u00e9 dans l\u2019horreur dans le quartier du Grand Trou.<\/strong><\/p>\n<p>Un important dispositif de secours a \u00e9t\u00e9 mobilis\u00e9 ce mercredi 26 novembre au petit matin, rue du Presbyt\u00e8re, dans le 8\u1d49 arrondissement de Lyon. Les pompiers ont \u00e9t\u00e9 alert\u00e9s peu apr\u00e8s 7h pour un homme retrouv\u00e9 gri\u00e8vement bless\u00e9 au sol, en pleine chauss\u00e9e.<\/p>\n<p>La victime aurait chut\u00e9 depuis le 6\u1d49 \u00e9tage d\u2019un immeuble de ce secteur r\u00e9sidentiel. Malgr\u00e9 l\u2019intervention rapide des secours, appuy\u00e9s par une \u00e9quipe du Samu, le d\u00e9c\u00e8s de l\u2019homme a \u00e9t\u00e9 confirm\u00e9 sur place.<\/p>\n<p>Sur la chauss\u00e9e, plusieurs \u00e9l\u00e9ments t\u00e9moignaient encore du drame quelques heures plus tard, notamment un v\u00e9hicule dont la lunette arri\u00e8re a \u00e9t\u00e9 bris\u00e9e par l\u2019impact et des traces de sang visibles au sol.<\/p>\n<p>La police a imm\u00e9diatement \u00e9tabli un p\u00e9rim\u00e8tre autour de la rue. Les \u00e9quipes de la police technique et scientifique ont proc\u00e9d\u00e9 aux relev\u00e9s n\u00e9cessaires afin de reconstituer la sc\u00e8ne. Selon les premiers \u00e9l\u00e9ments recueillis, une bagarre aurait \u00e9clat\u00e9 dans un appartement peu avant la chute.\u00a0<\/p>\n<p>Les enqu\u00eateurs doivent d\u00e9sormais d\u00e9terminer le d\u00e9roul\u00e9 exact des faits et v\u00e9rifier si une intervention ext\u00e9rieure est en cause.<\/p>\n","protected":false},"excerpt":{"rendered":"La matin\u00e9e a bascul\u00e9 dans l\u2019horreur dans le quartier du Grand Trou. Un important dispositif de secours a&hellip;\n","protected":false},"author":2,"featured_media":561329,"comment_status":"","ping_status":"","sticky":false,"template":"","format":"standard","meta":{"footnotes":""},"categories":[1889],"tags":[1111,11,2813,2190,2430,1109,251,1112,2811,1777,674,118,1011,27,1922,1110,1114,2428,2810,12,241,316,25,2812,517,800],"class_list":{"0":"post-561328","1":"post","2":"type-post","3":"status-publish","4":"format-standard","5":"has-post-thumbnail","7":"category-lyon","8":"tag-actu","9":"tag-actualites","10":"tag-article","11":"tag-asvel","12":"tag-auvergne-rhone-alpes","13":"tag-breves","14":"tag-culture","15":"tag-depeches","16":"tag-economique","17":"tag-eu","18":"tag-europe","19":"tag-faits-divers","20":"tag-fr","21":"tag-france","22":"tag-info","23":"tag-informations","24":"tag-infos","25":"tag-lyon","26":"tag-lyonmag","27":"tag-news","28":"tag-ol","29":"tag-politique","30":"tag-republique-francaise","31":"tag-sociale","32":"tag-sport","33":"tag-transports"},"share_on_mastodon":{"url":"https:\/\/pubeurope.com\/@fr\/115619361153498700","error":""},"_links":{"self":[{"href":"https:\/\/www.europesays.com\/fr\/wp-json\/wp\/v2\/posts\/561328","targetHints":{"allow":["GET"]}}],"collection":[{"href":"https:\/\/www.europesays.com\/fr\/wp-json\/wp\/v2\/posts"}],"about":[{"href":"https:\/\/www.europesays.com\/fr\/wp-json\/wp\/v2\/types\/post"}],"author":[{"embeddable":true,"href":"https:\/\/www.europesays.com\/fr\/wp-json\/wp\/v2\/users\/2"}],"replies":[{"embeddable":true,"href":"https:\/\/www.europesays.com\/fr\/wp-json\/wp\/v2\/comments?post=561328"}],"version-history":[{"count":0,"href":"https:\/\/www.europesays.com\/fr\/wp-json\/wp\/v2\/posts\/561328\/revisions"}],"wp:featuredmedia":[{"embeddable":true,"href":"https:\/\/www.europesays.com\/fr\/wp-json\/wp\/v2\/media\/561329"}],"wp:attachment":[{"href":"https:\/\/www.europesays.com\/fr\/wp-json\/wp\/v2\/media?parent=561328"}],"wp:term":[{"taxonomy":"category","embeddable":true,"href":"https:\/\/www.europesays.com\/fr\/wp-json\/wp\/v2\/categories?post=561328"},{"taxonomy":"post_tag","embeddable":true,"href":"https:\/\/www.europesays.com\/fr\/wp-json\/wp\/v2\/tags?post=561328"}],"curies":[{"name":"wp","href":"https:\/\/api.w.org\/{rel}","templated":true}]}}