{"id":561330,"date":"2025-11-27T02:43:21","date_gmt":"2025-11-27T02:43:21","guid":{"rendered":"https:\/\/www.europesays.com\/fr\/561330\/"},"modified":"2025-11-27T02:43:21","modified_gmt":"2025-11-27T02:43:21","slug":"lyon-8e-des-habitants-alertent-sur-les-dangers-pour-les-pietons-a-laennec","status":"publish","type":"post","link":"https:\/\/www.europesays.com\/fr\/561330\/","title":{"rendered":"Lyon 8e. Des habitants alertent sur les dangers pour les pi\u00e9tons \u00e0 La\u00ebnnec"},"content":{"rendered":"<p>En d\u00e9cembre\u00a02024, \u00e0 la sortie des conseils annuels de quartiers du 8e arrondissement, des habitants de plusieurs zones (Mermoz\/La\u00ebnnec Nord, Grand Trou\u2026) semblaient d\u00e9j\u00e0 s\u2019accorder sur un fait marquant\u00a0: la place accord\u00e9e aux pi\u00e9tons sur les voies de circulation leur apparaissait \u00ab\u00a0diminu\u00e9e\u00a0\u00bb. Certains, notamment des plus \u00e2g\u00e9s, se sentaient m\u00eame exclus.<\/p>\n<p>La mise en sens unique de Rockefeller a report\u00e9 le trafic dans leur rue<\/p>\n<p>\u00c0 cette m\u00eame \u00e9poque, un collectif d\u2019habitants et de voisins de la rue La\u00ebnnec se sentait \u00ab\u00a0d\u00e9rang\u00e9\u00a0\u00bb par l\u2019\u00e9volution du trafic&#8230;<\/p>\n","protected":false},"excerpt":{"rendered":"En d\u00e9cembre\u00a02024, \u00e0 la sortie des conseils annuels de quartiers du 8e arrondissement, des habitants de plusieurs zones&hellip;\n","protected":false},"author":2,"featured_media":561331,"comment_status":"","ping_status":"","sticky":false,"template":"","format":"standard","meta":{"footnotes":""},"categories":[1889],"tags":[1111,11,2430,3542,2757,1777,674,1011,27,2428,9744,9743,12,25,2803],"class_list":{"0":"post-561330","1":"post","2":"type-post","3":"status-publish","4":"format-standard","5":"has-post-thumbnail","7":"category-lyon","8":"tag-actu","9":"tag-actualites","10":"tag-auvergne-rhone-alpes","11":"tag-circulation","12":"tag-edition-lyon-villeurbanne","13":"tag-eu","14":"tag-europe","15":"tag-fr","16":"tag-france","17":"tag-lyon","18":"tag-lyon-8e","19":"tag-lyon-8e-arrondissement","20":"tag-news","21":"tag-republique-francaise","22":"tag-transport"},"share_on_mastodon":{"url":"https:\/\/pubeurope.com\/@fr\/115619365093542565","error":""},"_links":{"self":[{"href":"https:\/\/www.europesays.com\/fr\/wp-json\/wp\/v2\/posts\/561330","targetHints":{"allow":["GET"]}}],"collection":[{"href":"https:\/\/www.europesays.com\/fr\/wp-json\/wp\/v2\/posts"}],"about":[{"href":"https:\/\/www.europesays.com\/fr\/wp-json\/wp\/v2\/types\/post"}],"author":[{"embeddable":true,"href":"https:\/\/www.europesays.com\/fr\/wp-json\/wp\/v2\/users\/2"}],"replies":[{"embeddable":true,"href":"https:\/\/www.europesays.com\/fr\/wp-json\/wp\/v2\/comments?post=561330"}],"version-history":[{"count":0,"href":"https:\/\/www.europesays.com\/fr\/wp-json\/wp\/v2\/posts\/561330\/revisions"}],"wp:featuredmedia":[{"embeddable":true,"href":"https:\/\/www.europesays.com\/fr\/wp-json\/wp\/v2\/media\/561331"}],"wp:attachment":[{"href":"https:\/\/www.europesays.com\/fr\/wp-json\/wp\/v2\/media?parent=561330"}],"wp:term":[{"taxonomy":"category","embeddable":true,"href":"https:\/\/www.europesays.com\/fr\/wp-json\/wp\/v2\/categories?post=561330"},{"taxonomy":"post_tag","embeddable":true,"href":"https:\/\/www.europesays.com\/fr\/wp-json\/wp\/v2\/tags?post=561330"}],"curies":[{"name":"wp","href":"https:\/\/api.w.org\/{rel}","templated":true}]}}