{"id":561332,"date":"2025-11-27T02:45:29","date_gmt":"2025-11-27T02:45:29","guid":{"rendered":"https:\/\/www.europesays.com\/fr\/561332\/"},"modified":"2025-11-27T02:45:29","modified_gmt":"2025-11-27T02:45:29","slug":"la-radio-ici-paris-ile-de-france-lance-sa-chaine-youtube-100-psg","status":"publish","type":"post","link":"https:\/\/www.europesays.com\/fr\/561332\/","title":{"rendered":"La radio ICI Paris \u00cele-de-France lance sa cha\u00eene YouTube \u00ab\u00a0100% PSG\u00a0\u00bb"},"content":{"rendered":"<p>\n\t\t\t\t\t Ce lancement illustre l\u2019\u00e9volution des usages num\u00e9riques dans les m\u00e9dias audio. En capitalisant sur ses personnalit\u00e9s et son savoir-faire \u00e9ditorial, ICI Paris \u00cele-de-France adapte ses contenus pour toucher les publics en ligne. La cha\u00eene YouTube \u00ab\u00a0100% PSG\u00a0\u00bb permet \u00e0 la radio de d\u00e9ployer ses productions au-del\u00e0 des formats lin\u00e9aires traditionnels, tout en renfor\u00e7ant l\u2019identit\u00e9 de son offre d\u00e9di\u00e9e au sport et \u00e0 l\u2019actualit\u00e9 locale.\n\t\t\t\t <\/p>\n","protected":false},"excerpt":{"rendered":"Ce lancement illustre l\u2019\u00e9volution des usages num\u00e9riques dans les m\u00e9dias audio. En capitalisant sur ses personnalit\u00e9s et son&hellip;\n","protected":false},"author":2,"featured_media":561333,"comment_status":"","ping_status":"","sticky":false,"template":"","format":"standard","meta":{"footnotes":""},"categories":[1592],"tags":[1111,11,1777,674,1011,27,9103,67784,662,12,626,10316,25,517,2784],"class_list":{"0":"post-561332","1":"post","2":"type-post","3":"status-publish","4":"format-standard","5":"has-post-thumbnail","7":"category-ile-de-france","8":"tag-actu","9":"tag-actualites","10":"tag-eu","11":"tag-europe","12":"tag-fr","13":"tag-france","14":"tag-ici","15":"tag-ici-paris-ile-de-france","16":"tag-ile-de-france","17":"tag-news","18":"tag-paris","19":"tag-radio-france","20":"tag-republique-francaise","21":"tag-sport","22":"tag-youtube"},"share_on_mastodon":{"url":"https:\/\/pubeurope.com\/@fr\/115619372889906448","error":""},"_links":{"self":[{"href":"https:\/\/www.europesays.com\/fr\/wp-json\/wp\/v2\/posts\/561332","targetHints":{"allow":["GET"]}}],"collection":[{"href":"https:\/\/www.europesays.com\/fr\/wp-json\/wp\/v2\/posts"}],"about":[{"href":"https:\/\/www.europesays.com\/fr\/wp-json\/wp\/v2\/types\/post"}],"author":[{"embeddable":true,"href":"https:\/\/www.europesays.com\/fr\/wp-json\/wp\/v2\/users\/2"}],"replies":[{"embeddable":true,"href":"https:\/\/www.europesays.com\/fr\/wp-json\/wp\/v2\/comments?post=561332"}],"version-history":[{"count":0,"href":"https:\/\/www.europesays.com\/fr\/wp-json\/wp\/v2\/posts\/561332\/revisions"}],"wp:featuredmedia":[{"embeddable":true,"href":"https:\/\/www.europesays.com\/fr\/wp-json\/wp\/v2\/media\/561333"}],"wp:attachment":[{"href":"https:\/\/www.europesays.com\/fr\/wp-json\/wp\/v2\/media?parent=561332"}],"wp:term":[{"taxonomy":"category","embeddable":true,"href":"https:\/\/www.europesays.com\/fr\/wp-json\/wp\/v2\/categories?post=561332"},{"taxonomy":"post_tag","embeddable":true,"href":"https:\/\/www.europesays.com\/fr\/wp-json\/wp\/v2\/tags?post=561332"}],"curies":[{"name":"wp","href":"https:\/\/api.w.org\/{rel}","templated":true}]}}