{"id":561334,"date":"2025-11-27T02:47:13","date_gmt":"2025-11-27T02:47:13","guid":{"rendered":"https:\/\/www.europesays.com\/fr\/561334\/"},"modified":"2025-11-27T02:47:13","modified_gmt":"2025-11-27T02:47:13","slug":"donald-trump-singere-dans-lelection-presidentielle-et-appelle-a-voter-pour-le-candidat-de-droite-nasry-asfura","status":"publish","type":"post","link":"https:\/\/www.europesays.com\/fr\/561334\/","title":{"rendered":"Donald Trump s\u2019ing\u00e8re dans l\u2019\u00e9lection pr\u00e9sidentielle et appelle \u00e0 voter pour le candidat de droite, Nasry Asfura"},"content":{"rendered":"<p>                      <img loading=\"lazy\" decoding=\"async\" src=\"https:\/\/www.europesays.com\/fr\/wp-content\/uploads\/2025\/11\/07480ad_ftp-import-images-1-rijyfke355bu-5504780-01-06.jpg\" alt=\"Le candidat du Parti national pour la pr\u00e9sidentielle hondurienne, Nasry Asfura, lors d\u2019un rassemblement politique, \u00e0 Tegucigalpa, le 22\u00a0novembre 2025.\"   width=\"664\" height=\"443\"\/>    Le candidat du Parti national pour la pr\u00e9sidentielle hondurienne, Nasry Asfura, lors d\u2019un rassemblement politique, \u00e0 Tegucigalpa, le 22\u00a0novembre 2025.  EMILIO FLORES\/AFP                          <\/p>\n<p class=\"article__paragraph  \">Donald Trump, qui n\u2019h\u00e9site pas \u00e0 s\u2019inviter dans la vie politique des pays d\u2019Am\u00e9rique du Sud, a appel\u00e9 \u00e0 voter pour le candidat de droite Nasry Asfura lors de la pr\u00e9sidentielle au Honduras dimanche. Le candidat du Parti national \u00ab\u00a0est le seul vrai ami de la libert\u00e9\u00a0\u00bb, a assur\u00e9, mercredi 26\u00a0novembre, le pr\u00e9sident am\u00e9ricain sur son r\u00e9seau Truth Social.<\/p>\n<p class=\"article__paragraph  \">Il a d\u00e9clar\u00e9 qu\u2019il ne \u00ab\u00a0pourrait pas travailler\u00a0\u00bb avec sa rivale, l\u2019avocate de gauche Rixi Moncada, et ajout\u00e9 qu\u2019il ne faisait \u00ab\u00a0pas confiance\u00a0\u00bb au troisi\u00e8me pr\u00e9tendant, le pr\u00e9sentateur t\u00e9l\u00e9 Salvador Nasralla.<\/p>\n<p class=\"article__paragraph  \">\u00ab\u00a0Merci beaucoup pour le soutien\u00a0\u00bb, a r\u00e9agi sur ses r\u00e9seaux sociaux M. Asfura plus tard dans la journ\u00e9e.\u00a0\u00ab\u00a0Nous sommes d\u00e9termin\u00e9s \u00e0 d\u00e9fendre notre d\u00e9mocratie, notre libert\u00e9 et les valeurs qui font la grandeur de notre pays\u00a0\u00bb, a affirm\u00e9 le candidat.<\/p>\n<p class=\"article__paragraph  \">Les \u00e9lecteurs du Honduras sont appel\u00e9s \u00e0 choisir entre la continuit\u00e9 d\u2019un gouvernement de gauche et le retour de la droite lors d\u2019\u00e9lections \u00e0 la fois l\u00e9gislatives et pr\u00e9sidentielle au r\u00e9sultat incertain.<\/p>\n<p class=\"article__paragraph  \">\u00ab\u00a0Tito [Nasry Asfura] et moi pouvons travailler ensemble pour lutter contre les \u00ab\u00a0narcocommunistes et apporter au peuple du Honduras l\u2019aide dont il a besoin\u00a0\u00bb, a encore \u00e9crit le r\u00e9publicain de 79\u00a0ans. Il a fait un lien entre le destin du Honduras et celui du Venezuela, o\u00f9 il n\u2019exclut pas une intervention militaire tout en se disant pr\u00eat \u00e0 parler avec le chef de l\u2019Etat Nicolas Maduro. \u00ab\u00a0Maduro et les narcoterroristes vont-ils s\u2019emparer d\u2019un autre pays\u00a0?\u00a0\u00bb, a-t-il demand\u00e9 sur Truth Social, \u00e0 propos de l\u2019issue de cette pr\u00e9sidentielle \u00e0 un tour.<\/p>\n<p>                                       Lire aussi |  Article r\u00e9serv\u00e9 \u00e0 nos abonn\u00e9s  <a href=\"https:\/\/www.lemonde.fr\/international\/article\/2025\/03\/25\/les-pays-d-amerique-centrale-embrigades-dans-la-politique-migratoire-des-etats-unis_6586029_3210.html\" class=\"js-article-read-also catcher--favoris__link\" data-premium=\"1\" id=\"article-title-3415386\" target=\"_blank\" rel=\"noopener\">Les pays d\u2019Am\u00e9rique centrale embrigad\u00e9s dans la\u00a0politique migratoire des Etats-Unis<\/a>    <\/p>\n<p>   Lire plus tard  <\/p>\n<p>                          Le Honduras, un pays confront\u00e9 au crime organis\u00e9                    <\/p>\n<p class=\"article__paragraph  \">Le Honduras est l\u2019un des pays les plus violents d\u2019Am\u00e9rique latine, du fait principalement des gangs qui contr\u00f4lent le trafic de drogue et le crime organis\u00e9. Le pr\u00e9sident am\u00e9ricain juge que l\u2019Am\u00e9rique latine fait partie de la sph\u00e8re d\u2019influence des Etats-Unis et il a adopt\u00e9 une posture r\u00e9solument interventionniste dans la r\u00e9gion.<\/p>\n<p class=\"article__paragraph  \">Donald Trump n\u2019h\u00e9site pas \u00e0 conditionner l\u2019aide des Etats-Unis \u00e0 la bonne volont\u00e9 des gouvernements et \u00e0 ses affinit\u00e9s avec leurs dirigeants. Il fait aussi parler la pression militaire\u00a0: les Etats-Unis ont d\u00e9ploy\u00e9 le plus grand porte-avions du monde dans les Cara\u00efbes, ainsi qu\u2019une flottille de navires de guerre et d\u2019avions de chasse, dans le cadre d\u2019op\u00e9rations antidrogue visant particuli\u00e8rement le Venezuela, b\u00eate noire de Washington.<\/p>\n<p>                                       Lire aussi (en 2023):  Article r\u00e9serv\u00e9 \u00e0 nos abonn\u00e9s  <a href=\"https:\/\/www.lemonde.fr\/international\/article\/2023\/06\/02\/en-amerique-centrale-les-gangs-sont-devenus-des-mafias_6175931_3210.html\" class=\"js-article-read-also catcher--favoris__link\" data-premium=\"1\" id=\"article-title-3317070\" target=\"_blank\" rel=\"noopener\">En Am\u00e9rique centrale, les gangs sont devenus des mafias<\/a>    <\/p>\n<p>   Lire plus tard  <\/p>\n<p>                          Ancien maire de la capitale et ancien d\u00e9put\u00e9                    <\/p>\n<p class=\"article__paragraph  \">Nasry Asfura, 67 ans, fait ainsi partie des trois candidats donn\u00e9s au coude-\u00e0-coude par les sondages pour remplacer \u00e0 la pr\u00e9sidence la dirigeante de gauche Xiomara Castro. Il m\u00e8ne sa seconde campagne pr\u00e9sidentielle, apr\u00e8s avoir \u00e9chou\u00e9 en 2021 face \u00e0 Mme Castro.<\/p>\n<p> Le Monde M\u00e9morable  <\/p>\n<p> <a href=\"https:\/\/www.lemonde.fr\/memorable\/?rfextension=inread\" class=\"inread__link js-services-inread-link\" target=\"_blank\" rel=\"noopener\">  <\/p>\n<p>Testez votre culture g\u00e9n\u00e9rale avec la r\u00e9daction du \u00ab Monde \u00bb<\/p>\n<p>Testez votre culture g\u00e9n\u00e9rale avec la r\u00e9daction du \u00ab Monde \u00bb<\/p>\n<p>D\u00e9couvrir<\/p>\n<p> <\/a>      <\/p>\n<p> Newsletter  <\/p>\n<p> <a href=\"https:\/\/www.lemonde.fr\/newsletters\/a-la-une\/\" class=\"inread__link js-services-inread-link\" target=\"_blank\" rel=\"noopener\">  <\/p>\n<p>\u00ab A la une \u00bb<\/p>\n<p>Chaque matin, parcourez l&rsquo;essentiel de l&rsquo;actualit\u00e9 du jour avec les derniers titres du \u00ab Monde \u00bb<\/p>\n<p>S&rsquo;inscrire<\/p>\n<p> <\/a>          <\/p>\n<p> Le Monde Application  <\/p>\n<p> <a href=\"https:\/\/lamatinale.onelink.me\/gKMy\/ahw2ubr3\" class=\"inread__link js-services-inread-link\" target=\"_blank\" rel=\"noopener\">  <\/p>\n<p>La Matinale du Monde<\/p>\n<p>Chaque matin, retrouvez notre s\u00e9lection de 20 articles \u00e0 ne pas manquer <\/p>\n<p>T\u00e9l\u00e9charger l&rsquo;application<\/p>\n<p> <\/a>      <\/p>\n<p> Newsletter abonn\u00e9s  <\/p>\n<p> <a href=\"https:\/\/www.lemonde.fr\/newsletters\/international\/\" class=\"inread__link js-services-inread-link\" target=\"_blank\" rel=\"noopener\">  <\/p>\n<p>\u00ab International \u00bb<\/p>\n<p>L\u2019essentiel de l\u2019actualit\u00e9 internationale de la semaine<\/p>\n<p>S&rsquo;inscrire<\/p>\n<p> <\/a>             <\/p>\n<p class=\"article__paragraph  \">\u00ab\u00a0C\u2019est aujourd\u2019hui ou jamais\u00a0\u00bb\u00a0qu\u2019il faut \u00e9carter les communistes du pouvoir, se pla\u00eet \u00e0 r\u00e9p\u00e9ter cet entrepreneur dans les travaux publics, d\u2019origine palestinienne. Maire de la capitale Tegucigalpa de 2014 \u00e0 2022 et ancien d\u00e9put\u00e9, il promet\u00a0\u00ab\u00a0du travail\u00a0\u00bb\u00a0aux Honduriens.<\/p>\n<p class=\"article__paragraph  \">Instable, le Honduras a connu de nombreuses \u00e9lections contest\u00e9es et plusieurs coups d\u2019Etat, dont le plus r\u00e9cent, en 2009, a renvers\u00e9 le pr\u00e9sident Manuel Zelaya, \u00e9poux de la pr\u00e9sidente Castro.<\/p>\n<p class=\"author__detail\">  Le Monde avec AFP  <\/p>\n<p>                <a href=\"https:\/\/www.lemonde.fr\/syndication\/\" class=\"reuse__content\" title=\"R\u00e9utiliser ce contenu\" target=\"_blank\" rel=\"noopener\">R\u00e9utiliser ce contenu<\/a>      <\/p>\n","protected":false},"excerpt":{"rendered":"Le candidat du Parti national pour la pr\u00e9sidentielle hondurienne, Nasry Asfura, lors d\u2019un rassemblement politique, \u00e0 Tegucigalpa, le&hellip;\n","protected":false},"author":2,"featured_media":561335,"comment_status":"","ping_status":"","sticky":false,"template":"","format":"standard","meta":{"footnotes":""},"categories":[1888],"tags":[1111,1928,11,1927,1777,674,1011,27,12,1926,626,1925,25],"class_list":{"0":"post-561334","1":"post","2":"type-post","3":"status-publish","4":"format-standard","5":"has-post-thumbnail","7":"category-paris","8":"tag-actu","9":"tag-actu-paris","10":"tag-actualites","11":"tag-actualites-paris","12":"tag-eu","13":"tag-europe","14":"tag-fr","15":"tag-france","16":"tag-news","17":"tag-news-paris","18":"tag-paris","19":"tag-paris-news","20":"tag-republique-francaise"},"share_on_mastodon":{"url":"https:\/\/pubeurope.com\/@fr\/115619381435300631","error":""},"_links":{"self":[{"href":"https:\/\/www.europesays.com\/fr\/wp-json\/wp\/v2\/posts\/561334","targetHints":{"allow":["GET"]}}],"collection":[{"href":"https:\/\/www.europesays.com\/fr\/wp-json\/wp\/v2\/posts"}],"about":[{"href":"https:\/\/www.europesays.com\/fr\/wp-json\/wp\/v2\/types\/post"}],"author":[{"embeddable":true,"href":"https:\/\/www.europesays.com\/fr\/wp-json\/wp\/v2\/users\/2"}],"replies":[{"embeddable":true,"href":"https:\/\/www.europesays.com\/fr\/wp-json\/wp\/v2\/comments?post=561334"}],"version-history":[{"count":0,"href":"https:\/\/www.europesays.com\/fr\/wp-json\/wp\/v2\/posts\/561334\/revisions"}],"wp:featuredmedia":[{"embeddable":true,"href":"https:\/\/www.europesays.com\/fr\/wp-json\/wp\/v2\/media\/561335"}],"wp:attachment":[{"href":"https:\/\/www.europesays.com\/fr\/wp-json\/wp\/v2\/media?parent=561334"}],"wp:term":[{"taxonomy":"category","embeddable":true,"href":"https:\/\/www.europesays.com\/fr\/wp-json\/wp\/v2\/categories?post=561334"},{"taxonomy":"post_tag","embeddable":true,"href":"https:\/\/www.europesays.com\/fr\/wp-json\/wp\/v2\/tags?post=561334"}],"curies":[{"name":"wp","href":"https:\/\/api.w.org\/{rel}","templated":true}]}}