{"id":561336,"date":"2025-11-27T02:48:21","date_gmt":"2025-11-27T02:48:21","guid":{"rendered":"https:\/\/www.europesays.com\/fr\/561336\/"},"modified":"2025-11-27T02:48:21","modified_gmt":"2025-11-27T02:48:21","slug":"pierre-niney-en-plein-tournage-a-paris-lacteur-fait-une-visite-surprise-a-ses-voisines-den-face","status":"publish","type":"post","link":"https:\/\/www.europesays.com\/fr\/561336\/","title":{"rendered":"Pierre Niney: en plein tournage \u00e0 Paris, l&rsquo;acteur fait une visite surprise \u00e0 ses \u00ab\u00a0voisines\u00a0\u00bb d&rsquo;en face"},"content":{"rendered":"<p class=\"mb-4 text-lg md:leading-8 break-words\">Un caf\u00e9, du champagne et m\u00eame une raclette. Les invitations se multiplient aupr\u00e8s de Pierre Niney depuis mi-novembre. L&rsquo;acteur, install\u00e9 dans un appartement parisien pour les besoins d&rsquo;un tournage, voit appara\u00eetre aux fen\u00eatres de l&rsquo;immeuble d&rsquo;en face des affiches artisanales r\u00e9alis\u00e9es par \u00ab\u00a0des voisines cr\u00e9atives\u00a0\u00bb, les salari\u00e9es d&rsquo;une entreprise situ\u00e9e l\u00e0. Et a d\u00e9cid\u00e9 de les saluer.<\/p>\n<p class=\"mb-4 text-lg md:leading-8 break-words\">Le com\u00e9dien, amus\u00e9, a partag\u00e9 ces moments sur son compte Instagram. \u00ab\u00a0C&rsquo;est le jour J, o\u00f9 je vais visiter les fameuses voisines cr\u00e9atives d&rsquo;en face\u00a0\u00bb, \u00e9crit-il dans sa story.<\/p>\n<p class=\"mb-4 text-lg md:leading-8 break-words\">D\u00e9barquant dans l&rsquo;open space d\u00e9cor\u00e9 de montages photos de l&rsquo;acteur, face aux jeunes femmes hilares, il lance un \u00ab\u00a0salut, enfin je vous vois!\u00a0\u00bb. Pierre Niney les a rep\u00e9r\u00e9es alors qu&rsquo;il prenait l&rsquo;air par la fen\u00eatre d&rsquo;en face. Il avise alors sa photo avec un mini-\u00e2ne dans les bras, en fond d&rsquo;\u00e9cran d&rsquo;un ordinateur.<\/p>\n<p>Sur le tournage d&rsquo;Histoires parall\u00e8les ?<\/p>\n<p class=\"mb-4 text-lg md:leading-8 break-words\">Si le com\u00e9dien n&rsquo;a pas indiqu\u00e9 de quel film il s&rsquo;agit, on sait qu&rsquo;il est au casting d&rsquo;Histoires parall\u00e8les, le dixi\u00e8me long m\u00e9trage du r\u00e9alisateur iranien Asghar Farhadi, actuellement en tournage dans la capitale. Le film r\u00e9unit Virginie Efira, Vincent Cassel, Isabelle Huppert, Adam Bessa et Catherine Deneuve.<\/p>\n<p class=\"mb-4 text-lg md:leading-8 break-words\">Ce drame franco-iranien met en sc\u00e8ne plusieurs destins crois\u00e9s dans le Paris contemporain, explorant les th\u00e8mes de la v\u00e9rit\u00e9, du doute et des relations humaines. Le tournage, qui a d\u00e9but\u00e9 d\u00e9but novembre, doit se poursuivre jusqu&rsquo;au 3 d\u00e9cembre. La sortie du film est pr\u00e9vue pour le printemps 2026.<\/p>\n<p class=\"mb-4 text-lg md:leading-8 break-words\"><a href=\"https:\/\/www.bfmtv.com\/people\/cinema\/pierre-niney-en-plein-tournage-a-paris-l-acteur-fait-une-visite-surprise-a-ses-voisines-d-en-face_AV-202511260887.html#xtor=AL-68\" rel=\"nofollow noopener\" target=\"_blank\" data-ylk=\"slk:Article original publi\u00e9 sur BFMTV.com;elm:context_link;itc:0;sec:content-canvas\" class=\"link \">Article original publi\u00e9 sur BFMTV.com<\/a><\/p>\n","protected":false},"excerpt":{"rendered":"Un caf\u00e9, du champagne et m\u00eame une raclette. Les invitations se multiplient aupr\u00e8s de Pierre Niney depuis mi-novembre.&hellip;\n","protected":false},"author":2,"featured_media":561337,"comment_status":"","ping_status":"","sticky":false,"template":"","format":"standard","meta":{"footnotes":""},"categories":[1888],"tags":[1111,1928,11,1927,1777,674,2823,67785,1011,27,12,1926,626,1925,17758,25,6265],"class_list":{"0":"post-561336","1":"post","2":"type-post","3":"status-publish","4":"format-standard","5":"has-post-thumbnail","7":"category-paris","8":"tag-actu","9":"tag-actu-paris","10":"tag-actualites","11":"tag-actualites-paris","12":"tag-eu","13":"tag-europe","14":"tag-face","15":"tag-fond-decran","16":"tag-fr","17":"tag-france","18":"tag-news","19":"tag-news-paris","20":"tag-paris","21":"tag-paris-news","22":"tag-pierre-niney","23":"tag-republique-francaise","24":"tag-tournage"},"share_on_mastodon":{"url":"https:\/\/pubeurope.com\/@fr\/115619384842527735","error":""},"_links":{"self":[{"href":"https:\/\/www.europesays.com\/fr\/wp-json\/wp\/v2\/posts\/561336","targetHints":{"allow":["GET"]}}],"collection":[{"href":"https:\/\/www.europesays.com\/fr\/wp-json\/wp\/v2\/posts"}],"about":[{"href":"https:\/\/www.europesays.com\/fr\/wp-json\/wp\/v2\/types\/post"}],"author":[{"embeddable":true,"href":"https:\/\/www.europesays.com\/fr\/wp-json\/wp\/v2\/users\/2"}],"replies":[{"embeddable":true,"href":"https:\/\/www.europesays.com\/fr\/wp-json\/wp\/v2\/comments?post=561336"}],"version-history":[{"count":0,"href":"https:\/\/www.europesays.com\/fr\/wp-json\/wp\/v2\/posts\/561336\/revisions"}],"wp:featuredmedia":[{"embeddable":true,"href":"https:\/\/www.europesays.com\/fr\/wp-json\/wp\/v2\/media\/561337"}],"wp:attachment":[{"href":"https:\/\/www.europesays.com\/fr\/wp-json\/wp\/v2\/media?parent=561336"}],"wp:term":[{"taxonomy":"category","embeddable":true,"href":"https:\/\/www.europesays.com\/fr\/wp-json\/wp\/v2\/categories?post=561336"},{"taxonomy":"post_tag","embeddable":true,"href":"https:\/\/www.europesays.com\/fr\/wp-json\/wp\/v2\/tags?post=561336"}],"curies":[{"name":"wp","href":"https:\/\/api.w.org\/{rel}","templated":true}]}}