{"id":561345,"date":"2025-11-27T02:53:13","date_gmt":"2025-11-27T02:53:13","guid":{"rendered":"https:\/\/www.europesays.com\/fr\/561345\/"},"modified":"2025-11-27T02:53:13","modified_gmt":"2025-11-27T02:53:13","slug":"trump-confirme-que-le-suspect-est-un-etranger-en-provenance-dafghanistan-entre-aux-etats-unis-en-2021","status":"publish","type":"post","link":"https:\/\/www.europesays.com\/fr\/561345\/","title":{"rendered":"Trump confirme que le suspect est \u00abun \u00e9tranger en provenance d\u2019Afghanistan\u00bb entr\u00e9 aux \u00c9tats-Unis en 2021"},"content":{"rendered":"<p>\n    Le pr\u00e9sident am\u00e9ricain a indiqu\u00e9 que son gouvernement allait \u00abr\u00e9examiner\u00bb tous les individus venus d\u2019Afghanistan aux \u00c9tats-Unis quand son pr\u00e9d\u00e9cesseur d\u00e9mocrate Joe Biden \u00e9tait au pouvoir.<\/p>\n<p class=\"fig-paragraph\">Donald Trump a confirm\u00e9 mercredi que l&rsquo;homme suspect\u00e9 d&rsquo;<a href=\"http:\/\/www.lefigaro.fr\/international\/deux-militaires-cibles-par-des-tirs-a-washington-a-proximite-de-la-maison-blanche-20251126\" target=\"_blank\" data-fig-type=\"NewsFlash\" rel=\"noopener\" data-gtm-custom-categorie=\"navigation\" data-gtm-custom-action=\"crossclick\" data-gtm-custom-label=\"Contextuel\" data-gtm-event=\"customEventSPE\" data-fig-domain=\"LEFIGARO\">avoir tir\u00e9 plus t\u00f4t sur deux militaires pr\u00e8s de la Maison-Blanche<\/a>\u00a0\u00e0 Washington \u00e9tait venu d&rsquo;Afghanistan en septembre 2021, et a d\u00e9nonc\u00e9 un \u00abacte de terreur\u00bb.<\/p>\n<p class=\"fig-paragraph\">\u00abLe suspect arr\u00eat\u00e9 est un \u00e9tranger qui est entr\u00e9 dans notre pays en provenance d&rsquo;Afghanistan\u00bb et qui \u00aba \u00e9t\u00e9 amen\u00e9 ici par le gouvernement Biden en septembre 2021\u00bb, a dit le pr\u00e9sident am\u00e9ricain, depuis la Floride o\u00f9 il passe la f\u00eate de Thanksgiving.<\/p>\n<p>                                    <a class=\"fig-a11y-skip a11y-hidden\" href=\"#fig-a11y-skip-main-inarticle\"><br \/>\n        Passer la publicit\u00e9<br \/>\n    <\/a><\/p>\n<p class=\"fig-paragraph\">Il a dit que son gouvernement devait maintenant \u00abr\u00e9examiner\u00bb tous les individus venus d&rsquo;Afghanistan aux \u00c9tats-Unis quand son pr\u00e9d\u00e9cesseur d\u00e9mocrate Joe Biden \u00e9tait au pouvoir.<\/p>\n","protected":false},"excerpt":{"rendered":"Le pr\u00e9sident am\u00e9ricain a indiqu\u00e9 que son gouvernement allait \u00abr\u00e9examiner\u00bb tous les individus venus d\u2019Afghanistan aux \u00c9tats-Unis quand&hellip;\n","protected":false},"author":2,"featured_media":561346,"comment_status":"","ping_status":"","sticky":false,"template":"","format":"standard","meta":{"footnotes":""},"categories":[1589],"tags":[11,75,73,1866,12,1864,1865,1863,308],"class_list":{"0":"post-561345","1":"post","2":"type-post","3":"status-publish","4":"format-standard","5":"has-post-thumbnail","7":"category-etats-unis","8":"tag-actualites","9":"tag-donald-trump","10":"tag-etats-unis","11":"tag-etats-unis-damerique","12":"tag-news","13":"tag-united-states","14":"tag-united-states-of-america","15":"tag-us","16":"tag-usa"},"share_on_mastodon":{"url":"https:\/\/pubeurope.com\/@fr\/115619404399014506","error":""},"_links":{"self":[{"href":"https:\/\/www.europesays.com\/fr\/wp-json\/wp\/v2\/posts\/561345","targetHints":{"allow":["GET"]}}],"collection":[{"href":"https:\/\/www.europesays.com\/fr\/wp-json\/wp\/v2\/posts"}],"about":[{"href":"https:\/\/www.europesays.com\/fr\/wp-json\/wp\/v2\/types\/post"}],"author":[{"embeddable":true,"href":"https:\/\/www.europesays.com\/fr\/wp-json\/wp\/v2\/users\/2"}],"replies":[{"embeddable":true,"href":"https:\/\/www.europesays.com\/fr\/wp-json\/wp\/v2\/comments?post=561345"}],"version-history":[{"count":0,"href":"https:\/\/www.europesays.com\/fr\/wp-json\/wp\/v2\/posts\/561345\/revisions"}],"wp:featuredmedia":[{"embeddable":true,"href":"https:\/\/www.europesays.com\/fr\/wp-json\/wp\/v2\/media\/561346"}],"wp:attachment":[{"href":"https:\/\/www.europesays.com\/fr\/wp-json\/wp\/v2\/media?parent=561345"}],"wp:term":[{"taxonomy":"category","embeddable":true,"href":"https:\/\/www.europesays.com\/fr\/wp-json\/wp\/v2\/categories?post=561345"},{"taxonomy":"post_tag","embeddable":true,"href":"https:\/\/www.europesays.com\/fr\/wp-json\/wp\/v2\/tags?post=561345"}],"curies":[{"name":"wp","href":"https:\/\/api.w.org\/{rel}","templated":true}]}}