{"id":561348,"date":"2025-11-27T02:55:20","date_gmt":"2025-11-27T02:55:20","guid":{"rendered":"https:\/\/www.europesays.com\/fr\/561348\/"},"modified":"2025-11-27T02:55:20","modified_gmt":"2025-11-27T02:55:20","slug":"appele-en-allemagne-en-1986-il-se-souvient","status":"publish","type":"post","link":"https:\/\/www.europesays.com\/fr\/561348\/","title":{"rendered":"appel\u00e9 en Allemagne, en 1986, il se souvient"},"content":{"rendered":"<p><strong>Patrick avait 22 ans, en 1986, quand il a rejoint l\u2019Allemagne pour effectuer son service militaire. Une ann\u00e9e exigeante, mais riche. L\u2019annonce d\u2019un potentiel retour du service militaire ne le choque pas.<\/strong><\/p>\n<p>L\u2019histoire remonte \u00e0 1986, un bail comme dirait l\u2019autre, mais Patrick en conserve un souvenir toujours frais. Le sexag\u00e9naire chaumontais a \u00e9t\u00e9 appel\u00e9 en Allemagne, du c\u00f4t\u00e9 d\u2019Offenburg,\u00a0pour son service militaire, pendant dix mois.\u00a0\u00ab Juste avant, j\u2019avais fait mes deux mois de classe \u00e0 Baden-Baden, comme beaucoup de Haut-Marnais \u00e0 l\u2019\u00e9poque\u00a0\u00bb, raconte-t-il.\u00a0La perspective d\u2019un retour d\u2019un service militaire en France, <a href=\"https:\/\/jhm.fr\/une-breve-histoire-du-service-militaire\/\" target=\"_blank\" rel=\"noopener\">pr\u00e8s de trente ans apr\u00e8s sa suspension<\/a>, ne le choque pas.\u00a0\u00ab Elle ne me para\u00eet pas farfelue, m\u00eame si je pense que, sur la base du volontariat, il attirera les m\u00eames qu\u2019aujourd\u2019hui, en l\u2019occurrence ceux qui veulent s\u2019engager dans cette voie\u00a0\u00bb, confie-t-il.<\/p>\n<p>A l\u2019\u00e9poque, son service militaire \u00e0 lui \u00e9tait obligatoire.\u00a0\u00ab Formateur pour certains, inutile voire pr\u00e9judiciable pour d\u2019autres\u00a0\u00bb, il reste une exp\u00e9rience tr\u00e8s riche.\u00a0\u00ab Tout n\u2019a pas \u00e9t\u00e9 tr\u00e8s int\u00e9ressant, mais avec le recul, je me rends compte que cette p\u00e9riode a apport\u00e9 du cadre, de la rigueur et du respect\u00a0\u00bb, insiste-t-il.\u00a0\u00ab Ceci ne g\u00e2cherait rien aujourd\u2019hui\u00a0\u00bb.<\/p>\n<p>Adversit\u00e9, ob\u00e9issance et d\u00e9veloppement des comp\u00e9tences<\/p>\n<p>Il \u00e9voque alors ces man\u0153uvres, dans la nuit ou le froid, dans la\u00a0\u00ab petite Sib\u00e9rie, au fin fond de l\u2019Allemagne, tous gel\u00e9s \u00e0 trois heures du matin\u00a0\u00bb.\u00a0\u00ab On a appris l\u2019adversit\u00e9, l\u2019ob\u00e9issance aussi\u00a0\u00bb, estime-t-il. Les classes pass\u00e9es, la vie a alors \u00e9t\u00e9 plus facile. D\u2019abord chauffeur, puis op\u00e9rateur au bureau des permissions, il est finalement envoy\u00e9 \u00e0 Offenburg, dans un atelier d\u2019imprimerie, avec des civils. Patrick est du secteur, mais enrichit ses connaissances, d\u00e9veloppe de nouvelles comp\u00e9tences, apprend des m\u00e9tiers inconnus.\u00a0<\/p>\n<p>\u00ab J\u2019ai fait de la photocomposition. On r\u00e9alisait des cartes topographiques. J\u2019ai appris \u00e0 g\u00e9rer les stocks, le magasin et le papier. En livrant les commandes, j\u2019ai visit\u00e9 l\u2019Allemagne et vu le mur de Berlin, encore debout\u00a0\u00bb, se souvient-il.<\/p>\n<p>Il a aussi visit\u00e9 les gares, des jours et des nuits durant quand, en partance de Chaumont \u00e0 18 h, il arrivait le lendemain, quelques minutes avant la lev\u00e9e des couleurs,\u00a0\u00ab le paquetage \u00e0 peine pos\u00e9 et une toilette rapide effectu\u00e9e\u00a0\u00bb. A l\u2019ancienne, un peu \u00e0 la dure aussi.\u00a0\u00ab Peut-\u00eatre apr\u00e8s tout que \u00e7a ne fait pas de mal\u00a0\u00bb, conclut-il.<\/p>\n<p><strong>D. C.<\/strong><\/p>\n","protected":false},"excerpt":{"rendered":"Patrick avait 22 ans, en 1986, quand il a rejoint l\u2019Allemagne pour effectuer son service militaire. Une ann\u00e9e&hellip;\n","protected":false},"author":2,"featured_media":561349,"comment_status":"","ping_status":"","sticky":false,"template":"","format":"standard","meta":{"footnotes":""},"categories":[1587],"tags":[11,672,1804,1805,1803,1777,674,1801,12,1802],"class_list":{"0":"post-561348","1":"post","2":"type-post","3":"status-publish","4":"format-standard","5":"has-post-thumbnail","7":"category-allemagne","8":"tag-actualites","9":"tag-allemagne","10":"tag-bundesrepublik-deutschland","11":"tag-de","12":"tag-deutschland","13":"tag-eu","14":"tag-europe","15":"tag-germany","16":"tag-news","17":"tag-republique-federale-dallemagne"},"share_on_mastodon":{"url":"https:\/\/pubeurope.com\/@fr\/115619412363810129","error":""},"_links":{"self":[{"href":"https:\/\/www.europesays.com\/fr\/wp-json\/wp\/v2\/posts\/561348","targetHints":{"allow":["GET"]}}],"collection":[{"href":"https:\/\/www.europesays.com\/fr\/wp-json\/wp\/v2\/posts"}],"about":[{"href":"https:\/\/www.europesays.com\/fr\/wp-json\/wp\/v2\/types\/post"}],"author":[{"embeddable":true,"href":"https:\/\/www.europesays.com\/fr\/wp-json\/wp\/v2\/users\/2"}],"replies":[{"embeddable":true,"href":"https:\/\/www.europesays.com\/fr\/wp-json\/wp\/v2\/comments?post=561348"}],"version-history":[{"count":0,"href":"https:\/\/www.europesays.com\/fr\/wp-json\/wp\/v2\/posts\/561348\/revisions"}],"wp:featuredmedia":[{"embeddable":true,"href":"https:\/\/www.europesays.com\/fr\/wp-json\/wp\/v2\/media\/561349"}],"wp:attachment":[{"href":"https:\/\/www.europesays.com\/fr\/wp-json\/wp\/v2\/media?parent=561348"}],"wp:term":[{"taxonomy":"category","embeddable":true,"href":"https:\/\/www.europesays.com\/fr\/wp-json\/wp\/v2\/categories?post=561348"},{"taxonomy":"post_tag","embeddable":true,"href":"https:\/\/www.europesays.com\/fr\/wp-json\/wp\/v2\/tags?post=561348"}],"curies":[{"name":"wp","href":"https:\/\/api.w.org\/{rel}","templated":true}]}}