{"id":561356,"date":"2025-11-27T02:59:19","date_gmt":"2025-11-27T02:59:19","guid":{"rendered":"https:\/\/www.europesays.com\/fr\/561356\/"},"modified":"2025-11-27T02:59:19","modified_gmt":"2025-11-27T02:59:19","slug":"promotion-de-zemmour-temps-de-parole-contourne-complement-denquete-demonte-les-methodes-de-cnews-liberation","status":"publish","type":"post","link":"https:\/\/www.europesays.com\/fr\/561356\/","title":{"rendered":"Promotion de Zemmour, temps de parole contourn\u00e9\u2026 \u00abCompl\u00e9ment d\u2019enqu\u00eate\u00bb d\u00e9monte les m\u00e9thodes de CNews &#8211; Lib\u00e9ration"},"content":{"rendered":"<ol>\n<li><a href=\"https:\/\/news.google.com\/rss\/articles\/CBMihgJBVV95cUxPLTRYMWFSOEdtMFM5X0xBV0IxQ05RakhSTVhXMG5RdTRvdTV3RGpKVWI2MjAtLTZJelZTY0V0MEFWbWJaY2ppeDA3SV9zS1VfM1BPOE5ka1JpbE5JZDgyNDhvN2YxNnVSMHU1RzFmZ1JfUFA4N1pGOHV5Z1ZReHRYQVZJVzhuaC1mcWQ3UFZuTDJkVmZBMU9WckxHajNmckpYRnduVW5QblEwX2NnSHJhNndWRUZXbnAwalE2aUJBN0Z2NEtoaTVJaUFRd2drM0Vad0oyWWFXbWxwOHI2dzRNSk5hRnpNTWk4QUZXQ0F6S25xaWFaWm81MkdESXExbmtGUGNCdGFB?oc=5\" target=\"_blank\" rel=\"noopener\">Promotion de Zemmour, temps de parole contourn\u00e9\u2026 \u00abCompl\u00e9ment d\u2019enqu\u00eate\u00bb d\u00e9monte les m\u00e9thodes de CNews<\/a>&nbsp;&nbsp;Lib\u00e9ration<\/li>\n<li><a href=\"https:\/\/news.google.com\/rss\/articles\/CBMilgJBVV95cUxObjQ1eDhlcVVCY1hDVXJOdDZoQjNRY0t3NmtHNy1YcE1RWkdRS21MT2Y1WDZvMGdzZXJOM0RXWTM0bHk3RWpzWktwYVpFZ1lyZzFmSFVpSDY1VHREYWN4bWlORHdvZVI4OF9HckllT2xXX283NXpxY3JBNnRkSU93WVhRZV9vS2d6SThKTmFORzJVQl9jazIwUzlFeXRIcGgwMGhUZE1SWUgyQW1lUVoyRmhsUGF2WmZqUEh2TTlEWVBVY2xOR0h2S1ZDWTJqMWdoandtNWhJZ0w2RDUzUVJ2THdvMVMwSU1ZbVZ0X08tSm9TUDk0WjhtUHZFcGVrYTlwOVV0UXNLTndmMEg1VG45YkVKdVZIUQ?oc=5\" target=\"_blank\" rel=\"noopener\">Le prochain \u00ab Compl\u00e9ment d\u2019enqu\u00eate \u00bb raconte les manquements et les obsessions de CNews, entre d\u00e9sinformation et manque de pluralisme<\/a>&nbsp;&nbsp;Le Monde.fr<\/li>\n<li><a href=\"https:\/\/news.google.com\/rss\/articles\/CBMirwFBVV95cUxPWjQ0M09sTHozSWtHZERXNVdST2ZscUhqZjFZVWVxNi0ycXZMNDBUOC1XVG5HQ09LVHh0N2wtVldNVmF5S2NuLWJMUVE5RE9lMWdrQi00eFoyd1hhNkxEdXZPajg0bGwtS2VIdm1uVDc2cmNZUFJzS0Q1MlZ0SE1fZkI2QjZoQ0N0c0VFakNfX0EtQVduTnZYQW5SQlpudHVWUEhLY2x6QmtCRFR6eDJv?oc=5\" target=\"_blank\" rel=\"noopener\">Pourquoi Pascal Praud ne va pas aimer le \u00ab\u00a0Compl\u00e9ment d\u2019enqu\u00eate\u00a0\u00bb sur CNews<\/a>&nbsp;&nbsp;Marianne<\/li>\n<li><a href=\"https:\/\/news.google.com\/rss\/articles\/CBMi6gFBVV95cUxQU0lpQ2IzZ2xxWnBuZ1ZZNmJwVmZlNzYtM0lXZ0RPdHpwdjh6YXhybFR3d2lTMFVUVUxQbkh4MWVnNWpEZHdVNWlQazQtcEpZNTd2QnNZS3lPa3dqYkx2SkxnYlNTRGhvY2xjMDhyTGUyQm1BeGVLZ0NXUEJfOVRQYllIVmFQV0p5R1dNbFMxdFQ1QWJYYjJ5clN3WGlnNzlDSUJNbXpWLWROcmxBNGhyUlVDSWtHWmhxYVlsc1k5dFFsTURIcEtUNnRBWkt2WXA3U2VEOHl3d096NG1jRWhfbFlLOVpQbGcwOGc?oc=5\" target=\"_blank\" rel=\"noopener\">\u00ab Compl\u00e9ment d\u2019enqu\u00eate \u00bb sur CNews : ce que r\u00e9v\u00e8le le magazine de France 2<\/a>&nbsp;&nbsp;Le Parisien<\/li>\n<li><a href=\"https:\/\/news.google.com\/rss\/articles\/CBMijgJBVV95cUxOSC10Vm41VnhqYTI2SkNZbXZDTVd0WW9GME1GZjhxcVNYYnVKZjZ3b1VDMHd6Rk9VMEhpNnZRZU00eUJ3VjFObnR1bk5oQ2w4alZmSnM2LTJwOVlSODFxM0haUkdXdzFBMkwyaDJodnQzQ0NteUlGRVJqQWtVV2Y1My0xRlp1blJUNjdyMjlQNm03UzhzX05jZHBfZkdscV80Rndtb2pveTkyNTRCREJKbTdGOVQtT2pHWEFMUWs2b0tiWWJYejRUd2gyWDdxbk52UE1aRUp5ejRkQ3A3QWx0V2VSMUhGdmt5U3hDWWkxY1NFcW9Ob1llSDlFQXpVODdpdUU0LVpJUWhqVWZmckE?oc=5\" target=\"_blank\" rel=\"noopener\">La gauche diffus\u00e9e la nuit, l\u2019extr\u00eame droite le jour\u2026 La \u201ctriche\u201d de la cha\u00eene CNews sur le pluralisme politique r\u00e9v\u00e9l\u00e9e par RSF<\/a>&nbsp;&nbsp;Le Nouvel Obs<\/li>\n<\/ol>\n","protected":false},"excerpt":{"rendered":"Promotion de Zemmour, temps de parole contourn\u00e9\u2026 \u00abCompl\u00e9ment d\u2019enqu\u00eate\u00bb d\u00e9monte les m\u00e9thodes de CNews&nbsp;&nbsp;Lib\u00e9ration Le prochain \u00ab Compl\u00e9ment&hellip;\n","protected":false},"author":2,"featured_media":561357,"comment_status":"","ping_status":"","sticky":false,"template":"","format":"standard","meta":{"footnotes":""},"categories":[2],"tags":[11,4690,9722,1011,27,2400,12,10160,25,1022],"class_list":{"0":"post-561356","1":"post","2":"type-post","3":"status-publish","4":"format-standard","5":"has-post-thumbnail","7":"category-actualites","8":"tag-actualites","9":"tag-arcom","10":"tag-cnews","11":"tag-fr","12":"tag-france","13":"tag-france-televisions","14":"tag-news","15":"tag-pascal-praud","16":"tag-republique-francaise","17":"tag-vincent-bollore"},"share_on_mastodon":{"url":"https:\/\/pubeurope.com\/@fr\/115619428223092591","error":""},"_links":{"self":[{"href":"https:\/\/www.europesays.com\/fr\/wp-json\/wp\/v2\/posts\/561356","targetHints":{"allow":["GET"]}}],"collection":[{"href":"https:\/\/www.europesays.com\/fr\/wp-json\/wp\/v2\/posts"}],"about":[{"href":"https:\/\/www.europesays.com\/fr\/wp-json\/wp\/v2\/types\/post"}],"author":[{"embeddable":true,"href":"https:\/\/www.europesays.com\/fr\/wp-json\/wp\/v2\/users\/2"}],"replies":[{"embeddable":true,"href":"https:\/\/www.europesays.com\/fr\/wp-json\/wp\/v2\/comments?post=561356"}],"version-history":[{"count":0,"href":"https:\/\/www.europesays.com\/fr\/wp-json\/wp\/v2\/posts\/561356\/revisions"}],"wp:featuredmedia":[{"embeddable":true,"href":"https:\/\/www.europesays.com\/fr\/wp-json\/wp\/v2\/media\/561357"}],"wp:attachment":[{"href":"https:\/\/www.europesays.com\/fr\/wp-json\/wp\/v2\/media?parent=561356"}],"wp:term":[{"taxonomy":"category","embeddable":true,"href":"https:\/\/www.europesays.com\/fr\/wp-json\/wp\/v2\/categories?post=561356"},{"taxonomy":"post_tag","embeddable":true,"href":"https:\/\/www.europesays.com\/fr\/wp-json\/wp\/v2\/tags?post=561356"}],"curies":[{"name":"wp","href":"https:\/\/api.w.org\/{rel}","templated":true}]}}