{"id":561362,"date":"2025-11-27T03:08:19","date_gmt":"2025-11-27T03:08:19","guid":{"rendered":"https:\/\/www.europesays.com\/fr\/561362\/"},"modified":"2025-11-27T03:08:19","modified_gmt":"2025-11-27T03:08:19","slug":"quel-avenir-pour-les-coureurs-de-dinan-sport-cycling-apres-larret-de-lequipe-de-n1","status":"publish","type":"post","link":"https:\/\/www.europesays.com\/fr\/561362\/","title":{"rendered":"Quel avenir pour les coureurs de Dinan Sport Cycling apr\u00e8s l\u2019arr\u00eat de l\u2019\u00e9quipe de N1\u00a0?"},"content":{"rendered":"<p class=\"tlg-author\">\n                Par<br \/>\n                Le T\u00e9l\u00e9gramme<\/p>\n<p>Le 26 novembre 2025 \u00e0 18h00<\/p>\n<p class=\"tlg-h5\">La formation costarmoricaine de Dinan Sport Cycling (N1) ne repartira pas la saison prochaine. Sur les 17 coureurs qui composaient l\u2019effectif 2025, une bonne partie a retrouv\u00e9 une \u00e9quipe. Tour d\u2019horizon.<\/p>\n<p><img fetchpriority=\"high\" decoding=\"async\" src=\"https:\/\/www.europesays.com\/fr\/wp-content\/uploads\/2025\/11\/6927112b479d73933503dec4.1.jpeg\" width=\"960\" height=\"600\" class=\"web_golden_xl\" loading=\"eager\" alt=\"Une bonne partie des coureurs de Dinan Sport Cycling ont trouv\u00e9 une \u00e9quipe pour 2026.\"\/>Une bonne partie des coureurs de Dinan Sport Cycling ont trouv\u00e9 une \u00e9quipe pour 2026. (Photo Philippe Priser)<\/p>\n","protected":false},"excerpt":{"rendered":"Par Le T\u00e9l\u00e9gramme Le 26 novembre 2025 \u00e0 18h00 La formation costarmoricaine de Dinan Sport Cycling (N1) ne&hellip;\n","protected":false},"author":2,"featured_media":561363,"comment_status":"","ping_status":"","sticky":false,"template":"","format":"standard","meta":{"footnotes":""},"categories":[1411],"tags":[1154,207,6159,3472,67786,3166,1011,27,60890,60],"class_list":{"0":"post-561362","1":"post","2":"type-post","3":"status-publish","4":"format-standard","5":"has-post-thumbnail","7":"category-cyclisme","8":"tag-cycling","9":"tag-cyclisme","10":"tag-cyclisme-amateurs","11":"tag-dinan","12":"tag-dinan-sport-cycling","13":"tag-en-continu-sports","14":"tag-fr","15":"tag-france","16":"tag-mercato-velo","17":"tag-sports"},"share_on_mastodon":{"url":"https:\/\/pubeurope.com\/@fr\/115619464625910882","error":""},"_links":{"self":[{"href":"https:\/\/www.europesays.com\/fr\/wp-json\/wp\/v2\/posts\/561362","targetHints":{"allow":["GET"]}}],"collection":[{"href":"https:\/\/www.europesays.com\/fr\/wp-json\/wp\/v2\/posts"}],"about":[{"href":"https:\/\/www.europesays.com\/fr\/wp-json\/wp\/v2\/types\/post"}],"author":[{"embeddable":true,"href":"https:\/\/www.europesays.com\/fr\/wp-json\/wp\/v2\/users\/2"}],"replies":[{"embeddable":true,"href":"https:\/\/www.europesays.com\/fr\/wp-json\/wp\/v2\/comments?post=561362"}],"version-history":[{"count":0,"href":"https:\/\/www.europesays.com\/fr\/wp-json\/wp\/v2\/posts\/561362\/revisions"}],"wp:featuredmedia":[{"embeddable":true,"href":"https:\/\/www.europesays.com\/fr\/wp-json\/wp\/v2\/media\/561363"}],"wp:attachment":[{"href":"https:\/\/www.europesays.com\/fr\/wp-json\/wp\/v2\/media?parent=561362"}],"wp:term":[{"taxonomy":"category","embeddable":true,"href":"https:\/\/www.europesays.com\/fr\/wp-json\/wp\/v2\/categories?post=561362"},{"taxonomy":"post_tag","embeddable":true,"href":"https:\/\/www.europesays.com\/fr\/wp-json\/wp\/v2\/tags?post=561362"}],"curies":[{"name":"wp","href":"https:\/\/api.w.org\/{rel}","templated":true}]}}