{"id":561368,"date":"2025-11-27T03:11:23","date_gmt":"2025-11-27T03:11:23","guid":{"rendered":"https:\/\/www.europesays.com\/fr\/561368\/"},"modified":"2025-11-27T03:11:23","modified_gmt":"2025-11-27T03:11:23","slug":"le-musee-bonnat-helleu-le-petit-louvre-de-bayonne-renait-apres-quatorze-ans-de-fermeture","status":"publish","type":"post","link":"https:\/\/www.europesays.com\/fr\/561368\/","title":{"rendered":"Le Mus\u00e9e Bonnat-Helleu, le petit \u00ab\u00a0Louvre\u00a0\u00bb de Bayonne, rena\u00eet apr\u00e8s quatorze ans de fermeture"},"content":{"rendered":"<p>                     <img loading=\"lazy\" decoding=\"async\" src=\"https:\/\/www.europesays.com\/fr\/wp-content\/uploads\/2025\/11\/eefa206_upload-1-hnyfsd5qjk2b-mbh-a-musei-e-bonnat-helleu-photographe-alexandra-vaquero-jpg-2.jpg\" alt=\"Vue ext\u00e9rieure du Mus\u00e9e Bonnat-Helleu, \u00e0 Bayonne (Pyr\u00e9n\u00e9es-Atlantiques), en juin 2025.\"   width=\"664\" height=\"443\"\/>    Vue ext\u00e9rieure du Mus\u00e9e Bonnat-Helleu, \u00e0 Bayonne (Pyr\u00e9n\u00e9es-Atlantiques), en juin 2025.  ALEXANDRA VAQUERO                 <\/p>\n<p class=\"article__paragraph  \">On n\u2019osait plus y croire. Ferm\u00e9 depuis 2011, le Mus\u00e9e Bonnat-Helleu rouvre enfin ses portes au grand public, jeudi 27\u00a0novembre, \u00e0 Bayonne (Pyr\u00e9n\u00e9es-Atlantiques), au lendemain d\u2019un vernissage marqu\u00e9 par la pr\u00e9sence de la ministre de la culture, Rachida Dati. Enti\u00e8rement restaur\u00e9, du sol serti de mosa\u00efques de Giandomenico Facchina (1826-1903) jusqu\u2019\u00e0 la verri\u00e8re en pointe de diamant du patio, le b\u00e2timent r\u00e9v\u00e8le enfin, apr\u00e8s quatorze ans, l\u2019une des plus belles collections d\u2019art ancien en r\u00e9gion, apr\u00e8s celle du Louvre. L\u2019annexion d\u2019une \u00e9cole mitoyenne a permis d\u2019ouvrir de nouvelles salles d\u2019exposition, de loger les bureaux et d\u2019ouvrir une caf\u00e9t\u00e9ria flambant neuve.<\/p>\n<p class=\"article__paragraph  \">Cette renaissance inesp\u00e9r\u00e9e marque l\u2019\u00e9pilogue d\u2019un chantier interminable, dont la facture a d\u00e9rap\u00e9 pour atteindre 35\u00a0millions d\u2019euros. Le projet, il est vrai, avait \u00e9t\u00e9 originellement mal calibr\u00e9. L\u2019enveloppe pr\u00e9visionnelle de 10\u00a0millions, fix\u00e9e en\u00a02016, n\u2019avait pas chiffr\u00e9 le co\u00fbt du mobilier, de la m\u00e9diation ni des travaux de voirie. Un sous-sol avait \u00e9galement \u00e9t\u00e9 pr\u00e9vu, sans prendre en compte les risques de crue de l\u2019Adour, situ\u00e9 pourtant \u00e0 quelques dizaines de m\u00e8tres.<\/p>\n<p class=\"reading-mode-only \"><strong>Il vous reste 80.9% de cet article \u00e0 lire. La suite est r\u00e9serv\u00e9e aux abonn\u00e9s.<\/strong><\/p>\n","protected":false},"excerpt":{"rendered":"Vue ext\u00e9rieure du Mus\u00e9e Bonnat-Helleu, \u00e0 Bayonne (Pyr\u00e9n\u00e9es-Atlantiques), en juin 2025. ALEXANDRA VAQUERO On n\u2019osait plus y croire.&hellip;\n","protected":false},"author":2,"featured_media":561369,"comment_status":"","ping_status":"","sticky":false,"template":"","format":"standard","meta":{"footnotes":""},"categories":[1358],"tags":[1348,1384,1385,1386,58,59,1011,27],"class_list":{"0":"post-561368","1":"post","2":"type-post","3":"status-publish","4":"format-standard","5":"has-post-thumbnail","7":"category-arts-et-design","8":"tag-arts","9":"tag-arts-and-design","10":"tag-arts-et-design","11":"tag-design","12":"tag-divertissement","13":"tag-entertainment","14":"tag-fr","15":"tag-france"},"share_on_mastodon":{"url":"https:\/\/pubeurope.com\/@fr\/115619476067680817","error":""},"_links":{"self":[{"href":"https:\/\/www.europesays.com\/fr\/wp-json\/wp\/v2\/posts\/561368","targetHints":{"allow":["GET"]}}],"collection":[{"href":"https:\/\/www.europesays.com\/fr\/wp-json\/wp\/v2\/posts"}],"about":[{"href":"https:\/\/www.europesays.com\/fr\/wp-json\/wp\/v2\/types\/post"}],"author":[{"embeddable":true,"href":"https:\/\/www.europesays.com\/fr\/wp-json\/wp\/v2\/users\/2"}],"replies":[{"embeddable":true,"href":"https:\/\/www.europesays.com\/fr\/wp-json\/wp\/v2\/comments?post=561368"}],"version-history":[{"count":0,"href":"https:\/\/www.europesays.com\/fr\/wp-json\/wp\/v2\/posts\/561368\/revisions"}],"wp:featuredmedia":[{"embeddable":true,"href":"https:\/\/www.europesays.com\/fr\/wp-json\/wp\/v2\/media\/561369"}],"wp:attachment":[{"href":"https:\/\/www.europesays.com\/fr\/wp-json\/wp\/v2\/media?parent=561368"}],"wp:term":[{"taxonomy":"category","embeddable":true,"href":"https:\/\/www.europesays.com\/fr\/wp-json\/wp\/v2\/categories?post=561368"},{"taxonomy":"post_tag","embeddable":true,"href":"https:\/\/www.europesays.com\/fr\/wp-json\/wp\/v2\/tags?post=561368"}],"curies":[{"name":"wp","href":"https:\/\/api.w.org\/{rel}","templated":true}]}}