{"id":561370,"date":"2025-11-27T03:13:23","date_gmt":"2025-11-27T03:13:23","guid":{"rendered":"https:\/\/www.europesays.com\/fr\/561370\/"},"modified":"2025-11-27T03:13:23","modified_gmt":"2025-11-27T03:13:23","slug":"anne-elisabeth-lemoine-jalouse-du-succes-de-lena-situations-e","status":"publish","type":"post","link":"https:\/\/www.europesays.com\/fr\/561370\/","title":{"rendered":"Anne-Elisabeth Lemoine \u201cjalouse\u201d du succ\u00e8s de L\u00e9na Situations ? \u00c9 &#8230;"},"content":{"rendered":"<p>EN BREF<\/p>\n<ul class=\"bloc_resume_post_list\">\n<li>Le 26 novembre, Anne-Elisabeth Lemoine a accueilli Elise<br \/>\nLucet et L\u00e9na Situations sur le plateau de C \u00e0 vous sur France<br \/>\n5.<\/li>\n<li>L\u00e9na Situations a discut\u00e9 de son livre Encore mieux et de<br \/>\nson podcast Couch avec des invit\u00e9s prestigieux comme<br \/>\nRihanna.<\/li>\n<li>Anne-Elisabeth Lemoine, Elise Lucet et L\u00e9na Situations<br \/>\npartagent leurs exp\u00e9riences avec des invit\u00e9s c\u00e9l\u00e8bres, sans<br \/>\nrivalit\u00e9 apparente.<\/li>\n<\/ul>\n<p class=\"p1\">Chaque soir, Anne-Elisabeth Lemoine retrouve<br \/>\n<strong>toute l\u2019\u00e9quipe de C \u00e0 vous<\/strong> sur France 5. Elle<br \/>\n\u00e9voque ainsi l\u2019actualit\u00e9 et re\u00e7oit plusieurs invit\u00e9s. Mercredi 26<br \/>\nnovembre, l\u2019animatrice a accueilli <strong>Elise Lucet<\/strong>,<br \/>\nvenue pr\u00e9senter une nouvelle enqu\u00eate d\u2019Envoy\u00e9 sp\u00e9cial.<\/p>\n<p class=\"p1\">De son c\u00f4t\u00e9, <strong>L\u00e9na Situations<\/strong> s\u2019est<br \/>\nrendue sur le plateau pour parler de son livre Encore<br \/>\nmieux. <a href=\"https:\/\/www.telestar.fr\/people\/deux-mecs-avec-deux-flingues-lena-situations-raconte-son-terrible-braquage-a-los-angeles-1745866\" target=\"_blank\" rel=\"noopener\"><br \/>\nCelle qui a \u00e9t\u00e9 t\u00e9moin d\u00a0\u00bbun braquage<\/a> en a aussi profit\u00e9 pour<br \/>\n\u00e9voquer Couch, son nouveau podcast dans lequel elle re\u00e7oit \u201cles<br \/>\nplus grandes stars\u201d.<\/p>\n<p>Les invit\u00e9s de L\u00e9na Situations font des envieux<\/p>\n<p class=\"p1\">En octobre dernier, <a href=\"https:\/\/www.telestar.fr\/people\/lena-situations-son-drole-de-cadeau-danniversaire-fait-main-par-une-tres-celebre-actrice-1745882\" target=\"_blank\" rel=\"noopener\"><br \/>\nL\u00e9na Situations<\/a> a lanc\u00e9 Couch avec <strong>Rihanna<\/strong>.<br \/>\nDans C \u00e0 vous, Lorrain S\u00e9n\u00e9chal a fait remarquer que la c\u00e9l\u00e8bre<br \/>\nchanteuse s\u2019inscrivait dans une longue liste, notamment compos\u00e9e de<br \/>\n<strong>c\u00e9l\u00e9brit\u00e9s<\/strong> comme \u201cZendaya, Timoth\u00e9e Chalamet,<br \/>\nPharrell Williams et Billie Eilish\u201d.<\/p>\n<p class=\"p1\">Le chroniqueur s\u2019est ensuite tourn\u00e9 vers Elise Lucet.<br \/>\n\u201cVous \u00eates jalouse, Elise, quand vous voyez \u00e7a ? Toutes les<br \/>\nstars viennent chez les influenceurs, plus chez les<br \/>\njournalistes\u201d, a-t-il fait remarquer. Celle qui anime Derush<br \/>\nsur YouTube a alors <strong>affirm\u00e9 son soutien<\/strong> \u00e0 L\u00e9na<br \/>\nSituations. \u201cJe suis venue sur son canap\u00e9 et elle est venue sur<br \/>\nle mien. Moi, je trouve \u00e7a super\u201d, a-t-elle assur\u00e9.<\/p>\n<p>Anne-Elisabeth Lemoine se d\u00e9fend<br \/>\nd\u2019\u00eatre jalouse<\/p>\n<p class=\"p1\">Dans la suite de l\u2019\u00e9mission, Elise Lucet a fait<br \/>\nremarquer que <strong>ses invit\u00e9s<\/strong> n\u2019\u00e9taient \u201cpas tout<br \/>\n\u00e0 fait les m\u00eames\u201d que ceux de L\u00e9na Situations. \u201cL\u00e9na court<br \/>\nmoins derri\u00e8re ses interlocuteurs\u201d, s\u2019est amus\u00e9e<br \/>\nAnne-Elisabeth Lemoine. <a href=\"https:\/\/www.closermag.fr\/people\/lise-lucet-de-quoi-est-mort-son-mari-disparu-en-2011-1102497\" target=\"_blank\" rel=\"noopener\">La veuve de Martin Bourgeois<\/a> a<br \/>\nalors lanc\u00e9 : \u201cC\u2019est Babeth qui devrait \u00eatre jalouse en<br \/>\nfait\u201d.<\/p>\n<p class=\"p1\">Alors que ses invit\u00e9s sont parfois tr\u00e8s c\u00e9l\u00e8bres,<br \/>\nl\u2019animatrice de C \u00e0 vous a <strong>d\u00e9menti \u00eatre jalouse<\/strong>.<br \/>\nElle a ainsi rappel\u00e9 qu\u2019elle avait r\u00e9cemment re\u00e7u des hommes comme<br \/>\n<strong>Hugh Jackman ou George Clooney<\/strong>. Des noms qui font<br \/>\nr\u00eaver et qui s\u2019ajoutent \u00e0 tous les acteurs qu\u2019elle a la chance<br \/>\nd\u2019interviewer chaque ann\u00e9e lors du festival de Cannes. La<br \/>\nconcurrence n\u2019est donc pas \u00e0 l\u2019ordre du jour entre L\u00e9na Situations,<br \/>\nElise Lucet et Anne-Elisabeth Lemoine.<\/p>\n","protected":false},"excerpt":{"rendered":"EN BREF Le 26 novembre, Anne-Elisabeth Lemoine a accueilli Elise Lucet et L\u00e9na Situations sur le plateau de&hellip;\n","protected":false},"author":2,"featured_media":561371,"comment_status":"","ping_status":"","sticky":false,"template":"","format":"standard","meta":{"footnotes":""},"categories":[1356],"tags":[5631,548,5632,58,54371,59,1011,27,252,1364],"class_list":{"0":"post-561370","1":"post","2":"type-post","3":"status-publish","4":"format-standard","5":"has-post-thumbnail","7":"category-television","8":"tag-anne-elisabeth-lemoine","9":"tag-article-simple","10":"tag-c-a-vous","11":"tag-divertissement","12":"tag-elise-lucet","13":"tag-entertainment","14":"tag-fr","15":"tag-france","16":"tag-television","17":"tag-tv"},"share_on_mastodon":{"url":"https:\/\/pubeurope.com\/@fr\/115619483060723076","error":""},"_links":{"self":[{"href":"https:\/\/www.europesays.com\/fr\/wp-json\/wp\/v2\/posts\/561370","targetHints":{"allow":["GET"]}}],"collection":[{"href":"https:\/\/www.europesays.com\/fr\/wp-json\/wp\/v2\/posts"}],"about":[{"href":"https:\/\/www.europesays.com\/fr\/wp-json\/wp\/v2\/types\/post"}],"author":[{"embeddable":true,"href":"https:\/\/www.europesays.com\/fr\/wp-json\/wp\/v2\/users\/2"}],"replies":[{"embeddable":true,"href":"https:\/\/www.europesays.com\/fr\/wp-json\/wp\/v2\/comments?post=561370"}],"version-history":[{"count":0,"href":"https:\/\/www.europesays.com\/fr\/wp-json\/wp\/v2\/posts\/561370\/revisions"}],"wp:featuredmedia":[{"embeddable":true,"href":"https:\/\/www.europesays.com\/fr\/wp-json\/wp\/v2\/media\/561371"}],"wp:attachment":[{"href":"https:\/\/www.europesays.com\/fr\/wp-json\/wp\/v2\/media?parent=561370"}],"wp:term":[{"taxonomy":"category","embeddable":true,"href":"https:\/\/www.europesays.com\/fr\/wp-json\/wp\/v2\/categories?post=561370"},{"taxonomy":"post_tag","embeddable":true,"href":"https:\/\/www.europesays.com\/fr\/wp-json\/wp\/v2\/tags?post=561370"}],"curies":[{"name":"wp","href":"https:\/\/api.w.org\/{rel}","templated":true}]}}