{"id":561374,"date":"2025-11-27T03:15:57","date_gmt":"2025-11-27T03:15:57","guid":{"rendered":"https:\/\/www.europesays.com\/fr\/561374\/"},"modified":"2025-11-27T03:15:57","modified_gmt":"2025-11-27T03:15:57","slug":"critique-cinema-bugonia-de-yorgos-lanthimos-un-huis-clos-de-sequestration-techniquement-superbe","status":"publish","type":"post","link":"https:\/\/www.europesays.com\/fr\/561374\/","title":{"rendered":"Critique cin\u00e9ma\u00a0: \u00ab\u00a0Bugonia\u00a0\u00bb de Y\u00f3rgos L\u00e1nthimos, un huis clos de s\u00e9questration techniquement superbe"},"content":{"rendered":"<p class=\"PopSlotParagraph qg-tx2 qg-xtra-lh svelte-1r0pyek\">Avec Bugonia, Y\u00f3rgos L\u00e1nthimos signe son dixi\u00e8me long m\u00e9trage et revisite en anglais le film culte sud-cor\u00e9en Save the Green Planet! dans un thriller psychologique aussi f\u00e9roce qu\u2019absurde. Tourn\u00e9 en 35 mm et au format VistaVision, le film enferme Emma Stone, PDG soup\u00e7onn\u00e9e d\u2019\u00eatre une extraterrestre, dans le sous-sol o\u00f9 deux cousins complotistes, interpr\u00e9t\u00e9s par Jesse Plemons et le d\u00e9butant Aidan Delbis, la s\u00e9questrent pour d\u00e9jouer un fantasmatique complot impliquant l\u2019extinction des abeilles et une \u00e9clipse de lune.<\/p>\n<p class=\"PopSlotParagraph qg-tx2 qg-xtra-lh svelte-1r0pyek\">L\u00e1nthimos transforme ce huis clos parano\u00efaque en microcosme de notre \u00e9poque\u00a0: un espace satur\u00e9 d\u2019obsessions, de croyances d\u00e9lirantes et d\u2019interpr\u00e9tations biais\u00e9es. Avec un ton qui oscille entre humour noir, trag\u00e9die et absurdit\u00e9, un sc\u00e9nario incisif de Will Tracy et une direction d\u2019acteurs magistrale, Bugonia appara\u00eet comme un portrait \u00e0 la fois \u00e9trange, irr\u00e9v\u00e9rencieux et profond\u00e9ment sinc\u00e8re de la folie contemporaine. En comp\u00e9tition \u00e0 la Mostra de Venise 2025, le film confirme le go\u00fbt du cin\u00e9aste pour les r\u00e9cits transgressifs o\u00f9 l\u2019humain vacille entre grotesque et vertige existentiel.<\/p>\n<p> <strong>Les avis des critiques<\/strong><\/p>\n<p class=\"PopSlotParagraph qg-tx2 qg-xtra-lh svelte-1r0pyek\">Charlotte Garson\u00a0: \u00ab\u00a0Je n\u2019arrive pas \u00e0 appr\u00e9cier ce m\u00e9lange entre \u00d6stlund et Tim Burton qui, pour moi, caract\u00e9rise Lanthimos. Sa fable, tr\u00e8s lisible et techniquement superbe, m\u2019int\u00e9resse surtout dans son huis clos de s\u00e9questration, bien plus que dans les grands th\u00e8mes abord\u00e9s\u00a0: capitalisme, force de travail, industrie pharmaceutique, apocalypse&#8230; Si le remake bride ses bizarreries, son obsession pour le corps supplici\u00e9 avec \u00e9lectochocs et mutilations, me laisse perplexe. Et malgr\u00e9 la virtuosit\u00e9 des d\u00e9cors, de la musique et des acteurs, je reste \u00e0 distance, presque indiff\u00e9rente, et je me surprends \u00e0 pr\u00e9f\u00e9rer un cin\u00e9ma am\u00e9ricain plus classique et humble \u00e0 ces fables aussi raffin\u00e9es mais finalement vides pour moi.\u00a0\u00bb<\/p>\n<p class=\"PopSlotParagraph qg-tx2 qg-xtra-lh svelte-1r0pyek\">Philippe Azoury\u00a0: \u00a0\u00bb \u00c0 partir du seul titre Bugonia et connaissant le cynisme de Lanthimos, je craignais le pire, mais le film me donne finalement plut\u00f4t de bonnes nouvelles de lui, surtout gr\u00e2ce \u00e0 la performance d&rsquo;Emma Stone. Leur collaboration, qui dure maintenant, cr\u00e9e une vraie confiance\u00a0: m\u00eame si elle souffre beaucoup au d\u00e9but, on sent une co-cr\u00e9ation qui d\u00e9passe l\u2019acharnement auquel Lanthimos peut soumettre ses acteurs. Le remake le bride aussi, et cette contrainte lui fait du bien\u00a0: il abandonne l\u2019arbitraire total\u00a0pour quelque chose de plus logique, presque \u201cfilm-cerveau\u201d. Je trouve qu\u2019il se d\u00e9place vers une intelligence plus ma\u00eetris\u00e9e, un syst\u00e8me qui se renverse sans cesse et qui fonctionne surtout gr\u00e2ce \u00e0 son actrice principale. C\u2019est pour moi son film le plus int\u00e9ressant depuis Pauvres Cr\u00e9atures.\u00a0\u00bb<\/p>\n<p>  <img decoding=\"async\" class=\"Image-preview  svelte-1b9cmvl\" data-testid=\"image-preview\" src=\"data:image\/jpeg;charset=utf-8;base64, \/9j\/2wBDACgcHiMeGSgjISMtKygwPGRBPDc3PHtYXUlkkYCZlo+AjIqgtObDoKrarYqMyP\/L2u71\/\/\/\/m8H\/\/\/\/6\/+b9\/\/j\/2wBDASstLTw1PHZBQXb4pYyl+Pj4+Pj4+Pj4+Pj4+Pj4+Pj4+Pj4+Pj4+Pj4+Pj4+Pj4+Pj4+Pj4+Pj4+Pj4+Pj4+Pj\/wAARCAAbACoDASIAAhEBAxEB\/8QAGAABAQEBAQAAAAAAAAAAAAAAAgEAAwX\/xAAWEAEBAQAAAAAAAAAAAAAAAAAAARH\/xAAVAQEBAAAAAAAAAAAAAAAAAAAAAf\/EABQRAQAAAAAAAAAAAAAAAAAAAAD\/2gAMAwEAAhEDEQA\/APLkKRpCkQHEsdMGwAqFYmAcKJFBUsVgHEw2RX\/\/2Q==\" alt=\"\" aria-hidden=\"false\"\/>     <img decoding=\"async\" src=\"https:\/\/www.europesays.com\/fr\/wp-content\/uploads\/2025\/11\/860_sc_bugonia-3.jpg\" loading=\"lazy\" fetchpriority=\"low\" width=\"860\" height=\"573\" class=\"Image-main  svelte-1b9cmvl rounded\" data-testid=\"image-src\" alt=\"Y\u00f3rgos L\u00e1nthimos revient avec &quot;Bugonia&quot;, un thriller psychologique qui revisite le film culte &quot;Save the Green Planet!&quot; dans un huis clos parano\u00efaque port\u00e9 par Emma Stone\" aria-hidden=\"false\" onload=\"this.__e=event\" onerror=\"this.__e=event\"\/> Y\u00f3rgos L\u00e1nthimos revient avec \u00ab\u00a0Bugonia\u00a0\u00bb, un thriller psychologique qui revisite le film culte \u00ab\u00a0Save the Green Planet!\u00a0\u00bb dans un huis clos parano\u00efaque port\u00e9 par Emma Stone  &#8211; \u00a9 Universal Pictures Extrait sonore<\/p>\n<ul>\n<li>Extrait de\u00a0Bugonia de Y\u00f3rgos L\u00e1nthimos<\/li>\n<\/ul>\n<p>Plus d&rsquo;informations<\/p>\n<ul>\n<li>Bugonia de Y\u00f3rgos L\u00e1nthimos sort en salle le mercredi 26 novembre 2025<\/li>\n<\/ul>\n","protected":false},"excerpt":{"rendered":"Avec Bugonia, Y\u00f3rgos L\u00e1nthimos signe son dixi\u00e8me long m\u00e9trage et revisite en anglais le film culte sud-cor\u00e9en Save&hellip;\n","protected":false},"author":2,"featured_media":561375,"comment_status":"","ping_status":"","sticky":false,"template":"","format":"standard","meta":{"footnotes":""},"categories":[1354],"tags":[58,59,1346,1011,27,1360],"class_list":{"0":"post-561374","1":"post","2":"type-post","3":"status-publish","4":"format-standard","5":"has-post-thumbnail","7":"category-films","8":"tag-divertissement","9":"tag-entertainment","10":"tag-films","11":"tag-fr","12":"tag-france","13":"tag-movies"},"share_on_mastodon":{"url":"https:\/\/pubeurope.com\/@fr\/115619495587639404","error":""},"_links":{"self":[{"href":"https:\/\/www.europesays.com\/fr\/wp-json\/wp\/v2\/posts\/561374","targetHints":{"allow":["GET"]}}],"collection":[{"href":"https:\/\/www.europesays.com\/fr\/wp-json\/wp\/v2\/posts"}],"about":[{"href":"https:\/\/www.europesays.com\/fr\/wp-json\/wp\/v2\/types\/post"}],"author":[{"embeddable":true,"href":"https:\/\/www.europesays.com\/fr\/wp-json\/wp\/v2\/users\/2"}],"replies":[{"embeddable":true,"href":"https:\/\/www.europesays.com\/fr\/wp-json\/wp\/v2\/comments?post=561374"}],"version-history":[{"count":0,"href":"https:\/\/www.europesays.com\/fr\/wp-json\/wp\/v2\/posts\/561374\/revisions"}],"wp:featuredmedia":[{"embeddable":true,"href":"https:\/\/www.europesays.com\/fr\/wp-json\/wp\/v2\/media\/561375"}],"wp:attachment":[{"href":"https:\/\/www.europesays.com\/fr\/wp-json\/wp\/v2\/media?parent=561374"}],"wp:term":[{"taxonomy":"category","embeddable":true,"href":"https:\/\/www.europesays.com\/fr\/wp-json\/wp\/v2\/categories?post=561374"},{"taxonomy":"post_tag","embeddable":true,"href":"https:\/\/www.europesays.com\/fr\/wp-json\/wp\/v2\/tags?post=561374"}],"curies":[{"name":"wp","href":"https:\/\/api.w.org\/{rel}","templated":true}]}}