{"id":561376,"date":"2025-11-27T03:17:21","date_gmt":"2025-11-27T03:17:21","guid":{"rendered":"https:\/\/www.europesays.com\/fr\/561376\/"},"modified":"2025-11-27T03:17:21","modified_gmt":"2025-11-27T03:17:21","slug":"5-choses-a-savoir-sur-cette-infection","status":"publish","type":"post","link":"https:\/\/www.europesays.com\/fr\/561376\/","title":{"rendered":"5 choses \u00e0 savoir sur cette infection"},"content":{"rendered":"<p class=\"rev-margin-0 rev-text-sm-bold\">La r\u00e9daction n&rsquo;a pas particip\u00e9 \u00e0 la r\u00e9alisation de ce contenu<\/p>\n<p>17 cas de l\u00e9gionellose ont \u00e9t\u00e9 identifi\u00e9s ces derniers jours en Savoie. Tous r\u00e9sident ou ont fr\u00e9quent\u00e9 le secteur d\u2019Albertville.<strong>\u00a0<\/strong> Face \u00e0 cette \u00e9pid\u00e9mie, l&rsquo;Agence r\u00e9gionale de sant\u00e9 (ARS) Auvergne-Rh\u00f4ne-Alpes, en collaboration avec Sant\u00e9 publique France a lanc\u00e9 des investigations environnementales et \u00e9pid\u00e9miologiques pour identifier l&rsquo;origine de cette contamination.<\/p>\n<p><strong>Qu&rsquo;est-ce que la l\u00e9gionellose ?<\/strong><\/p>\n<p>La l\u00e9gionellose est une infection pulmonaire grave caus\u00e9e par des bact\u00e9ries appel\u00e9es l\u00e9gionelles, principalement de type Legionella pneumophila. Ces bact\u00e9ries sont naturellement pr\u00e9sentes dans l&rsquo;environnement, notamment dans les eaux douces et les sols humides, g\u00e9n\u00e9ralement \u00e0 des concentrations faibles.<\/p>\n<p>Contrairement \u00e0 de nombreuses maladies infectieuses, la l\u00e9gionellose ne se transmet pas de personne \u00e0 personne. La contamination se fait uniquement par l&rsquo;inhalation de fines gouttelettes d&rsquo;eau contamin\u00e9es, diffus\u00e9es sous forme d&rsquo;a\u00e9rosols.<\/p>\n<p><strong>Comment se fait la contamination\u00a0? <\/strong><\/p>\n<p>Les l\u00e9gionelles prolif\u00e8rent particuli\u00e8rement dans les eaux dont la temp\u00e9rature est comprise entre 25\u00b0C et 45\u00b0C. Plusieurs installations peuvent \u00eatre \u00e0 l&rsquo;origine d&rsquo;une contamination :<\/p>\n<ul>\n<li>les tours a\u00e9ror\u00e9frig\u00e9rantes (syst\u00e8mes de refroidissement industriels)<\/li>\n<li>les r\u00e9seaux d&rsquo;eau chaude sanitaire (douches, robinetterie)<\/li>\n<li>les spas et jacuzzis<\/li>\n<li>les fontaines d\u00e9coratives<\/li>\n<li>les appareils de n\u00e9bulisation ou humidificateurs<\/li>\n<\/ul>\n<p>La corrosion et l&rsquo;entartrage de ces installations favorisent le d\u00e9veloppement des bact\u00e9ries, cr\u00e9ant parfois des foyers de prolif\u00e9ration importants.<\/p>\n<p>Il est important de noter que boire de l\u2019eau ne pr\u00e9sente pas de risque. Seule l\u2019inhalation via le syst\u00e8me respiratoire repr\u00e9sente un danger.<\/p>\n<p><strong>Quels sont les sympt\u00f4mes \u00e0 surveiller ?<\/strong><\/p>\n<p>Les sympt\u00f4mes de la l\u00e9gionellose apparaissent g\u00e9n\u00e9ralement entre 2 et 10 jours apr\u00e8s l&rsquo;exposition \u00e0 la bact\u00e9rie. La maladie se manifeste initialement par :<\/p>\n<ul>\n<li>une toux importante<\/li>\n<li>une forte fi\u00e8vre<\/li>\n<li>parfois des troubles gastro-intestinaux, notamment chez les personnes \u00e2g\u00e9es.<\/li>\n<\/ul>\n<p>Justement, qui sont les personnes \u00e0 risque\u00a0? Si tout le monde peut contracter la l\u00e9gionellose, certains sont particuli\u00e8rement vuln\u00e9rables. Les personnes \u00e2g\u00e9es donc, mais aussi\u00a0:<\/p>\n<ul>\n<li>les patients immunod\u00e9prim\u00e9s (cancers, greffes)\u00a0;<\/li>\n<li>les personnes souffrant de maladies chroniques (diab\u00e8te, insuffisance respiratoire)\u00a0;<\/li>\n<li>les fumeurs, pour qui le risque est significativement accru.<\/li>\n<\/ul>\n<p><strong>Que faire en cas de sympt\u00f4mes ?<\/strong><\/p>\n<p>Si vous pr\u00e9sentez des sympt\u00f4mes \u00e9voquant une pneumonie apr\u00e8s une possible exposition \u00e0 une source contamin\u00e9e, il est imp\u00e9ratif de consulter imm\u00e9diatement un m\u00e9decin. Un diagnostic pr\u00e9coce et un traitement antibiotique adapt\u00e9 sont essentiels pour \u00e9viter les complications (la l\u00e9gionellose entra\u00eene le plus souvent une hospitalisation. Elle est mortelle dans 10% des cas).<\/p>\n<p><strong>Peut-on se prot\u00e9ger de la l\u00e9gionellose \u00e0 la maison\u00a0? <\/strong><\/p>\n<p>Pour pr\u00e9venir la prolif\u00e9ration des l\u00e9gionelles dans vos installations domestiques, plusieurs mesures simples sont recommand\u00e9es :<\/p>\n<ul>\n<li>v\u00e9rifiez que la temp\u00e9rature de l&rsquo;eau chaude est sup\u00e9rieure ou \u00e9gale \u00e0 50\u00b0C (tout en installant des mitigeurs thermostatiques pour \u00e9viter les br\u00fblures)\u00a0;<\/li>\n<li>faites entretenir votre syst\u00e8me d&rsquo;eau chaude annuellement\u00a0;<\/li>\n<li>nettoyez, d\u00e9tartrez et d\u00e9sinfectez r\u00e9guli\u00e8rement les flexibles de douche, pommeaux et embouts des robinets ;<\/li>\n<li>remplacez les \u00e9l\u00e9ments de robinetterie v\u00e9tustes.<\/li>\n<\/ul>\n<p>Source : https:\/\/www.savoie.gouv.fr\/Actualites\/Actualites\/Plusieurs-cas-de-legionellose-identifies-dans-le-secteur-d-Albertville#:~:text=Quelssontlessymptmesde,l&rsquo;eauleslgionelles.<\/p>\n","protected":false},"excerpt":{"rendered":"La r\u00e9daction n&rsquo;a pas particip\u00e9 \u00e0 la r\u00e9alisation de ce contenu 17 cas de l\u00e9gionellose ont \u00e9t\u00e9 identifi\u00e9s&hellip;\n","protected":false},"author":2,"featured_media":561377,"comment_status":"","ping_status":"","sticky":false,"template":"","format":"standard","meta":{"footnotes":""},"categories":[10],"tags":[17,7004,14362,3477,19938,1011,27,72,54598,71,12634,3356],"class_list":{"0":"post-561376","1":"post","2":"type-post","3":"status-publish","4":"format-standard","5":"has-post-thumbnail","7":"category-sante","8":"tag-17","9":"tag-albertville","10":"tag-cas","11":"tag-cette","12":"tag-choses","13":"tag-fr","14":"tag-france","15":"tag-health","16":"tag-legionellose","17":"tag-sante","18":"tag-savoir","19":"tag-sur"},"share_on_mastodon":{"url":"https:\/\/pubeurope.com\/@fr\/115619498861985809","error":""},"_links":{"self":[{"href":"https:\/\/www.europesays.com\/fr\/wp-json\/wp\/v2\/posts\/561376","targetHints":{"allow":["GET"]}}],"collection":[{"href":"https:\/\/www.europesays.com\/fr\/wp-json\/wp\/v2\/posts"}],"about":[{"href":"https:\/\/www.europesays.com\/fr\/wp-json\/wp\/v2\/types\/post"}],"author":[{"embeddable":true,"href":"https:\/\/www.europesays.com\/fr\/wp-json\/wp\/v2\/users\/2"}],"replies":[{"embeddable":true,"href":"https:\/\/www.europesays.com\/fr\/wp-json\/wp\/v2\/comments?post=561376"}],"version-history":[{"count":0,"href":"https:\/\/www.europesays.com\/fr\/wp-json\/wp\/v2\/posts\/561376\/revisions"}],"wp:featuredmedia":[{"embeddable":true,"href":"https:\/\/www.europesays.com\/fr\/wp-json\/wp\/v2\/media\/561377"}],"wp:attachment":[{"href":"https:\/\/www.europesays.com\/fr\/wp-json\/wp\/v2\/media?parent=561376"}],"wp:term":[{"taxonomy":"category","embeddable":true,"href":"https:\/\/www.europesays.com\/fr\/wp-json\/wp\/v2\/categories?post=561376"},{"taxonomy":"post_tag","embeddable":true,"href":"https:\/\/www.europesays.com\/fr\/wp-json\/wp\/v2\/tags?post=561376"}],"curies":[{"name":"wp","href":"https:\/\/api.w.org\/{rel}","templated":true}]}}