{"id":561380,"date":"2025-11-27T03:19:17","date_gmt":"2025-11-27T03:19:17","guid":{"rendered":"https:\/\/www.europesays.com\/fr\/561380\/"},"modified":"2025-11-27T03:19:17","modified_gmt":"2025-11-27T03:19:17","slug":"ici-tout-commence-penelope-premenopausee-quel-est-ce-phenomene-tabou-qui-la-touche","status":"publish","type":"post","link":"https:\/\/www.europesays.com\/fr\/561380\/","title":{"rendered":"Ici tout commence : P\u00e9n\u00e9lope pr\u00e9m\u00e9nopaus\u00e9e, quel est ce ph\u00e9nom\u00e8ne tabou qui la touche ?"},"content":{"rendered":"<p>Coup dur pour P\u00e9n\u00e9lope dans Ici tout commence. Dans<br \/>\nl\u2019\u00e9pisode du mardi 25 novembre, la jeune femme de 37 ans a<br \/>\nd\u00e9couvert qu\u2019elle \u00e9tait <strong>atteinte de m\u00e9nopause<br \/>\npr\u00e9coce,<\/strong> un ph\u00e9nom\u00e8ne caract\u00e9ris\u00e9 par l\u2019interruption des<br \/>\nr\u00e8gles et la baisse de la fertilit\u00e9 avant l\u2019\u00e2ge de 40 ans.<br \/>\n\u00ab\u00a0Pour elle, c\u2019est un gros choc, une \u00e9norme remise en<br \/>\nquestion, explique la com\u00e9dienne \u00e0 <a href=\"https:\/\/www.telestar.fr\/serie_tv\/exclu-ici-tout-commence-penelope-et-gaetan-vont-ils-faire-un-bebe-les-indiscretions-de-laurence-facelina-1746702\" target=\"_blank\" rel=\"noopener\"><br \/>\nT\u00e9l\u00e9 Star<\/a>. Sa condition implique qu\u2019elle n\u2019a plus beaucoup<br \/>\nd\u2019ovocytes. <strong>Si elle veut faire un b\u00e9b\u00e9, elle n\u2019a plus<br \/>\nbeaucoup de temps.<\/strong> Le probl\u00e8me, c\u2019est qu\u2019elle est<br \/>\nc\u00e9libataire et n\u2019a pas du tout le projet imm\u00e9diat d\u2019avoir un<br \/>\nenfant.\u00a0\u00bb<\/p>\n<p>Mais quelle est donc cette condition rarement \u00e9voqu\u00e9e dans la<br \/>\nfiction\u00a0? Aussi appel\u00e9e <strong>insuffisance ovarienne<br \/>\npr\u00e9matur\u00e9e (IOP),<\/strong> la m\u00e9nopause pr\u00e9coce se d\u00e9finit par la<br \/>\n<strong>perte partielle ou totale de la fonction<br \/>\nreproductive<\/strong> et hormonale des ovaires avant l&rsquo;\u00e2ge de 40<br \/>\nans. Elle se caract\u00e9rise notamment par une interruption pr\u00e9coce des<br \/>\nr\u00e8gles de mani\u00e8re d\u00e9finitive.<\/p>\n<p>Quels sont les sympt\u00f4mes de la m\u00e9nopause pr\u00e9coce\u00a0?<\/p>\n<p>La m\u00e9nopause pr\u00e9coce peut entra\u00eener de <strong>nombreux<br \/>\nsympt\u00f4mes,<\/strong> souvent proches de ceux de la <a href=\"https:\/\/www.closermag.fr\/beaute\/menopause-ces-bonnes-habitudes-a-prendre-pour-perdre-du-ventre-3348594\" target=\"_blank\" rel=\"noopener\"><br \/>\nm\u00e9nopause ordinaire<\/a>, ou m\u00eame de la <a href=\"https:\/\/www.closermag.fr\/vecu\/grossesse-quatre-manieres-aussi-surprenantes-quinconcevables-de-tomber-enceinte-3462173\" target=\"_blank\" rel=\"noopener\"><br \/>\ngrossesse<\/a>. Bouff\u00e9es de chaleur, <a href=\"https:\/\/www.closermag.fr\/vecu\/ses-maux-de-tete-etaient-en-realite-une-maladie-rarissime-3356314\" target=\"_blank\" rel=\"noopener\"><br \/>\nmaux de t\u00eate<\/a>, troubles du sommeil, douleurs articulaires, su\u00e9es<br \/>\nnocturnes, sensation de fatigue et irritabilit\u00e9 sont parmi les plus<br \/>\nfr\u00e9quents.<\/p>\n<p>Dans Ici tout commence, P\u00e9n\u00e9lope d\u00e9clare \u00ab\u00a0faire<br \/>\npartie des 1% de femmes touch\u00e9es\u00a0\u00bb par l\u2019insuffisance ovarienne<br \/>\npr\u00e9matur\u00e9e. En effet, <strong>1 femme de moins de 40 ans sur 100<br \/>\nest concern\u00e9e par cette condition.<\/strong> Elle touche \u00e9galement 1<br \/>\nfemme de moins de 30 ans sur 1000, et 1 femme de moins de 20 ans<br \/>\nsur 10\u00a0000.<\/p>\n<p>Les causes de la m\u00e9nopause pr\u00e9coce<br \/>\ndifficiles \u00e0 identifier<\/p>\n<p>Le diagnostic de l\u2019IOP est \u00e9tabli lorsqu\u2019une femme pr\u00e9sente une<br \/>\nam\u00e9norrh\u00e9e avec des taux s\u00e9riques \u00e9lev\u00e9s d&rsquo;hormone<br \/>\nfolliculo-stimulante (HFS). <strong>Aucun traitement ne permet de<br \/>\nralentir le processus.<\/strong> Les m\u00e9decins se focalisent donc en<br \/>\ng\u00e9n\u00e9ral sur le traitement des sympt\u00f4mes, ainsi que la protection<br \/>\ndes os et de la sant\u00e9 mentale.<\/p>\n<p>\u00c0 noter que <strong>les causes de la m\u00e9nopause pr\u00e9matur\u00e9e sont<br \/>\nvagues<\/strong> et ne sont pas comprises dans 90% des cas. Elle<br \/>\npeut \u00eatre li\u00e9e \u00e0 une pr\u00e9disposition g\u00e9n\u00e9tique ou aux s\u00e9quelles<br \/>\nd\u2019une op\u00e9ration chirurgicales, mais aussi \u00e0 une maladie auto-immune<br \/>\nune d\u00e9ficience enzymatique, une infection, des facteurs<br \/>\nenvironnementaux ou une exposition \u00e0 des toxiques ou \u00e0 des<br \/>\nradiations.<\/p>\n","protected":false},"excerpt":{"rendered":"Coup dur pour P\u00e9n\u00e9lope dans Ici tout commence. Dans l\u2019\u00e9pisode du mardi 25 novembre, la jeune femme de&hellip;\n","protected":false},"author":2,"featured_media":561381,"comment_status":"","ping_status":"","sticky":false,"template":"","format":"standard","meta":{"footnotes":""},"categories":[8],"tags":[58,59,1011,27,620],"class_list":{"0":"post-561380","1":"post","2":"type-post","3":"status-publish","4":"format-standard","5":"has-post-thumbnail","7":"category-divertissement","8":"tag-divertissement","9":"tag-entertainment","10":"tag-fr","11":"tag-france","12":"tag-ici-tout-commence"},"share_on_mastodon":{"url":"https:\/\/pubeurope.com\/@fr\/115619506961304507","error":""},"_links":{"self":[{"href":"https:\/\/www.europesays.com\/fr\/wp-json\/wp\/v2\/posts\/561380","targetHints":{"allow":["GET"]}}],"collection":[{"href":"https:\/\/www.europesays.com\/fr\/wp-json\/wp\/v2\/posts"}],"about":[{"href":"https:\/\/www.europesays.com\/fr\/wp-json\/wp\/v2\/types\/post"}],"author":[{"embeddable":true,"href":"https:\/\/www.europesays.com\/fr\/wp-json\/wp\/v2\/users\/2"}],"replies":[{"embeddable":true,"href":"https:\/\/www.europesays.com\/fr\/wp-json\/wp\/v2\/comments?post=561380"}],"version-history":[{"count":0,"href":"https:\/\/www.europesays.com\/fr\/wp-json\/wp\/v2\/posts\/561380\/revisions"}],"wp:featuredmedia":[{"embeddable":true,"href":"https:\/\/www.europesays.com\/fr\/wp-json\/wp\/v2\/media\/561381"}],"wp:attachment":[{"href":"https:\/\/www.europesays.com\/fr\/wp-json\/wp\/v2\/media?parent=561380"}],"wp:term":[{"taxonomy":"category","embeddable":true,"href":"https:\/\/www.europesays.com\/fr\/wp-json\/wp\/v2\/categories?post=561380"},{"taxonomy":"post_tag","embeddable":true,"href":"https:\/\/www.europesays.com\/fr\/wp-json\/wp\/v2\/tags?post=561380"}],"curies":[{"name":"wp","href":"https:\/\/api.w.org\/{rel}","templated":true}]}}