{"id":561386,"date":"2025-11-27T03:22:12","date_gmt":"2025-11-27T03:22:12","guid":{"rendered":"https:\/\/www.europesays.com\/fr\/561386\/"},"modified":"2025-11-27T03:22:12","modified_gmt":"2025-11-27T03:22:12","slug":"a-hongkong-un-impressionnant-incendie-fait-au-moins-44-morts-dans-plusieurs-gratte-ciel-liberation","status":"publish","type":"post","link":"https:\/\/www.europesays.com\/fr\/561386\/","title":{"rendered":"A Hongkong, un impressionnant incendie fait au moins 44 morts dans plusieurs gratte-ciel \u2013 Lib\u00e9ration"},"content":{"rendered":"<p class=\"sc-cPiKLX AiZTS text-element\">Des gratte-ciel hongkongais en proie aux flammes. Au moins 44 personnes sont mortes et 279 autres port\u00e9es disparues ce mercredi 26 novembre dans un <a href=\"https:\/\/www.liberation.fr\/environnement\/climat\/canicule-mini-tornades-inondations-les-pompiers-essaient-de-sadapter-en-permanence-a-tous-ces-effets-du-dereglement-climatique-20251008_ANK5BWQHCZDCNNMM62GJUF4UYA\/\" target=\"_blank\" rel=\"noopener\" title=\"https:\/\/www.liberation.fr\/environnement\/climat\/canicule-mini-tornades-inondations-les-pompiers-essaient-de-sadapter-en-permanence-a-tous-ces-effets-du-dereglement-climatique-20251008_ANK5BWQHCZDCNNMM62GJUF4UYA\/\">incendie<\/a> qui a \u00e9clat\u00e9 dans les \u00e9chafaudages en bambou d\u2019un complexe r\u00e9sidentiel de la r\u00e9gion administrative, a indiqu\u00e9 le gouvernement local \u00e0 l\u2019AFP. Un pompier figure parmi les morts, d\u2019apr\u00e8s les m\u00e9dias locaux. \u00abIl y a encore 29 personnes hospitalis\u00e9es, dont sept dans un \u00e9tat critique\u00bb, a d\u00e9clar\u00e9 le chef de l\u2019ex\u00e9cutif John Lee. Mercredi soir, les autorit\u00e9s ont annonc\u00e9 avoir arr\u00eat\u00e9 trois hommes soup\u00e7onn\u00e9s d\u2019homicide involontaire.<\/p>\n<p class=\"sc-cPiKLX AiZTS text-element\">Les pompiers ont \u00e9t\u00e9 d\u00e9p\u00each\u00e9s ce mercredi apr\u00e8s-midi apr\u00e8s un appel signalant un incendie dans le district de Tai Po, dans le nord de Hongkong. Les images diffus\u00e9es par les m\u00e9dias locaux montrent <a href=\"https:\/\/www.liberation.fr\/environnement\/climat\/megafeux-les-incendies-geants-ont-emis-dimmenses-quantites-de-co2-lan-dernier-20240814_KOE5N6FOQRA7NEG3TYLUMQ6SUA\/\" target=\"_blank\" rel=\"noopener\" title=\"https:\/\/www.liberation.fr\/environnement\/climat\/megafeux-les-incendies-geants-ont-emis-dimmenses-quantites-de-co2-lan-dernier-20240814_KOE5N6FOQRA7NEG3TYLUMQ6SUA\/\">d\u2019\u00e9pais panaches de fum\u00e9e<\/a> s\u2019\u00e9levant d\u2019au moins cinq des huit tours d\u2019habitation du complexe Wang Fuk Court. Des forts bruits de craquements \u2013 possiblement ceux des \u00e9chafaudages en bambou qui \u00e9taient \u00e9rig\u00e9s autour des immeubles \u2013 ont retenti et des flammes massives se sont \u00e9lev\u00e9es haut dans le ciel, selon l\u2019AFP.<\/p>\n<p class=\"sc-cPiKLX AiZTS text-element\">Alors que la nuit est tomb\u00e9e, les pompiers continuaient mercredi de lutter contre l\u2019incendie qui ne montre aucun signe d\u2019affaiblissement, des flammes visibles \u00e0 l\u2019int\u00e9rieur des b\u00e2timents projetant d\u2019effrayantes lueurs oranges alentour. Le quotidien South China Morning Post a rapport\u00e9 que la police avait commenc\u00e9 \u00e0 \u00e9vacuer deux immeubles d\u2019un autre complexe residentiel non loin.<\/p>\n<p class=\"sc-cPiKLX AiZTS text-element\">Les autorit\u00e9s ont \u00e9galement ferm\u00e9 certaines sections d\u2019une autoroute voisine. Le service de lutte contre les incendies de Hongkong conseille \u00abaux habitants des environs de rester chez eux, de fermer leurs portes et fen\u00eatres et de rester calmes\u00bb et au public \u00abd\u2019\u00e9viter de se rendre dans la zone touch\u00e9e par l\u2019incendie\u00bb.<\/p>\n<p class=\"sc-cPiKLX AiZTS text-element\">Le sinistre a \u00e9t\u00e9 class\u00e9 en cat\u00e9gorie cinq, la plus haute de l\u2019\u00e9chelle d\u2019alerte qui conditionne notamment le niveau de mobilisation des secours.<\/p>\n<p class=\"sc-cPiKLX AiZTS text-element\">Le pr\u00e9sident chinois, Xi Jinping, a pr\u00e9sent\u00e9 ses condol\u00e9ances aux victimes et a appel\u00e9 \u00e0 tout mettre en \u0153uvre pour minimiser le nombre de pertes humaines, quand le chef de l\u2019ex\u00e9cutif de Kongkong, John Lee, s\u2019est dit \u00abprofond\u00e9ment attrist\u00e9\u00bb et a assur\u00e9 que tous les services gouvernementaux apportaient leur aide aux r\u00e9sidents touch\u00e9s par l\u2019incendie.<\/p>\n<p class=\"sc-cPiKLX AiZTS text-element\">Le mois dernier, l\u2019incendie de l\u2019\u00e9chafaudage d\u2019un immeuble du quartier central des affaires de la m\u00e9gapole avait fait quatre bless\u00e9s. Hongkong abrite des immeubles d\u2019habitation parmi les plus hauts et les plus dens\u00e9ment peupl\u00e9s du monde. Les incendies ont longtemps \u00e9t\u00e9 un fl\u00e9au dans la ville, particuli\u00e8rement dans les quartiers pauvres. Mais le renforcement des mesures de s\u00e9curit\u00e9 ces derni\u00e8res d\u00e9cennies ont permis de les rendre plus rares.<\/p>\n<p class=\"sc-cPiKLX AiZTS text-element\"><b>Mise \u00e0 jour <\/b>\u00e0 18 h 46 avec l\u2019actualisation du bilan ; \u00e0 22 h 53 avec l\u2019annonce de trois arrestations ; \u00e0 23 h 21 avec un nouveau bilan.<\/p>\n","protected":false},"excerpt":{"rendered":"Des gratte-ciel hongkongais en proie aux flammes. Au moins 44 personnes sont mortes et 279 autres port\u00e9es disparues&hellip;\n","protected":false},"author":2,"featured_media":561387,"comment_status":"","ping_status":"","sticky":false,"template":"","format":"standard","meta":{"footnotes":""},"categories":[5],"tags":[11,1011,27,67787,1310,14,12,28],"class_list":{"0":"post-561386","1":"post","2":"type-post","3":"status-publish","4":"format-standard","5":"has-post-thumbnail","7":"category-international","8":"tag-actualites","9":"tag-fr","10":"tag-france","11":"tag-hongkong-chine","12":"tag-incendie","13":"tag-international","14":"tag-news","15":"tag-world"},"share_on_mastodon":{"url":"https:\/\/pubeurope.com\/@fr\/115619518517384028","error":""},"_links":{"self":[{"href":"https:\/\/www.europesays.com\/fr\/wp-json\/wp\/v2\/posts\/561386","targetHints":{"allow":["GET"]}}],"collection":[{"href":"https:\/\/www.europesays.com\/fr\/wp-json\/wp\/v2\/posts"}],"about":[{"href":"https:\/\/www.europesays.com\/fr\/wp-json\/wp\/v2\/types\/post"}],"author":[{"embeddable":true,"href":"https:\/\/www.europesays.com\/fr\/wp-json\/wp\/v2\/users\/2"}],"replies":[{"embeddable":true,"href":"https:\/\/www.europesays.com\/fr\/wp-json\/wp\/v2\/comments?post=561386"}],"version-history":[{"count":0,"href":"https:\/\/www.europesays.com\/fr\/wp-json\/wp\/v2\/posts\/561386\/revisions"}],"wp:featuredmedia":[{"embeddable":true,"href":"https:\/\/www.europesays.com\/fr\/wp-json\/wp\/v2\/media\/561387"}],"wp:attachment":[{"href":"https:\/\/www.europesays.com\/fr\/wp-json\/wp\/v2\/media?parent=561386"}],"wp:term":[{"taxonomy":"category","embeddable":true,"href":"https:\/\/www.europesays.com\/fr\/wp-json\/wp\/v2\/categories?post=561386"},{"taxonomy":"post_tag","embeddable":true,"href":"https:\/\/www.europesays.com\/fr\/wp-json\/wp\/v2\/tags?post=561386"}],"curies":[{"name":"wp","href":"https:\/\/api.w.org\/{rel}","templated":true}]}}