{"id":561390,"date":"2025-11-27T03:24:28","date_gmt":"2025-11-27T03:24:28","guid":{"rendered":"https:\/\/www.europesays.com\/fr\/561390\/"},"modified":"2025-11-27T03:24:28","modified_gmt":"2025-11-27T03:24:28","slug":"des-mecs-foutent-la-moitie-de-leur-salaire-pour-venir-nous-voir-jouer-le-week-end-le-discours-fort-dalldritt-avant-laustralie","status":"publish","type":"post","link":"https:\/\/www.europesays.com\/fr\/561390\/","title":{"rendered":"\u00abDes mecs foutent la moiti\u00e9 de leur salaire pour venir nous voir jouer le week-end&#8230;\u00bb Le discours fort d\u2019Alldritt avant l\u2019Australie"},"content":{"rendered":"<p>\n    Le num\u00e9ro 8 de La Rochelle et des Bleus a prononc\u00e9 des mots forts avant le dernier match de la tourn\u00e9e d\u2019automne face aux Wallabies.<\/p>\n<p class=\"fig-paragraph\">Le XV de France a conclu samedi soir son ann\u00e9e 2025 par\u00a0<a href=\"http:\/\/www.lefigaro.fr\/sports\/rugby\/xv-de-france\/rugby-le-xv-de-france-finit-sur-un-beau-festival-offensif-face-a-l-australie-20251122\" data-fig-type=\"NewsFlash\" data-gtm-custom-categorie=\"navigation\" data-gtm-custom-action=\"crossclick\" data-gtm-custom-label=\"Contextuel\" data-gtm-event=\"customEventSPE\" data-fig-domain=\"LEFIGARO\" target=\"_blank\" rel=\"noopener\">une victoire spectaculaire face \u00e0 l\u2019Australie (48-33)<\/a>, avec sept essais dont deux doubl\u00e9s de\u00a0<a href=\"http:\/\/www.lefigaro.fr\/sports\/rugby\/xv-de-france\/le-carnet-de-notes-des-bleus-depoortere-et-jegou-marquent-des-points-ntamack-en-retrait-fickou-transparent-20251124\" data-fig-type=\"NewsFlash\" data-gtm-custom-categorie=\"navigation\" data-gtm-custom-action=\"crossclick\" data-gtm-custom-label=\"Contextuel\" data-gtm-event=\"customEventSPE\" data-fig-domain=\"LEFIGARO\" target=\"_blank\" rel=\"noopener\">Nicolas Depoortere<\/a>\u00a0et\u00a0<a href=\"http:\/\/www.lefigaro.fr\/sports\/rugby\/rugby-louis-bielle-biarrey-seul-francais-retenu-dans-l-equipe-de-l-annee-2025-de-world-rugby-20251125\" data-fig-type=\"NewsFlash\" data-gtm-custom-categorie=\"navigation\" data-gtm-custom-action=\"crossclick\" data-gtm-custom-label=\"Contextuel\" data-gtm-event=\"customEventSPE\" data-fig-domain=\"LEFIGARO\" target=\"_blank\" rel=\"noopener\">Louis Bielle-Biarrey<\/a>. Apr\u00e8s\u00a0<a href=\"http:\/\/www.lefigaro.fr\/sports\/rugby\/xv-de-france\/france-afrique-du-sud-une-melee-secouee-erasmus-fin-tacticien-un-banc-inefficace-les-coups-de-coeur-et-coups-de-griffe-de-nos-envoyes-speciaux-20251109\" data-fig-type=\"NewsFlash\" data-gtm-custom-categorie=\"navigation\" data-gtm-custom-action=\"crossclick\" data-gtm-custom-label=\"Contextuel\" data-gtm-event=\"customEventSPE\" data-fig-domain=\"LEFIGARO\" target=\"_blank\" rel=\"noopener\">la d\u00e9faite contre les Springboks sud-africains (17-32)<\/a>\u00a0puis\u00a0<a href=\"http:\/\/www.lefigaro.fr\/sports\/rugby\/xv-de-france\/france-fidji-le-couteau-suisse-jegou-ntamack-decoit-la-fete-a-bordeaux-les-coups-de-coeur-et-coups-de-griffe-de-notre-envoye-special-20251116\" data-fig-type=\"NewsFlash\" data-gtm-custom-categorie=\"navigation\" data-gtm-custom-action=\"crossclick\" data-gtm-custom-label=\"Contextuel\" data-gtm-event=\"customEventSPE\" data-fig-domain=\"LEFIGARO\" target=\"_blank\" rel=\"noopener\">la victoire face aux Fidji (34-21)<\/a>, les hommes de\u00a0<a href=\"http:\/\/www.lefigaro.fr\/sports\/rugby\/xv-de-france\/xv-de-france-certains-joueurs-ont-ete-pointes-du-doigt-et-je-suis-satisfait-de-leur-reaction-galthie-repond-aux-critiques-apres-la-tournee-de-novembre-20251124\" data-fig-type=\"NewsFlash\" data-gtm-custom-categorie=\"navigation\" data-gtm-custom-action=\"crossclick\" data-gtm-custom-label=\"Contextuel\" data-gtm-event=\"customEventSPE\" data-fig-domain=\"LEFIGARO\" target=\"_blank\" rel=\"noopener\">Fabien Galthi\u00e9<\/a>\u00a0finissent l\u2019ann\u00e9e avec un ratio positif de six victoires contre cinq d\u00e9faites, un bilan embelli par la victoire lors du Tournoi des six nations en d\u00e9but d\u2019ann\u00e9e.<\/p>\n<p class=\"fig-paragraph\">La F\u00e9d\u00e9ration fran\u00e7aise de rugby a mis en ligne sa d\u00e9sormais traditionnelle webs\u00e9rie Destins M\u00eal\u00e9s qui revient sur les coulisses de ce dernier match face aux Wallabies. On y retrouve un moment fort\u00a0: le discours d\u2019avant-match du capitaine Gr\u00e9gory Alldritt (ci-dessous \u00e0 partir de 24:09), qui portait le brassard lors des deux derniers matches de la tourn\u00e9e automnale (une fonction assum\u00e9e\u00a0<a href=\"http:\/\/www.lefigaro.fr\/sports\/rugby\/xv-de-france\/concurrence-secrets-de-sa-longevite-le-capitaine-du-xv-de-france-gael-fickou-se-confie-en-exclusivite-au-figaro-20251107\" data-fig-type=\"Article\" data-gtm-custom-categorie=\"navigation\" data-gtm-custom-action=\"crossclick\" data-gtm-custom-label=\"Contextuel\" data-gtm-event=\"customEventSPE\" data-fig-domain=\"LEFIGARO\" target=\"_blank\" rel=\"noopener\">Ga\u00ebl Fickou<\/a>\u00a0face \u00e0 l\u2019Afrique du Sud).<\/p>\n<p>                                    <a class=\"fig-a11y-skip a11y-hidden\" href=\"#fig-a11y-skip-main-inarticle\"><br \/>\n        Passer la publicit\u00e9<br \/>\n    <\/a><\/p>\n<p class=\"fig-paragraph\">Le num\u00e9ro 8 rochelais, qui avait \u00e9t\u00e9\u00a0<a href=\"http:\/\/www.lefigaro.fr\/sports\/rugby\/xv-de-france\/xv-de-france-apres-sa-mise-au-ban-le-bulldozer-alldritt-joue-gros-a-bordeaux-20251115\" data-fig-type=\"NewsFlash\" data-gtm-custom-categorie=\"navigation\" data-gtm-custom-action=\"crossclick\" data-gtm-custom-label=\"Contextuel\" data-gtm-event=\"customEventSPE\" data-fig-domain=\"LEFIGARO\" target=\"_blank\" rel=\"noopener\">\u00e9cart\u00e9 face aux Boks<\/a>\u00a0avant de signer un retour convaincant, harangue ses troupes\u00a0: \u00abOn parle d\u2019engagement, de \u00ab\u00a0s\u2019y filer\u00a0\u00bb, de ne pas normaliser. On va entrer dans un stade de 80.000 personnes, les gars. Il y a des mecs qui foutent la moiti\u00e9 de leur salaire pour venir nous voir jouer le week-end, c\u2019est normal \u00e7a\u00a0? \u00c0 chaque fois qu\u2019on joue dans ce stade, \u00e0 chaque fois qu\u2019il y a La Marseillaise a cappella, il n\u2019y a rien de banal les gars. On sort dehors et chaque job que tu as \u00e0 faire, tu le fais \u00e0 300 %. Alors on sort, on fait cette\u00a0Marseillaise, on profite, et ensuite c\u2019est feu.\u00bb Mission accomplie en deux temps face aux Australiens.<\/p>\n","protected":false},"excerpt":{"rendered":"Le num\u00e9ro 8 de La Rochelle et des Bleus a prononc\u00e9 des mots forts avant le dernier match&hellip;\n","protected":false},"author":2,"featured_media":561391,"comment_status":"","ping_status":"","sticky":false,"template":"","format":"standard","meta":{"footnotes":""},"categories":[2],"tags":[11,12116,1011,27,15153,12,14478],"class_list":{"0":"post-561390","1":"post","2":"type-post","3":"status-publish","4":"format-standard","5":"has-post-thumbnail","7":"category-actualites","8":"tag-actualites","9":"tag-ffr","10":"tag-fr","11":"tag-france","12":"tag-gregory-alldritt","13":"tag-news","14":"tag-stade-de-france"},"share_on_mastodon":{"url":"https:\/\/pubeurope.com\/@fr\/115619526353231948","error":""},"_links":{"self":[{"href":"https:\/\/www.europesays.com\/fr\/wp-json\/wp\/v2\/posts\/561390","targetHints":{"allow":["GET"]}}],"collection":[{"href":"https:\/\/www.europesays.com\/fr\/wp-json\/wp\/v2\/posts"}],"about":[{"href":"https:\/\/www.europesays.com\/fr\/wp-json\/wp\/v2\/types\/post"}],"author":[{"embeddable":true,"href":"https:\/\/www.europesays.com\/fr\/wp-json\/wp\/v2\/users\/2"}],"replies":[{"embeddable":true,"href":"https:\/\/www.europesays.com\/fr\/wp-json\/wp\/v2\/comments?post=561390"}],"version-history":[{"count":0,"href":"https:\/\/www.europesays.com\/fr\/wp-json\/wp\/v2\/posts\/561390\/revisions"}],"wp:featuredmedia":[{"embeddable":true,"href":"https:\/\/www.europesays.com\/fr\/wp-json\/wp\/v2\/media\/561391"}],"wp:attachment":[{"href":"https:\/\/www.europesays.com\/fr\/wp-json\/wp\/v2\/media?parent=561390"}],"wp:term":[{"taxonomy":"category","embeddable":true,"href":"https:\/\/www.europesays.com\/fr\/wp-json\/wp\/v2\/categories?post=561390"},{"taxonomy":"post_tag","embeddable":true,"href":"https:\/\/www.europesays.com\/fr\/wp-json\/wp\/v2\/tags?post=561390"}],"curies":[{"name":"wp","href":"https:\/\/api.w.org\/{rel}","templated":true}]}}