{"id":561398,"date":"2025-11-27T03:29:38","date_gmt":"2025-11-27T03:29:38","guid":{"rendered":"https:\/\/www.europesays.com\/fr\/561398\/"},"modified":"2025-11-27T03:29:38","modified_gmt":"2025-11-27T03:29:38","slug":"lexposition-apec-2025-de-toulon-les-mutations-du-travail","status":"publish","type":"post","link":"https:\/\/www.europesays.com\/fr\/561398\/","title":{"rendered":"l\u2019exposition APEC 2025 de Toulon : les mutations du travail"},"content":{"rendered":"<p>La soir\u00e9e d\u2019inauguration de l\u2019exposition APEC (Association pour l\u2019Emploi des Cadres) dans les locaux de l\u2019Union Patronale du Var (UPV) a eu lieu le 24 novembre \u00e0 18h00, en pr\u00e9sence des partenaires et institutionnels. Elle se nomme \u00ab\u202fTravailler demain, quels futurs se dessinent\u202f\u00bb et pr\u00e9sente les mutations du travail \u00e0 l\u2019aide d\u2019un parcours immersif.<\/p>\n<p><img loading=\"lazy\" decoding=\"async\" class=\" wp-image-57396\" src=\"https:\/\/www.europesays.com\/fr\/wp-content\/uploads\/2025\/11\/sabyne-appho.jpg\" alt=\"mutations du travail et emploi Var 2030\" width=\"514\" height=\"685\"  \/>Sabine Montagu directrice APEC Toulon<br \/>\nUne exposition immersive sur les mutations du travail<\/p>\n<p>Du 25 au 27 novembre 2025, l\u2019APEC accueille le public dans les locaux de l\u2019Union Patronale du Var.<br \/>Chaque panneau et installation explique un choc majeur : d\u00e9mographique, num\u00e9rique, IA,<br \/>\u00e9cologique et soci\u00e9tal.<br \/>Les conseillers APEC r\u00e9pondent aux questions et orientent les visiteurs. Chaque \u00e9l\u00e9ment aide \u00e0<br \/>comprendre les tendances du march\u00e9 de l\u2019emploi et leurs impacts sur les cadres et entreprises<br \/>locales.<\/p>\n<p>Des enjeux clairs pour le public toulonnais<\/p>\n<p>L\u2019exposition met en lumi\u00e8re les d\u00e9fis du territoire varois : p\u00e9nurie de comp\u00e9tences, transformation num\u00e9rique, urgence \u00e9cologique.<br \/>Les visiteurs peuvent explorer la relation au travail, les valeurs et le sens donn\u00e9 aux m\u00e9tiers.<br \/>Cette approche offre une lecture simple et accessible des mutations du travail et permet de<br \/>mieux comprendre les changements qui touchent le Var.<\/p>\n<p><img loading=\"lazy\" decoding=\"async\" class=\"wp-image-57380 size-large\" src=\"https:\/\/www.europesays.com\/fr\/wp-content\/uploads\/2025\/11\/ia-panneau-768x1024.jpg\" alt=\"Exposition APEC\" width=\"768\" height=\"1024\"  \/>Chaque panneau et installation explique un choc majeur : d\u00e9mographique, num\u00e9rique\/IA, \u00e9cologique et soci\u00e9tal.<br \/>\nDes transformations qui touchent le territoire<\/p>\n<p>Les visiteurs \u00e9changent sur la formation, la mobilit\u00e9 et la reconversion. Les conseillers<br \/>expliquent comment anticiper les changements.<br \/>L\u2019exposition reste ouverte jusqu\u2019au 27 novembre 2025, de 9h \u00e0 20h, avec des parcours rapides<br \/>ou approfondis selon les visiteurs.<\/p>\n<p>Le r\u00f4le de l\u2019APEC dans la lecture des \u00e9volutions<\/p>\n<p><a href=\"https:\/\/www.apec.fr\/?gclsrc=aw.ds&amp;gad_source=1&amp;gad_campaignid=7976498296&amp;gclid=CjwKCAiA55rJBhByEiwAFkY1QE0XBLm5ayDPIcBuvVgTCDZ8WlSsKniEL6bmGAt4-QveNCklQ6P3zRoC0BgQAvD_BwE#at_medium=sl&amp;at_campaign=marque&amp;at_platform=google&amp;at_creation=marque_pure&amp;at_variant=&amp;at_network=&amp;at_term=apec\" target=\"_blank\" rel=\"noopener\">L\u2019APEC<\/a> offre des outils pour comprendre les transformations du travail. Elle \u00e9claire cadres, entreprises et grand public sur les tendances de\u00a0\u00a0 l\u2019emploi dans le Var.<\/p>\n<p>L\u2019exposition APEC \u00e0 Toulon fournit un panorama clair des mutations du travail. Elle aide le<br \/>public varois \u00e0 comprendre les enjeux et anticiper l\u2019\u00e9volution de l\u2019emploi jusqu\u2019en 2030.<\/p>\n<p>A lire aussi<\/p>\n<p><a href=\"https:\/\/www.info83.fr\/filiere-aeronautique-var-la-cci-du-var-et-adi-unissent-leurs-forces\/\" target=\"_blank\" rel=\"noopener\">Fili\u00e8re a\u00e9ronautique Var : la CCI du Var et ADI unissent leurs forces<\/a><\/p>\n<p><strong><img decoding=\"async\" class=\"emoji\" role=\"img\" draggable=\"false\" src=\"https:\/\/s.w.org\/images\/core\/emoji\/13.1.0\/svg\/1f538.svg\" alt=\"\ud83d\udd38\" data-pin-no-hover=\"true\"\/>Info83, le Var proche de vous<\/strong><\/p>\n<p><img decoding=\"async\" class=\"emoji\" role=\"img\" draggable=\"false\" src=\"https:\/\/s.w.org\/images\/core\/emoji\/13.1.0\/svg\/27a1.svg\" alt=\"\u27a1\ufe0f\" data-pin-no-hover=\"true\"\/>\u00a0<a href=\"https:\/\/bit.ly\/2OZZMMK\" target=\"_blank\" rel=\"noopener noreferrer\">Facebook Info83<\/a><\/p>\n<p><img decoding=\"async\" class=\"emoji\" role=\"img\" draggable=\"false\" src=\"https:\/\/s.w.org\/images\/core\/emoji\/13.1.0\/svg\/27a1.svg\" alt=\"\u27a1\ufe0f\" data-pin-no-hover=\"true\"\/>\u00a0<a href=\"https:\/\/bit.ly\/2ONkTC9\" target=\"_blank\" rel=\"noopener noreferrer\">Youtube Info83<\/a><\/p>\n","protected":false},"excerpt":{"rendered":"La soir\u00e9e d\u2019inauguration de l\u2019exposition APEC (Association pour l\u2019Emploi des Cadres) dans les locaux de l\u2019Union Patronale du&hellip;\n","protected":false},"author":2,"featured_media":561399,"comment_status":"","ping_status":"","sticky":false,"template":"","format":"standard","meta":{"footnotes":""},"categories":[9619],"tags":[1111,11,2060,67788,6969,67789,1777,674,67790,1119,1011,27,861,67791,67792,67793,67794,12,4125,882,6046,25,2310,16155,67795],"class_list":{"0":"post-561398","1":"post","2":"type-post","3":"status-publish","4":"format-standard","5":"has-post-thumbnail","7":"category-toulon","8":"tag-actu","9":"tag-actualites","10":"tag-apec","11":"tag-avenir-du-travail","12":"tag-demographie","13":"tag-emploi-des-cadres","14":"tag-eu","15":"tag-europe","16":"tag-exposition-toulon","17":"tag-formation","18":"tag-fr","19":"tag-france","20":"tag-ia","21":"tag-innovation-sociale","22":"tag-marche-de-lemploi-var","23":"tag-mobilite-professionnelle","24":"tag-mutations-du-travail","25":"tag-news","26":"tag-numerique","27":"tag-provence-alpes-cote-dazur","28":"tag-reconversion","29":"tag-republique-francaise","30":"tag-toulon","31":"tag-transition-ecologique","32":"tag-union-patronale-du-var"},"share_on_mastodon":{"url":"https:\/\/pubeurope.com\/@fr\/115619547830424843","error":""},"_links":{"self":[{"href":"https:\/\/www.europesays.com\/fr\/wp-json\/wp\/v2\/posts\/561398","targetHints":{"allow":["GET"]}}],"collection":[{"href":"https:\/\/www.europesays.com\/fr\/wp-json\/wp\/v2\/posts"}],"about":[{"href":"https:\/\/www.europesays.com\/fr\/wp-json\/wp\/v2\/types\/post"}],"author":[{"embeddable":true,"href":"https:\/\/www.europesays.com\/fr\/wp-json\/wp\/v2\/users\/2"}],"replies":[{"embeddable":true,"href":"https:\/\/www.europesays.com\/fr\/wp-json\/wp\/v2\/comments?post=561398"}],"version-history":[{"count":0,"href":"https:\/\/www.europesays.com\/fr\/wp-json\/wp\/v2\/posts\/561398\/revisions"}],"wp:featuredmedia":[{"embeddable":true,"href":"https:\/\/www.europesays.com\/fr\/wp-json\/wp\/v2\/media\/561399"}],"wp:attachment":[{"href":"https:\/\/www.europesays.com\/fr\/wp-json\/wp\/v2\/media?parent=561398"}],"wp:term":[{"taxonomy":"category","embeddable":true,"href":"https:\/\/www.europesays.com\/fr\/wp-json\/wp\/v2\/categories?post=561398"},{"taxonomy":"post_tag","embeddable":true,"href":"https:\/\/www.europesays.com\/fr\/wp-json\/wp\/v2\/tags?post=561398"}],"curies":[{"name":"wp","href":"https:\/\/api.w.org\/{rel}","templated":true}]}}