{"id":561405,"date":"2025-11-27T03:37:55","date_gmt":"2025-11-27T03:37:55","guid":{"rendered":"https:\/\/www.europesays.com\/fr\/561405\/"},"modified":"2025-11-27T03:37:55","modified_gmt":"2025-11-27T03:37:55","slug":"sncf-aucun-train-ne-circule-entre-rouen-et-paris-ce-matin-des-dizaines-de-voyageurs-deroutes","status":"publish","type":"post","link":"https:\/\/www.europesays.com\/fr\/561405\/","title":{"rendered":"SNCF. Aucun train ne circule entre Rouen et Paris ce matin, des dizaines de voyageurs d\u00e9rout\u00e9s"},"content":{"rendered":"<p class=\"article__intro\">La circulation des trains est totalement interrompue entre Rouen et Paris Saint Lazare en raison d&rsquo;un d\u00e9faut d&rsquo;alimentation \u00e9lectrique survenu \u00e0 sept heures, ce mardi 25 novembre 2025. De nombreux voyageurs sont retenus en gare.<\/p>\n<p>\n      L\u2019actu des r\u00e9gions\n    <\/p>\n<p>\n      Chaque jour, un tour d\u2019horizon des principales infos de toutes les r\u00e9gions.\n    <\/p>\n<p>    France T\u00e9l\u00e9visions utilise votre adresse e-mail afin de vous envoyer la newsletter \u00ab\u00a0L\u2019actu des r\u00e9gions\u00a0\u00bb. Vous pouvez vous d\u00e9sinscrire \u00e0 tout moment via le lien en bas de cette newsletter. <a target=\"_blank\" href=\"https:\/\/www.francetelevisions.fr\/groupe\/confidentialite\/politique-de-confidentialite\/politique-de-confidentialite-de-france-televisions-6503\" rel=\"noopener\">Notre politique de confidentialit\u00e9<\/a><\/p>\n<p>Un d\u00e9faut d&rsquo;alimentation \u00e9lectrique, survenu entre les gares de Val-de-Reuil et Vernon, d\u00e9stabilise grandement le fonctionnement de la ligne <a href=\"https:\/\/france3-regions.franceinfo.fr\/normandie\/seine-maritime\/rouen\/sncf-pourquoi-des-trains-normands-seront-supprimes-certains-week-ends-jusqu-en-fevrier-3228155.html\" target=\"_blank\" rel=\"noopener noreferrer nofollow\" data-tooltip-url=\"https:\/\/france3-regions.franceinfo.fr\/normandie\/seine-maritime\/rouen\/sncf-pourquoi-des-trains-normands-seront-supprimes-certains-week-ends-jusqu-en-fevrier-3228155.html\">Paris-Rouen-Le Havre<\/a>, ce mardi 25 novembre.<\/p>\n<p>Depuis sept heures du matin, la circulation des trains est interrompue entre Rouen et Paris Saint-Lazare, dans les deux sens de circulation.<\/p>\n<blockquote class=\"twitter-tweet\">\n<p dir=\"ltr\" lang=\"fr\">\ud83d\udea6 <a href=\"https:\/\/twitter.com\/hashtag\/FlashTraficNomadTrain?src=hash&amp;ref_src=twsrc%5Etfw\" target=\"_blank\" rel=\"noopener\">#FlashTraficNomadTrain<\/a> 7h02<br \/>\ud83d\udd34 D\u00e9faut d&rsquo;alimentation \u00e9lectrique entre Val de Reuil et Vernon<br \/>\u274c La circulation des trains est interrompue dans les deux sens entre Rouen et Paris Saint Lazare sur la ligne Paris-Rouen-Le Havre le temps des premi\u00e8res v\u00e9rifications dans la zone\u2026 <a href=\"https:\/\/t.co\/xHIsx7RQ33\">pic.twitter.com\/xHIsx7RQ33<\/a><\/p>\n<p>\u2014 SNCF NOMAD TRAIN (@train_nomad) <a href=\"https:\/\/twitter.com\/train_nomad\/status\/1993198574042063274?ref_src=twsrc%5Etfw\" target=\"_blank\" rel=\"noopener\">November 25, 2025<\/a><\/p><\/blockquote>\n<p>Sur place, des recherches ont permis de trouver la cause de l&rsquo;incident. \u00ab\u00a0Il s&rsquo;agit d&rsquo;un arbre au contact de la cat\u00e9naire. Les \u00e9quipes sp\u00e9cialis\u00e9es vont \u00eatre d\u00e9p\u00each\u00e9es sur place afin de d\u00e9gager l&rsquo;arbre au plus vite\u00a0\u00bb, pr\u00e9cise la SNCF.<\/p>\n<p><a data-article-figure=\"\" href=\"https:\/\/france3-regions.franceinfo.fr\/image\/4EtQIZc7ypFTWyBZQxwclMUlQas\/1536x2048\/regions\/2025\/11\/25\/whatsapp-image-2025-11-25-at-07-36-16-69254ff637ab9897033639.jpg\" data-pswp-width=\"1536\" data-pswp-height=\"2048\" target=\"_blank\" rel=\"noopener\"><\/p>\n<p>          <img width=\"600\" height=\"400\" class=\"article-image lazy\" data-src=\"https:\/\/www.europesays.com\/fr\/wp-content\/uploads\/2025\/11\/whatsapp-image-2025-11-25-at-07-36-16-69254ff637ab9897033639.jpg\" alt=\"Des voyageurs retenus en gare de Oissel attendent la reprise de la circulation de leur train, mardi 25 novembre.\" fetchpriority=\"high\" as=\"image\"\/><\/p>\n<p>\n            Des voyageurs retenus en gare de Oissel attendent la reprise de la circulation de leur train, mardi 25 novembre.<br \/>\n                           \u2022<br \/>\n                                      \u00a9 France T\u00e9l\u00e9visions\n                      <\/p>\n<p><\/a><\/p>\n<p>Ainsi, des dizaines de voyageurs sont retenues en gare de Vernon, Val-de-Reuil et Oissel, mais aussi au Havre et \u00e0 Rouen. L&rsquo;heure de reprise estim\u00e9e initialement \u00e0 10h35, a \u00e9t\u00e9 repouss\u00e9e \u00e0 11h30. <\/p>\n<blockquote class=\"ftvi_content_quote\">\n<p class=\"ftvi_citation_quote\">Ce type d&rsquo;incident peut avoir un impact important et g\u00e9n\u00e9rer des retards de 30 minutes \u00e0 plusieurs heures en fonction des travaux \u00e0 r\u00e9aliser et du lieu de l&rsquo;incident.<\/p>\n<\/blockquote>\n<p>Face au m\u00e9contentement de certains voyageurs, la SNCF assure que \u00ab\u00a0des solutions sont tout de m\u00eame \u00e0 l&rsquo;\u00e9tude afin de permettre aux voyageurs de poursuivre leur trajet\u00a0\u00bb.<\/p>\n<p><a data-article-figure=\"\" href=\"https:\/\/france3-regions.franceinfo.fr\/image\/AyjU5DFdwy8x5okLXMBWXN6vmCc\/1600x1200\/regions\/2025\/11\/25\/whatsapp-image-2025-11-25-at-07-59-21-6925546181c4b176940094.jpg\" data-pswp-width=\"1600\" data-pswp-height=\"1200\" target=\"_blank\" rel=\"noopener\"><\/p>\n<p>          <img width=\"600\" height=\"400\" class=\"article-image lazy\" data-src=\"https:\/\/www.europesays.com\/fr\/wp-content\/uploads\/2025\/11\/whatsapp-image-2025-11-25-at-07-59-21-6925546181c4b176940094.jpg\" alt=\"En gare de Rouen, tous les trains en direction de Paris ont \u00e9t\u00e9 retard\u00e9s.\" fetchpriority=\"high\" as=\"image\"\/><\/p>\n<p>\n            En gare de Rouen, tous les trains en direction de Paris ont \u00e9t\u00e9 retard\u00e9s.<br \/>\n                           \u2022<br \/>\n                                      \u00a9 France T\u00e9l\u00e9visions\n                      <\/p>\n<p><\/a><\/p>\n<p>Un premier train\u00a0\u00bb3105 est d\u00e9tourn\u00e9 par un itin\u00e9raire alternatif\u00a0\u00bb, pr\u00e9cise l&rsquo;exploitant des trains r\u00e9gionaux Nomad sur ses r\u00e9seaux sociaux. Les trains qui le peuvent circulent via un autre itin\u00e9raire allongeant le temps de parcours de 30 minutes.<\/p>\n<\/p>\n<p>  <script async src=\"https:\/\/platform.twitter.com\/widgets.js\" charset=\"utf-8\"><\/script><\/p>\n","protected":false},"excerpt":{"rendered":"La circulation des trains est totalement interrompue entre Rouen et Paris Saint Lazare en raison d&rsquo;un d\u00e9faut d&rsquo;alimentation&hellip;\n","protected":false},"author":2,"featured_media":561406,"comment_status":"","ping_status":"","sticky":false,"template":"","format":"standard","meta":{"footnotes":""},"categories":[9587],"tags":[1111,11,1777,674,1011,27,12,5161,25,9590],"class_list":{"0":"post-561405","1":"post","2":"type-post","3":"status-publish","4":"format-standard","5":"has-post-thumbnail","7":"category-rouen","8":"tag-actu","9":"tag-actualites","10":"tag-eu","11":"tag-europe","12":"tag-fr","13":"tag-france","14":"tag-news","15":"tag-normandie","16":"tag-republique-francaise","17":"tag-rouen"},"share_on_mastodon":{"url":"https:\/\/pubeurope.com\/@fr\/115619581345351680","error":""},"_links":{"self":[{"href":"https:\/\/www.europesays.com\/fr\/wp-json\/wp\/v2\/posts\/561405","targetHints":{"allow":["GET"]}}],"collection":[{"href":"https:\/\/www.europesays.com\/fr\/wp-json\/wp\/v2\/posts"}],"about":[{"href":"https:\/\/www.europesays.com\/fr\/wp-json\/wp\/v2\/types\/post"}],"author":[{"embeddable":true,"href":"https:\/\/www.europesays.com\/fr\/wp-json\/wp\/v2\/users\/2"}],"replies":[{"embeddable":true,"href":"https:\/\/www.europesays.com\/fr\/wp-json\/wp\/v2\/comments?post=561405"}],"version-history":[{"count":0,"href":"https:\/\/www.europesays.com\/fr\/wp-json\/wp\/v2\/posts\/561405\/revisions"}],"wp:featuredmedia":[{"embeddable":true,"href":"https:\/\/www.europesays.com\/fr\/wp-json\/wp\/v2\/media\/561406"}],"wp:attachment":[{"href":"https:\/\/www.europesays.com\/fr\/wp-json\/wp\/v2\/media?parent=561405"}],"wp:term":[{"taxonomy":"category","embeddable":true,"href":"https:\/\/www.europesays.com\/fr\/wp-json\/wp\/v2\/categories?post=561405"},{"taxonomy":"post_tag","embeddable":true,"href":"https:\/\/www.europesays.com\/fr\/wp-json\/wp\/v2\/tags?post=561405"}],"curies":[{"name":"wp","href":"https:\/\/api.w.org\/{rel}","templated":true}]}}