{"id":561409,"date":"2025-11-27T03:41:17","date_gmt":"2025-11-27T03:41:17","guid":{"rendered":"https:\/\/www.europesays.com\/fr\/561409\/"},"modified":"2025-11-27T03:41:17","modified_gmt":"2025-11-27T03:41:17","slug":"pro-d2-biarritz-olympique-le-bo-se-prepare-a-souffrir-face-a-grenoble-un-match-ultra-complique-pour-yann-david","status":"publish","type":"post","link":"https:\/\/www.europesays.com\/fr\/561409\/","title":{"rendered":"Pro D2 &#8211; Biarritz Olympique\u00a0: le BO se pr\u00e9pare \u00e0 souffrir face \u00e0 Grenoble, \u00ab\u00a0un match ultra compliqu\u00e9\u00a0\u00bb pour Yann David"},"content":{"rendered":"<p>Le Biarritz Olympique se pr\u00e9pare avant d&rsquo;aller affronter Grenoble, ce vendredi soir (19h). Les Is\u00e9rois, finalistes de Pro D2 l&rsquo;an dernier, n&rsquo;ont perdu qu&rsquo;un match \u00e0 domicile et ouvrent un bloc compliqu\u00e9 \u00e0 venir pour le BO.<\/p>\n<p>Un gros morceau pour le BO ce vendredi. Le Biarritz Olympique se d\u00e9place \u00e0 Grenoble pour le compte de la douzi\u00e8me journ\u00e9e de Pro D2 (\u00e0 19h).\u00a0Les Biarrots (11\u00e8) ne sont qu&rsquo;\u00e0 une petite unit\u00e9 de leur adversaire du soir (9\u00e8).\u00a0<strong>Les rouge et blanc attaquent un bloc tr\u00e8s cors\u00e9<\/strong>, face \u00e0 quatre gros clubs du championnat\u00a0: Vannes, Valence-Romans, Oyonnax et donc Grenoble.<\/p>\n<p>Les Is\u00e9rois, qui s&rsquo;\u00e9taient inclin\u00e9s en finale de Pro D2 la saison derni\u00e8re, n&rsquo;ont <strong>perdu qu&rsquo;un seul match \u00e0 domicile<\/strong> cette saison. \u00ab\u00a0Grenoble reste une \u00e9quipe tr\u00e8s dangereuse. Je connais bien le coach Jeff (Jean-Fr\u00e9d\u00e9ric Dubois, ndlr), je sais ce qu&rsquo;il peut apporter dans l&rsquo;\u00e9tat d&rsquo;esprit de cette belle \u00e9quipe. On sait tr\u00e8s bien que \u00e7a va \u00eatre un match ultra compliqu\u00e9 chez un habitu\u00e9 de la Pro D2 qui a fait un nombre incalculable de finales\u00a0\u00bb, reconna\u00eet Yann David, le trois-quart centre du Biarritz Olympique.<\/p>\n<p>\u00ab\u00a0Esp\u00e9rer prendre le bonus d\u00e9fensif&#8230;\u00a0\u00bb<\/p>\n<p>Dans les trav\u00e9es du Stade Aguilera, les quelques supporters rencontr\u00e9s \u00e0 l&rsquo;entra\u00eenement assurent qu&rsquo;ils feront <strong>plus attention \u00e0 l&rsquo;\u00e9tat d&rsquo;esprit qu&rsquo;au r\u00e9sultat final.<\/strong> \u00ab\u00a0On n&rsquo;a rien \u00e0 perdre. On peut esp\u00e9rer prendre le bonus d\u00e9fensif si les mecs se donnent sur le terrain\u00a0\u00bb, explique Thomas. La constance des Grenoblois impressionne Jean-Luc, cet autre supporter\u00a0: \u00ab\u00a0C&rsquo;est une belle \u00e9quipe hein\u2026 Trois fois finalistes. Mais je vois le BO faire un bon match, au moins ramener un point\u00a0!\u00a0\u00bb<\/p>\n<p><strong>Trois cadres seront de retour<\/strong>\u00a0pour ce d\u00e9placement\u00a0: le troisi\u00e8me ligne Thomas H\u00e9bert, le deuxi\u00e8me ligne Johnny Dyer et le demi d\u2019ouverture Enzo Selponi. Les Biarrots devront faire sans Kylian Jaminet, suspendu apr\u00e8s deux cartons jaunes re\u00e7us.<\/p>\n<p>L&rsquo;\u00e9quipe probable du Biarritz Olympique<\/p>\n<p>1-\u00a0Fran\u00e7ois MUR\u00a0;\u00a02- Cl\u00e9ment MARTINEZ\u00a0;\u00a03- Zakaria EL FAKIR<br \/>4- Heath BACKHOUSE\u00a0; 5-\u00a0Aston FORTUIN<br \/>6-\u00a0R\u00e9mi BOURDEAU\u00a0; 8- Andrea SACCO\u00a0; 7- Cornell DU PREEZ<\/p>\n<p>9-\u00a0Yann LESGOURGUES\u00a0; 10- Edgar RETIERE<\/p>\n<p>11-\u00a0Baptiste FARISCOT\u00a0; 12-\u00a0Yann DAVID\u00a0;\u00a013-\u00a0Carlo MIGNOT\u00a0; 14- Arthur BONNEVAL<br \/>15- Dorian LABORDE<\/p>\n<p><strong>Rempla\u00e7ants probables<\/strong>\u00a0: Adrien SONZOGNI, Alexandre PLANTIER, Johnny DYE, Imanol BISCAY, Enzo SELPONI, Mathieu ACEBES, Hugo PIRLET.<\/p>\n","protected":false},"excerpt":{"rendered":"Le Biarritz Olympique se pr\u00e9pare avant d&rsquo;aller affronter Grenoble, ce vendredi soir (19h). Les Is\u00e9rois, finalistes de Pro&hellip;\n","protected":false},"author":2,"featured_media":561410,"comment_status":"","ping_status":"","sticky":false,"template":"","format":"standard","meta":{"footnotes":""},"categories":[9566],"tags":[1111,11,2430,1777,674,1011,27,2731,12,25],"class_list":{"0":"post-561409","1":"post","2":"type-post","3":"status-publish","4":"format-standard","5":"has-post-thumbnail","7":"category-grenoble","8":"tag-actu","9":"tag-actualites","10":"tag-auvergne-rhone-alpes","11":"tag-eu","12":"tag-europe","13":"tag-fr","14":"tag-france","15":"tag-grenoble","16":"tag-news","17":"tag-republique-francaise"},"share_on_mastodon":{"url":"","error":""},"_links":{"self":[{"href":"https:\/\/www.europesays.com\/fr\/wp-json\/wp\/v2\/posts\/561409","targetHints":{"allow":["GET"]}}],"collection":[{"href":"https:\/\/www.europesays.com\/fr\/wp-json\/wp\/v2\/posts"}],"about":[{"href":"https:\/\/www.europesays.com\/fr\/wp-json\/wp\/v2\/types\/post"}],"author":[{"embeddable":true,"href":"https:\/\/www.europesays.com\/fr\/wp-json\/wp\/v2\/users\/2"}],"replies":[{"embeddable":true,"href":"https:\/\/www.europesays.com\/fr\/wp-json\/wp\/v2\/comments?post=561409"}],"version-history":[{"count":0,"href":"https:\/\/www.europesays.com\/fr\/wp-json\/wp\/v2\/posts\/561409\/revisions"}],"wp:featuredmedia":[{"embeddable":true,"href":"https:\/\/www.europesays.com\/fr\/wp-json\/wp\/v2\/media\/561410"}],"wp:attachment":[{"href":"https:\/\/www.europesays.com\/fr\/wp-json\/wp\/v2\/media?parent=561409"}],"wp:term":[{"taxonomy":"category","embeddable":true,"href":"https:\/\/www.europesays.com\/fr\/wp-json\/wp\/v2\/categories?post=561409"},{"taxonomy":"post_tag","embeddable":true,"href":"https:\/\/www.europesays.com\/fr\/wp-json\/wp\/v2\/tags?post=561409"}],"curies":[{"name":"wp","href":"https:\/\/api.w.org\/{rel}","templated":true}]}}