{"id":561411,"date":"2025-11-27T03:42:10","date_gmt":"2025-11-27T03:42:10","guid":{"rendered":"https:\/\/www.europesays.com\/fr\/561411\/"},"modified":"2025-11-27T03:42:10","modified_gmt":"2025-11-27T03:42:10","slug":"son-droit-a-linstruction-est-en-peril-les-parents-de-la-jeune-giulia-en-justice-pour","status":"publish","type":"post","link":"https:\/\/www.europesays.com\/fr\/561411\/","title":{"rendered":"\u00ab Son droit \u00e0 l\u2019instruction est en p\u00e9ril \u00bb\u00a0: les parents de la jeune Giulia en justice pour"},"content":{"rendered":"<p>Il s\u2019agit de la quatri\u00e8me affaire de ce type en seulement deux semaines au tribunal administratif de Rennes. <a href=\"https:\/\/rennes.maville.com\/actu\/actudet_-les-parents-de-la-jeune-giulia-obtiendront-ils-gain-de-cause-en-justice-_7-7071280_actu.Htm\" target=\"_self\" rel=\"noopener\">Les parents de Giulia<\/a>, 3\u00a0ans, contestent une d\u00e9cision prise par le Rectorat en septembre. L\u2019Acad\u00e9mie a choisi de ne pas accorder \u00e0 leur fille la pr\u00e9sence, \u00e0 temps plein, d\u2019un <a href=\"https:\/\/rennes.maville.com\/actu\/actudet_-pourquoi-le-nombre-d-eleves-handicapes-ayant-droit-un-accompagnement-a-explose-en-ille-et-vilaine-_7-7000407_actu.Htm\" target=\"_self\" rel=\"noopener\">accompagnant des \u00e9l\u00e8ves en situation de handicap (AESH)<\/a>, \u00e0 l\u2019\u00e9cole \u2013 notamment depuis sa premi\u00e8re rentr\u00e9e il y a deux mois \u2013 et hors temps scolaire.<\/p>\n<p>Pourtant, cet accompagnement a \u00e9t\u00e9 recommand\u00e9 \u00e0 la famille par la Commission des droits et de l\u2019autonomie des personnes handicap\u00e9es (CDAPH). Giulia est atteinte d\u2019une paralysie c\u00e9r\u00e9brale avec hypotonie du corps. \u00a0Elle se d\u00e9place presque uniquement en fauteuil roulant\u00a0, a expliqu\u00e9, mardi, sa m\u00e8re, Camille Oelhoffen, \u00e0 l\u2019audience du tribunal.<\/p>\n<p>Scolaris\u00e9e deux jours dans la semaine<\/p>\n<p>La petite fille n\u2019est actuellement scolaris\u00e9e que le lundi et le mardi. Une AESH, qui prend aussi en charge un autre \u00e9l\u00e8ve, s\u2019occupe d\u2019elle \u00e0 50\u00a0%. L\u2019accompagnante n\u2019est pas disponible le reste de la semaine et l\u2019\u00e9cole refuse que Giulia soit pr\u00e9sente sans son aide.  \u00a0Quand ma fille sort \u00e0 la r\u00e9cr\u00e9ation, elle est seule, raconte Camille Oelhoffen. Elle ne va pas aussi vite que les autres, alors elle panique et se met \u00e0 hurler.\u00a0\u00bb La cantine aussi est un temps solitaire et difficile. Le handicap rend la fillette sujette aux fausses routes.<\/p>\n<p>L\u2019avocate des parents de Giulia, l\u2019avocate Emmanuelle Deleurme-Tannoury, pointe les cons\u00e9quences du <a href=\"https:\/\/rennes.maville.com\/actu\/actudet_-sans-accompagnant-aesh-kayton-n-a-pas-pu-faire-sa-rentree-scolaire-a-plelan-le-grand-_7-7000408_actu.Htm\" target=\"_self\" rel=\"noopener\">manque d\u2019accompagnement pour l\u2019\u00e9ducation de l\u2019enfant<\/a>\u00a0: \u00a0Son droit \u00e0 l\u2019instruction est en p\u00e9ril. Elle a les capacit\u00e9s pour apprendre.\u00a0 Mais sans AESH et une scolarisation \u00e0 100\u00a0%, un d\u00e9calage d\u2019apprentissage avec ses camarades risque de se cr\u00e9er.\u00a0Il se fait d\u00e9j\u00e0 ressentir\u00a0, d\u00e9plore l\u2019avocate.<\/p>\n<p>Camille Oelhoffen a mis son travail entre parenth\u00e8ses. La famille vit gr\u00e2ce aux revenus du p\u00e8re, agent de s\u00e9curit\u00e9, et \u00e0 une aide de 1\u00a0200\u00a0\u20ac vers\u00e9e par la Caisse d\u2019allocations familiales (CAF) pour compenser le salaire manquant de la maman.<\/p>\n<p>\u00a0Le fait que le Rectorat n\u2019ait pas assez de moyens budg\u00e9taires ne peut pas justifier cette situation\u00a0\u00bb, plaide Emmanuelle Deleurme-Tannoury.<\/p>\n<p>\u00ab\u00a0Pas de solution miracle\u00a0\u00bb<\/p>\n<p>\u00a0Il n\u2019y aura malheureusement pas de solution miracle\u00a0\u00bb, soupire le pr\u00e9sident du tribunal. <a href=\"https:\/\/fougeres.maville.com\/actu\/actudet_-en-ille-et-vilaine-il-manque-200-aesh-pour-accompagner-les-eleves-en-situation-de-handicap-_7-6987151_actu.Htm\" target=\"_self\" rel=\"noopener\">Deux cents\u00a0AESH manquent dans le d\u00e9partement.<\/a> Le magistrat se tourne vers la repr\u00e9sentante du Rectorat. \u00a0Des campagnes de recrutements sont-elles pr\u00e9vues bient\u00f4t\u00a0? Il y en a toutes les deux semaines, mais nous n\u2019avons pas assez de postes ouverts \u00e0 temps plein, r\u00e9pond-elle. Nous ne pouvons donc pas recruter \u00e0 hauteur de nos besoins.\u00a0\u00bb<\/p>\n<p>La petite Giulia n\u2019aura-t-elle pas droit \u00e0 davantage d\u2019aide avant la fin de l\u2019ann\u00e9e\u00a0? \u00a0Je ne peux pas me prononcer\u00a0, conclut sombrement la repr\u00e9sentante du Rectorat. Dans la salle, un silence atterr\u00e9 s\u2019est install\u00e9.<\/p>\n<p>La d\u00e9cision du tribunal administratif sera rendue d\u2019ici mi-d\u00e9cembre.<\/p>\n<p>\u00a0<\/p>\n","protected":false},"excerpt":{"rendered":"Il s\u2019agit de la quatri\u00e8me affaire de ce type en seulement deux semaines au tribunal administratif de Rennes.&hellip;\n","protected":false},"author":2,"featured_media":561412,"comment_status":"","ping_status":"","sticky":false,"template":"","format":"standard","meta":{"footnotes":""},"categories":[2821],"tags":[9269,1111,11,829,6084,1777,674,1011,27,66393,47251,3913,303,12,3306,65898,67796,584,25],"class_list":{"0":"post-561411","1":"post","2":"type-post","3":"status-publish","4":"format-standard","5":"has-post-thumbnail","7":"category-rennes","8":"tag-accompagnement","9":"tag-actu","10":"tag-actualites","11":"tag-bretagne","12":"tag-droit","13":"tag-eu","14":"tag-europe","15":"tag-fr","16":"tag-france","17":"tag-giulia","18":"tag-instruction","19":"tag-jeune","20":"tag-justice","21":"tag-news","22":"tag-parents","23":"tag-peril","24":"tag-reclamer","25":"tag-rennes","26":"tag-republique-francaise"},"share_on_mastodon":{"url":"https:\/\/pubeurope.com\/@fr\/115619597160435141","error":""},"_links":{"self":[{"href":"https:\/\/www.europesays.com\/fr\/wp-json\/wp\/v2\/posts\/561411","targetHints":{"allow":["GET"]}}],"collection":[{"href":"https:\/\/www.europesays.com\/fr\/wp-json\/wp\/v2\/posts"}],"about":[{"href":"https:\/\/www.europesays.com\/fr\/wp-json\/wp\/v2\/types\/post"}],"author":[{"embeddable":true,"href":"https:\/\/www.europesays.com\/fr\/wp-json\/wp\/v2\/users\/2"}],"replies":[{"embeddable":true,"href":"https:\/\/www.europesays.com\/fr\/wp-json\/wp\/v2\/comments?post=561411"}],"version-history":[{"count":0,"href":"https:\/\/www.europesays.com\/fr\/wp-json\/wp\/v2\/posts\/561411\/revisions"}],"wp:featuredmedia":[{"embeddable":true,"href":"https:\/\/www.europesays.com\/fr\/wp-json\/wp\/v2\/media\/561412"}],"wp:attachment":[{"href":"https:\/\/www.europesays.com\/fr\/wp-json\/wp\/v2\/media?parent=561411"}],"wp:term":[{"taxonomy":"category","embeddable":true,"href":"https:\/\/www.europesays.com\/fr\/wp-json\/wp\/v2\/categories?post=561411"},{"taxonomy":"post_tag","embeddable":true,"href":"https:\/\/www.europesays.com\/fr\/wp-json\/wp\/v2\/tags?post=561411"}],"curies":[{"name":"wp","href":"https:\/\/api.w.org\/{rel}","templated":true}]}}