{"id":561413,"date":"2025-11-27T03:43:14","date_gmt":"2025-11-27T03:43:14","guid":{"rendered":"https:\/\/www.europesays.com\/fr\/561413\/"},"modified":"2025-11-27T03:43:14","modified_gmt":"2025-11-27T03:43:14","slug":"directeur-de-prison-demis-de-ses-fonctions-a-rennes-les-syndicats-denoncent-le-mepris-de-gerald-darmanin","status":"publish","type":"post","link":"https:\/\/www.europesays.com\/fr\/561413\/","title":{"rendered":"Directeur de prison d\u00e9mis de ses fonctions \u00e0 Rennes: les syndicats d\u00e9noncent \u00ab\u00a0le m\u00e9pris\u00a0\u00bb de G\u00e9rald Darmanin"},"content":{"rendered":"<p class=\"mb-4 text-lg md:leading-8 break-words\">Trois organisations professionnelles de directeurs de prison ont fustig\u00e9 ce mercredi 26 novembre le \u00ab\u00a0m\u00e9pris\u00a0\u00bb du garde des Sceaux G\u00e9rald Darmanin apr\u00e8s sa d\u00e9cision de <a href=\"https:\/\/www.bfmtv.com\/police-justice\/video-evasion-d-un-detenu-a-rennes-le-directeur-de-la-prison-demis-de-ses-fonctions-le-prisonnier-s-etait-deja-evade-par-le-passe_VN-202511210388.html\" rel=\"nofollow noopener\" target=\"_blank\" data-ylk=\"slk:d\u00e9mettre de ses fonctions;elm:context_link;itc:0;sec:content-canvas\" class=\"link \">d\u00e9mettre de ses fonctions<\/a> leur coll\u00e8gue du centre p\u00e9nitentiaire de Rennes apr\u00e8s l&rsquo;\u00e9vasion d&rsquo;un d\u00e9tenu.<\/p>\n<p class=\"mb-4 text-lg md:leading-8 break-words\">Incarc\u00e9r\u00e9 au centre p\u00e9nitentiaire de Rennes-V\u00e9zin, ce d\u00e9tenu de 37 ans participait le 14 novembre \u00e0 <a href=\"https:\/\/fr.news.yahoo.com\/d%C3%A9tenu-s%C3%A9vade-lors-dune-sortie-174507499.html\" data-ylk=\"slk:une sortie au plan\u00e9tarium;elm:context_link;itc:0;sec:content-canvas;outcm:mb_qualified_link;_E:mb_qualified_link;ct:story;\" class=\"link  yahoo-link\" target=\"_blank\" rel=\"noopener\">une sortie au plan\u00e9tarium<\/a> avec d&rsquo;autres prisonniers quand il a \u00e9chapp\u00e9 \u00e0 la vigilance des personnes charg\u00e9es de les encadrer. Condamn\u00e9 depuis d\u00e9cembre 2024 pour \u00ab\u00a0divers faits de vols\u00a0\u00bb, il devait \u00eatre incarc\u00e9r\u00e9 \u00ab\u00a0jusqu&rsquo;en mars 2027\u00a0\u00bb, selon le parquet.<\/p>\n<p>Les syndicats d\u00e9noncent une d\u00e9cision \u00ab\u00a0prise dans l\u2019urgence\u00a0\u00bb<\/p>\n<p class=\"mb-4 text-lg md:leading-8 break-words\">Dans un communiqu\u00e9 commun, le SNDP-CFDT, FO-Direction et la CNDPIP ont accus\u00e9 le ministre de ne reculer \u00ab\u00a0devant rien pour entretenir son image de fermet\u00e9 et de r\u00e9activit\u00e9\u00a0\u00bb et d\u00e9nonc\u00e9 une d\u00e9cision \u00ab\u00a0prise dans l&rsquo;urgence pour permettre au ministre d&rsquo;afficher une r\u00e9ponse rapide et ferme dans les m\u00e9dias\u00a0\u00bb.<\/p>\n<p class=\"mb-4 text-lg md:leading-8 break-words\">Ils reprochent \u00e9galement \u00e0 G\u00e9rald Darmanin \u00ab\u00a0de consacrer tous les moyens d&rsquo;un \u00c9tat endett\u00e9\u00a0\u00bb aux quartiers de lutte contre la criminalit\u00e9 pour les narcotrafiquants les plus dangereux, qu&rsquo;il a cr\u00e9\u00e9s, \u00ab\u00a0quand la grande majorit\u00e9 des services sont exsangues.\u00a0\u00bb<\/p>\n<p class=\"mb-4 text-lg md:leading-8 break-words\">\u00ab\u00a0Pendant que le garde des Sceaux parade dans des structures surdot\u00e9es, les autres services agonisent\u00a0\u00bb, \u00e9crivent-ils encore, r\u00e9clamant \u00ab\u00a0un v\u00e9ritable plan d&rsquo;urgence pour lutter contre la surpopulation et combler les vacances de postes sans poudre aux yeux ni strat\u00e9gie de communication\u00a0\u00bb.<\/p>\n<p class=\"mb-4 text-lg md:leading-8 break-words\">Le directeur d&rsquo;\u00e9tablissement p\u00e9nitentiaire a commis \u00ab\u00a0une faute\u00a0\u00bb, m\u00eame s&rsquo;il \u00ab\u00a0ne m\u00e9rite pas de sortir de la fonction publique\u00a0\u00bb, avait expliqu\u00e9 \u00e0 la presse le 21 novembre G\u00e9rald Darmanin. \u00ab\u00a0Il ne peut pas rester en responsabilit\u00e9\u00a0\u00bb apr\u00e8s cette \u00e9vasion.<\/p>\n<p>\u00ab\u00a0Une d\u00e9cision d&rsquo;un magistrat\u00a0\u00bb<\/p>\n<p class=\"mb-4 text-lg md:leading-8 break-words\">Au S\u00e9nat, il a toutefois expliqu\u00e9 mercredi avoir demand\u00e9 \u00ab\u00a0une inspection en dix jours\u00a0\u00bb apr\u00e8s avoir \u00ab\u00a0entendu de la part des organisations syndicales qu&rsquo;il y avait peut-\u00eatre d&rsquo;autres responsabilit\u00e9s dans cette d\u00e9cision\u00a0\u00bb.<\/p>\n<p class=\"mb-4 text-lg md:leading-8 break-words\">Dans leur communiqu\u00e9 commun, les trois organisations professionnelles, qui comptent appeler leurs coll\u00e8gues \u00e0 se \u00ab\u00a0rassembler prochainement\u00a0\u00bb, ont relev\u00e9 que l&rsquo;autorisation de sortie pour la visite au plan\u00e9tarium n&rsquo;\u00e9tait pas du ressort de leur coll\u00e8gue mais \u00e9tait \u00ab\u00a0une d\u00e9cision d&rsquo;un magistrat, prise apr\u00e8s recueil de l&rsquo;avis de plusieurs professionnels p\u00e9nitentiaires et du parquet, tous sp\u00e9cialistes de l&rsquo;ex\u00e9cution des peines et de la pr\u00e9vention de la r\u00e9cidive\u00a0\u00bb<\/p>\n<p class=\"mb-4 text-lg md:leading-8 break-words\">De son c\u00f4t\u00e9, le Syndicat de la magistrature (class\u00e9 \u00e0 gauche) a fustig\u00e9 \u00ab\u00a0l&rsquo;absurde croisade du ministre contre les permissions de sortir\u00a0\u00bb qui \u00ab\u00a0vient s&rsquo;ajouter \u00e0 la longue liste des attaques violentes et ill\u00e9gitimes contre l&rsquo;institution judiciaire\u00a0\u00bb. \u00ab\u00a0Loin d&rsquo;\u00eatre une r\u00e9compense, les permissions de sortir ont notamment pour finalit\u00e9 de pr\u00e9venir la r\u00e9cidive en favorisant l&rsquo;insertion\u00a0\u00bb, selon le syndicat.<\/p>\n<p class=\"mb-4 text-lg md:leading-8 break-words\"><a href=\"https:\/\/www.bfmtv.com\/police-justice\/directeur-de-prison-demis-de-ses-fonctions-a-rennes-les-syndicats-denoncent-le-mepris-de-gerald-darmanin_AD-202511261029.html#xtor=AL-68\" rel=\"nofollow noopener\" target=\"_blank\" data-ylk=\"slk:Article original publi\u00e9 sur BFMTV.com;elm:context_link;itc:0;sec:content-canvas\" class=\"link \">Article original publi\u00e9 sur BFMTV.com<\/a><\/p>\n","protected":false},"excerpt":{"rendered":"Trois organisations professionnelles de directeurs de prison ont fustig\u00e9 ce mercredi 26 novembre le \u00ab\u00a0m\u00e9pris\u00a0\u00bb du garde des&hellip;\n","protected":false},"author":2,"featured_media":561414,"comment_status":"","ping_status":"","sticky":false,"template":"","format":"standard","meta":{"footnotes":""},"categories":[2821],"tags":[1111,11,829,1777,674,1011,27,432,12,67797,584,25,67798],"class_list":{"0":"post-561413","1":"post","2":"type-post","3":"status-publish","4":"format-standard","5":"has-post-thumbnail","7":"category-rennes","8":"tag-actu","9":"tag-actualites","10":"tag-bretagne","11":"tag-eu","12":"tag-europe","13":"tag-fr","14":"tag-france","15":"tag-gerald-darmanin","16":"tag-news","17":"tag-organisations-professionnelles","18":"tag-rennes","19":"tag-republique-francaise","20":"tag-strategie-de-communication"},"share_on_mastodon":{"url":"https:\/\/pubeurope.com\/@fr\/115619601108699815","error":""},"_links":{"self":[{"href":"https:\/\/www.europesays.com\/fr\/wp-json\/wp\/v2\/posts\/561413","targetHints":{"allow":["GET"]}}],"collection":[{"href":"https:\/\/www.europesays.com\/fr\/wp-json\/wp\/v2\/posts"}],"about":[{"href":"https:\/\/www.europesays.com\/fr\/wp-json\/wp\/v2\/types\/post"}],"author":[{"embeddable":true,"href":"https:\/\/www.europesays.com\/fr\/wp-json\/wp\/v2\/users\/2"}],"replies":[{"embeddable":true,"href":"https:\/\/www.europesays.com\/fr\/wp-json\/wp\/v2\/comments?post=561413"}],"version-history":[{"count":0,"href":"https:\/\/www.europesays.com\/fr\/wp-json\/wp\/v2\/posts\/561413\/revisions"}],"wp:featuredmedia":[{"embeddable":true,"href":"https:\/\/www.europesays.com\/fr\/wp-json\/wp\/v2\/media\/561414"}],"wp:attachment":[{"href":"https:\/\/www.europesays.com\/fr\/wp-json\/wp\/v2\/media?parent=561413"}],"wp:term":[{"taxonomy":"category","embeddable":true,"href":"https:\/\/www.europesays.com\/fr\/wp-json\/wp\/v2\/categories?post=561413"},{"taxonomy":"post_tag","embeddable":true,"href":"https:\/\/www.europesays.com\/fr\/wp-json\/wp\/v2\/tags?post=561413"}],"curies":[{"name":"wp","href":"https:\/\/api.w.org\/{rel}","templated":true}]}}