{"id":561417,"date":"2025-11-27T03:46:15","date_gmt":"2025-11-27T03:46:15","guid":{"rendered":"https:\/\/www.europesays.com\/fr\/561417\/"},"modified":"2025-11-27T03:46:15","modified_gmt":"2025-11-27T03:46:15","slug":"comment-acceder-facilement-au-marche-de-noel-de-strasbourg","status":"publish","type":"post","link":"https:\/\/www.europesays.com\/fr\/561417\/","title":{"rendered":"comment acc\u00e9der facilement au march\u00e9 de No\u00ebl de Strasbourg ?"},"content":{"rendered":"<p><b>Que vous viviez hors de Strasbourg ou en plein centre-ville, que vous soyez en voiture, \u00e0 pied ou \u00e0 v\u00e9lo, il existe plusieurs fa\u00e7ons d\u2019acc\u00e9der au march\u00e9 de No\u00ebl, qui a d\u00e9but\u00e9 ce 26 novembre. Voici donc un petit guide, pour les touristes mais aussi pour les Strasbourgeois(es), pour profiter de la magie de No\u00ebl sans encombres.<\/b><\/p>\n<p class=\"p1\">\u00c7a y est, le march\u00e9 de No\u00ebl version 2025 a d\u00e9but\u00e9. Grand temps fort de l\u2019ann\u00e9e strasbourgeoise, <b>il ram\u00e8ne avec lui son lot de touristes ravis de d\u00e9couvrir notre belle ville, ses illuminations, son grand sapin et ses 300 chalets<\/b>, dont les effluves de vin chaud et de baguettes flamb\u00e9es embaument l\u2019atmosph\u00e8re hivernale.<\/p>\n<p class=\"p1\">Cette pittoresque magie de No\u00ebl, qui s\u2019installe dans la ville jusqu\u2019au 24 d\u00e9cembre, va perturber les conditions de circulation, notamment dans la Grande-\u00cele. Mais pas de panique : <b>on vous a concoct\u00e9 un petit guide pratique pour tout savoir<\/b>, que vous soyez automobiliste, cycliste, amateur\/rice de transports en commun ou pi\u00e9ton(ne).<\/p>\n<p>                <a href=\"https:\/\/pokaa.fr\/2025\/11\/05\/plus-authentique-et-feerique-voici-le-programme-2025-du-marche-de-noel-de-strasbourg\/\" target=\"_blank\" rel=\"noopener\"><br \/>\n                    <img width=\"450\" height=\"270\" src=\"https:\/\/www.europesays.com\/fr\/wp-content\/uploads\/2025\/11\/france-strasbourg-alsace-marche-de-noel-wr-50-450x270.jpg\" class=\"attachment-card-horizontal--same-subject size-card-horizontal--same-subject wp-post-image\" alt=\"\" decoding=\"async\" loading=\"lazy\"\/>                <\/a><\/p>\n<p>    <img width=\"800\" height=\"533\" src=\"https:\/\/www.europesays.com\/fr\/wp-content\/uploads\/2025\/11\/france-strasbourg-alsace-marche-de-noel-wr-100-800x533.jpg\" class=\"attachment-image-size-L size-image-size-L\" alt=\"March\u00e9 de Noel 2024 arches de d\u00e9coration\" decoding=\"async\" loading=\"lazy\"  \/>         \u00a9 Wilfried rion \/ Pokaa <\/p>\n<p>Je vis hors de la ville : comment venir facilement \u00e0 Strasbourg ?<br \/>\nPar le train, le car ou la voiture<\/p>\n<p>Logiquement, pour pouvoir visiter le march\u00e9 de No\u00ebl et son ellipse insulaire, il faut d\u00e9j\u00e0 pouvoir acc\u00e9der \u00e0 Strasbourg. Concr\u00e8tement, il y a trois moyens de le faire : <strong>en car, en train et en voiture.<\/strong><\/p>\n<p><strong>Les deux premi\u00e8res options sont assez simples. <\/strong><strong>Les bus (Flixbus ou autres), vous d\u00e9posent \u00e0 la gare routi\u00e8re place de l\u2019\u00c9toile<\/strong><strong>, <\/strong>il suffit ensuite de prendre la ligne de tram A (vers Parc des Sports) ou la D (vers Poteries). Vous pouvez aussi profiter des cars du <strong><a href=\"https:\/\/www.ctbr67.fr\/\" target=\"_blank\" rel=\"noopener\">r\u00e9seau interurbain Fluo Grand Est 67<\/a>.\u00a0<\/strong><\/p>\n<p>Si vous arrivez en train, prenez la C (vers Rodolphe Reuss), la A (vers Illkirch) ou la D (vers Port du Rhin).<strong> Dans les deux cas, l\u2019arr\u00eat le plus simple, c\u2019est Homme de Fer : seule station desservie au centre-ville, de laquelle vous pourrez rejoindre tranquillement Broglie, ou la cath\u00e9drale.\u00a0<\/strong><\/p>\n<p>    <img width=\"800\" height=\"520\" src=\"https:\/\/www.europesays.com\/fr\/wp-content\/uploads\/2025\/11\/capture-decran-2025-11-26-a-103640-800x520.png\" class=\"attachment-image-size-L size-image-size-L\" alt=\"se garer march\u00e9 de noel\" decoding=\"async\" loading=\"lazy\"  \/>         \u00a9\u00a0Ville de Strasbourg \/ Capture d&rsquo;\u00e9cran <\/p>\n<p>Les parkings-relais : la solution de facilit\u00e9 si vous venez en voiture<\/p>\n<p class=\"p1\">Si vous venez en voiture, la solution la plus simple sera comme d\u2019habitude celle des parkings ou des parkings-relais. <b>Plus de 15 000 places sont disponibles dans les parkings urbains connect\u00e9s au tram, tous les jours de la semaine<\/b>. Dans le d\u00e9tail :<\/p>\n<ul class=\"ul1\">\n<li class=\"li1\">Hochschule L\u00e4ger, Dock 1, Starlette en venant de l\u2019est et de l\u2019Allemagne ;<\/li>\n<li class=\"li1\">P+R H\u0153nheim gare, P+R Espace europ\u00e9en de l\u2019entreprise, P+R Rives de l\u2019Aar ; Parc des expositions, en venant du nord ;<\/li>\n<li class=\"li1\">P+R Ducs d\u2019Alsace, le tout nouveau P+R Wolfisheim Henri Rendu, P+R Parc des Romains, P+R Rotonde et Centre historique en venant de l\u2019ouest ;<\/li>\n<li class=\"li1\">P+R Baggersee, P+R Elsau, P+R Kibitzenau, Rivetoile en venant du sud.<\/li>\n<\/ul>\n<p>    <img width=\"800\" height=\"600\" src=\"https:\/\/www.europesays.com\/fr\/wp-content\/uploads\/2025\/07\/parking-relais-rotonde.jpg\" class=\"attachment-image-size-L size-image-size-L\" alt=\"parking relais rotonde\" decoding=\"async\" loading=\"lazy\"  \/>         \u00a9 Nicolas Kaspar\/Pokaa <\/p>\n<p class=\"p5\">En plus de ces diff\u00e9rentes solutions, deux autres sont exceptionnellement mises en place durant toute la dur\u00e9e du march\u00e9 de No\u00ebl :<\/p>\n<ul class=\"ul1\">\n<li class=\"li1\"><b>Tous les samedis et dimanche, il sera possible d\u2019acc\u00e9der \u00e0 un p<\/b><b>arking-relais Z\u00e9nith<\/b>, pour celles et ceux venant de l\u2019ouest de Strasbourg et de Paris par Saverne (N4). La navette vous d\u00e9pose \u00e0 l\u2019arr\u00eat \u00ab H\u00f4tel d\u2019Alsace \u2013 Petite France \u00bb et apr\u00e8s hop, 2 minutes \u00e0 pied et vous \u00eates dans la magie de No\u00ebl.<\/li>\n<li class=\"li1\">Si vous venez de Paris ou Metz, <b>vous pouvez aussi profiter du parking de la Gare TER de Vendenheim<\/b>, pour ensuite rejoindre Strasbourg par le train en une dizaine de minutes.<\/li>\n<\/ul>\n<p class=\"p1\">Une solution efficace quand on sait qu\u2019il sera <strong>difficile de trouver des places en centre-ville<\/strong>. En effet, comme chaque ann\u00e9e pendant le march\u00e9 de No\u00ebl, le stationnement<b>\u00a0sera interdit en voirie sur l\u2019ensemble de la Grande-\u00cele 24h\/24 et 7j\/7<\/b>, ainsi que dans les parkings Kl\u00e9ber, Gutenberg et Broglie.<\/p>\n<p class=\"p1\">Quant \u00e0 la circulation, <b>elle sera tout bonnement interdite dans la Grande-\u00eele de 11h30 \u00e0 21h00 pendant tout le march\u00e9 de No\u00ebl<\/b>. Il existe tout de m\u00eame quelques exceptions pour les personnes ayant un macaron d\u2019acc\u00e8s. L\u2019entr\u00e9e se fera par les ponts de l\u2019Abattoir, de Paris, de la Fonderie et du Corbeau. La sortie se fera par les ponts Saint-Nicolas et du Th\u00e9\u00e2tre. \u00c0 noter \u00e9galement : chaque v\u00e9hicule pourra \u00eatre fouill\u00e9.<\/p>\n<p>    <img width=\"800\" height=\"532\" src=\"https:\/\/www.europesays.com\/fr\/wp-content\/uploads\/2025\/04\/2822432862-d60578114c-k-copie-800x532.jpg\" class=\"attachment-image-size-L size-image-size-L\" alt=\"Z\u00e9nith de Strasbourg\" decoding=\"async\" loading=\"lazy\"  \/>         \u00a9 Vince Philbert &#8211; Flickr \/ Photo d&rsquo;illustration <\/p>\n<p>Je suis arriv\u00e9 \u00e0 Strasbourg : comment fonctionnent les transports en commun ?<br \/>\nEn tram, pour se laisser porter entre les chalets <\/p>\n<p class=\"p5\">Une fois sorti(e) de votre v\u00e9hicule, si vous vous trouvez dans un parking-relais, il vous suffit ensuite d\u2019emprunter les serpents fer strasbourgeois pour rejoindre le centre-ville. <b>Toujours pratiques pour de d\u00e9placer, surtout si vous \u00eates avec une poussette ou les bras remplis de cadeaux<\/b>. Si vous \u00eates touristes, rangez-vous sur les tarifs 24h Trio ou 72h Solo \u00e0 10\u20ac40, les plus avantageux hors tarifs P+R.<\/p>\n<p class=\"p1\">C\u00f4t\u00e9 informations techniques,\u00a0toutes les lignes de trams seront ouvertes. <b>En revanche, les stations Langstross Grand\u2019Rue, Broglie et Alt Winm\u00e4rik ne seront pas desservies de 11h30 \u00e0 21h<\/b>. La station Homme de Fer, carrefour de Strasbourg, reste elle enti\u00e8rement ouverte tout le long du march\u00e9 de No\u00ebl [m\u00eame si elle pourra \u00eatre temporairement ferm\u00e9e sous d\u00e9cision pr\u00e9fectorale, ndlr].<\/p>\n<p class=\"p1\">Sinon, <b>les stations Faubourg de Saverne, Faubourg National, Porte de l\u2019H\u00f4pital, Ancienne Synagogue Les Halles et R\u00e9publique seront les plus proches des diff\u00e9rents march\u00e9s de No\u00ebl<\/b>. Pour ce qui est des lignes de bus, <a href=\"https:\/\/www.cts-strasbourg.eu\/fr\/Article\/DESSERTE-BUS-TRAM-MODIFIEE-AU-CENTRE-VILLE-DURANT-LE-MARCHE-DE-NOEL\/\" target=\"_blank\" rel=\"noopener\">tout le reste des informations se retrouve ici<\/a>.<\/p>\n<p>    <img width=\"800\" height=\"533\" src=\"https:\/\/www.europesays.com\/fr\/wp-content\/uploads\/2025\/11\/france-strasbourg-alsace-marche-de-noel-wr-80-800x533.jpg\" class=\"attachment-image-size-L size-image-size-L\" alt=\"March\u00e9 de Noel 2024 d\u00e9corations Place de l\u2019Homme de Fer tram nuit\" decoding=\"async\" loading=\"lazy\"  \/>         \u00a9 Wilfried Rion \/ Pokaa <\/p>\n<p>\u00c0 pied, pour profiter au mieux de l\u2019\u00e9v\u00e9nement (et avec des contr\u00f4les al\u00e9atoires)<\/p>\n<p class=\"p5\">Au march\u00e9 de No\u00ebl, le pi\u00e9ton est roi. Meilleur fa\u00e7on de se d\u00e9placer au sein de la Grande-\u00cele, et de travailler ses capacit\u00e9s de slalom, il y a n\u00e9anmoins quelques donn\u00e9es \u00e0 avoir en t\u00eate. <b>Les 21 ponts d\u2019acc\u00e8s seront bien ouverts 24h\/24, mais durant les horaires d\u2019ouverture, des contr\u00f4les al\u00e9atoires pourront \u00eatre r\u00e9alis\u00e9s sur les ponts d\u2019acc\u00e8s<\/b>. Par ailleurs, des fouilles seront syst\u00e9matiquement faites quand il s\u2019agit d\u2019objets volumineux.<\/p>\n<p class=\"p1\">Pour le reste, <b>certaines rues passeront \u00e0 sens unique les week-ends \u00e0 partir de 13h pour contr\u00f4ler les flux de l\u2019\u00e9v\u00e9nement<\/b>. La rue du Maroquin ne se pratiquera que dans le sens vers la rue de la Grande-Boucherie, tandis que la rue de l\u2019Outre ira uniquement vers la place des \u00c9tudiants. Si le march\u00e9 de No\u00ebl est encore trop fr\u00e9quent\u00e9, la rue des Orf\u00e8vres pourrait \u00eatre en sens unique de la rue des Hallebardes vers la place du Temple-Neuf, et la rue des Dominicains pourrait aller seulement de la place du Temple-Neuf \u00e0 la rue des Grandes-Arcades.<\/p>\n<p>    <img width=\"800\" height=\"533\" src=\"https:\/\/www.europesays.com\/fr\/wp-content\/uploads\/2025\/11\/france-strasbourg-alsace-marche-de-noel-wr-71-800x533.jpg\" class=\"attachment-image-size-L size-image-size-L\" alt=\"March\u00e9 de Noel 2024 chalets Place Broglie\" decoding=\"async\" loading=\"lazy\"  \/>         \u00a9 Wilfried rion \/ Pokaa <\/p>\n<p>\u00c0 v\u00e9lo, pour profiter du (presque termin\u00e9) Ring<\/p>\n<p class=\"p5\">Si au sein de la Grande-\u00cele, le pi\u00e9ton reste roi, il est tout \u00e0 fait possible de pouvoir se d\u00e9placer sereinement \u00e0 v\u00e9lo. <b>Les points d\u2019acc\u00e8s sont les m\u00eames que pour les pi\u00e9ton(ne)s, donc pour entrer dans la Grande-\u00cele ou en sortir, il faudra descendre de sa b\u00e9cane<\/b>. Contrairement \u00e0 l\u2019an dernier, un seul itin\u00e9raire \u00ab\u00a0malin\u00a0\u00bb est conserv\u00e9, passant par la rue de la Division Leclerc pour \u00e9viter la bataille de circulation qu\u2019est la Grand\u2019Rue.<\/p>\n<p class=\"p5\">Mais c\u2019est surtout parce qu\u2019il y a une vraie nouveaut\u00e9 : le Ring V\u00e9lo. Les cyclistes pourront ainsi <b>rouler sur les diff\u00e9rentes portions tout juste termin\u00e9es, particuli\u00e8rement sur les quais Desaix, de Paris et Kellermann<\/b>. Il faudra en revanche faire attention \u00e0 la congestion sur le quai Kellermann en direction des ponts couverts. Le quai Turckheim sera lui aussi praticable. De quoi tester ce nouvel itin\u00e9raire \u00ab\u00a0plus rapide, plus apais\u00e9 et plus s\u00e9curis\u00e9.\u00a0\u00bb<\/p>\n<p>Enfin, pour les touristes, il est possible louer un v\u00e9lo pour circuler dans la Grande-\u00cele ; il suffit de se rendre en boutique V\u00e9lhop, situ\u00e9e \u00e0 la gare de Strasbourg. <a href=\"https:\/\/velhop.strasbourg.eu\/\" target=\"_blank\" rel=\"noopener\">Toutes les infos par ici<\/a>.<\/p>\n<p>                <img width=\"667\" height=\"500\" src=\"https:\/\/www.europesays.com\/fr\/wp-content\/uploads\/2025\/11\/img-2498-grande-667x500.jpeg\" class=\"attachment-gallery size-gallery\" alt=\"Ring v\u00e9lo tribunal\" data-full-url=\"https:\/\/pokaa.fr\/wp-content\/uploads\/2025\/11\/07\/img-2498-grande.jpeg\" decoding=\"async\" loading=\"lazy\"  \/>            <\/p>\n<p>                <img width=\"1006\" height=\"500\" src=\"https:\/\/www.europesays.com\/fr\/wp-content\/uploads\/2025\/11\/capture-decran-2025-11-26-a-103202-1006x500.png\" class=\"attachment-gallery size-gallery\" alt=\"itin\u00e9raire v\u00e9lo\" data-full-url=\"https:\/\/pokaa.fr\/wp-content\/uploads\/2025\/11\/26\/capture-decran-2025-11-26-a-103202.png\" decoding=\"async\" loading=\"lazy\"  \/>            <\/p>\n<p>                    1. \u00a9 Nicolas Kaspar \/ Pokaa ; 2. \u00a9 Ville de Strasbourg \/ Capture d&rsquo;\u00e9cran<\/p>\n<p><b>Vous voil\u00e0 en possession de toutes les informations pour gal\u00e9rer le moins possible dans vos d\u00e9placements pendant cette p\u00e9riode intense qui s\u2019annonce. Bon march\u00e9 de No\u00ebl \u00e0 toutes et tous !<\/b><\/p>\n","protected":false},"excerpt":{"rendered":"Que vous viviez hors de Strasbourg ou en plein centre-ville, que vous soyez en voiture, \u00e0 pied ou&hellip;\n","protected":false},"author":2,"featured_media":561418,"comment_status":"","ping_status":"","sticky":false,"template":"","format":"standard","meta":{"footnotes":""},"categories":[2820],"tags":[1111,11,1777,674,1011,27,775,36053,67619,12,25,640],"class_list":{"0":"post-561417","1":"post","2":"type-post","3":"status-publish","4":"format-standard","5":"has-post-thumbnail","7":"category-strasbourg","8":"tag-actu","9":"tag-actualites","10":"tag-eu","11":"tag-europe","12":"tag-fr","13":"tag-france","14":"tag-grand-est","15":"tag-marche-de-noel","16":"tag-marche-de-noel-2025","17":"tag-news","18":"tag-republique-francaise","19":"tag-strasbourg"},"share_on_mastodon":{"url":"https:\/\/pubeurope.com\/@fr\/115619614807322971","error":""},"_links":{"self":[{"href":"https:\/\/www.europesays.com\/fr\/wp-json\/wp\/v2\/posts\/561417","targetHints":{"allow":["GET"]}}],"collection":[{"href":"https:\/\/www.europesays.com\/fr\/wp-json\/wp\/v2\/posts"}],"about":[{"href":"https:\/\/www.europesays.com\/fr\/wp-json\/wp\/v2\/types\/post"}],"author":[{"embeddable":true,"href":"https:\/\/www.europesays.com\/fr\/wp-json\/wp\/v2\/users\/2"}],"replies":[{"embeddable":true,"href":"https:\/\/www.europesays.com\/fr\/wp-json\/wp\/v2\/comments?post=561417"}],"version-history":[{"count":0,"href":"https:\/\/www.europesays.com\/fr\/wp-json\/wp\/v2\/posts\/561417\/revisions"}],"wp:featuredmedia":[{"embeddable":true,"href":"https:\/\/www.europesays.com\/fr\/wp-json\/wp\/v2\/media\/561418"}],"wp:attachment":[{"href":"https:\/\/www.europesays.com\/fr\/wp-json\/wp\/v2\/media?parent=561417"}],"wp:term":[{"taxonomy":"category","embeddable":true,"href":"https:\/\/www.europesays.com\/fr\/wp-json\/wp\/v2\/categories?post=561417"},{"taxonomy":"post_tag","embeddable":true,"href":"https:\/\/www.europesays.com\/fr\/wp-json\/wp\/v2\/tags?post=561417"}],"curies":[{"name":"wp","href":"https:\/\/api.w.org\/{rel}","templated":true}]}}