{"id":561419,"date":"2025-11-27T03:47:20","date_gmt":"2025-11-27T03:47:20","guid":{"rendered":"https:\/\/www.europesays.com\/fr\/561419\/"},"modified":"2025-11-27T03:47:20","modified_gmt":"2025-11-27T03:47:20","slug":"sebastien-lecornu-attaque-eric-ciotti-et-le-rn-sur-les-impots","status":"publish","type":"post","link":"https:\/\/www.europesays.com\/fr\/561419\/","title":{"rendered":"S\u00e9bastien Lecornu attaque Eric Ciotti et le RN sur les imp\u00f4ts"},"content":{"rendered":"<p class=\"fs-5 \">Lors de la <strong>s\u00e9ance des questions au gouvernement<\/strong> \u00e0 l\u2019Assembl\u00e9e nationale, le Premier ministre a cit\u00e9 un courrier dans lequel \u00c9ric Ciotti lui expose ses \u00ab\u00a0lignes rouge clair et non n\u00e9gociables\u00a0\u00bb parmi lesquelles \u00ab\u00a0aucune augmentation des pr\u00e9l\u00e8vements obligatoires sur les particuliers comme les entreprises\u00a0\u00bb.<\/p>\n<p class=\"fs-5 \">\u00ab\u00a0N\u2019h\u00e9sitez pas \u00e0 en parler en intergroupe avec le groupe du Rassemblement national\u00a0\u00bb, a ironis\u00e9 le chef du gouvernement en rappelant que l<strong>e parti d\u2019extr\u00eame droite avait \u00ab\u00a0accompagn\u00e9 (&#8230;) ce budget avec 35 milliards d\u2019euros <\/strong>suppl\u00e9mentaires d\u2019imp\u00f4ts pour les entreprises sur les m\u00e9nages\u00a0\u00bb.<\/p>\n<p class=\"fs-5 \">\u00ab\u00a0Stop avec le double discours. L\u2019absence de 49.3 va permettre la grande clarification\u00a0\u00bb, a-t-il ass\u00e9n\u00e9. \u00ab\u00a0On ne peut pas avoir l\u2019\u00e9quipe qui va d\u00eener avec les grands patrons pour les rassurer d\u2019un c\u00f4t\u00e9 pendant qu\u2019une autre \u00e9quipe ici augmente les imp\u00f4ts sur les particuliers et sur les entreprises\u00a0\u00bb.<\/p>\n<p class=\"fs-5 \">\u00ab\u00a0On ne peut pas promettre l\u2019ordre \u00e0 Nice\u00a0\u00bb, dont \u00c9ric Ciotti brigue la mairie, \u00ab\u00a0et le d\u00e9sordre \u00e0 Paris\u00a0\u00bb, a encore lanc\u00e9 M. Lecornu.<\/p>\n<p>            <img src=\"https:\/\/www.europesays.com\/fr\/wp-content\/uploads\/2025\/11\/89e91d8_upload-from-url-1-uxoggwte9tte-data-art-16637789.jpg\"   loading=\"lazy\" decoding=\"async\" alt=\"En cas de duel au second tour des municipales en 2026, les deux hommes ne pourraient pas \u00eatre d\u00e9partag\u00e9s, selon un n\u00e9buleux \u00ab sondage \u00bb qui circule \u00e0 Nice. \" class=\"img-fluid position-absolute w-100 object-fit-cover rounded-2\" width=\"600\" height=\"400\"\/><\/p>\n<p class=\"fs-5 \">Le chef du gouvernement a aussi <strong>point\u00e9 les propositions de \u00ab\u00a0contre-budget\u00a0\u00bb <\/strong>du chef de file des d\u00e9put\u00e9s UDR dont il n\u2019a \u00ab\u00a0pas trouv\u00e9 trace dans les amendements\u00a0\u00bb de son groupe au projet de budget pour 2026.<\/p>\n<p>                                                                                \u00ab\u00a0Une id\u00e9e certainement pour vous r\u00e9clamer du gaullisme\u00a0\u00bb<\/p>\n<p class=\"fs-5 \">Il<strong> s\u2019est \u00e9galement moqu\u00e9 du sigle de son groupe, UDR <\/strong>(Union des droites pour la R\u00e9publique), qui rappelle celui de l\u2019UDR (Union pour la d\u00e9fense de la R\u00e9publique) des partisans du g\u00e9n\u00e9ral De Gaulle en 1968.<\/p>\n<p class=\"fs-5 \">\u00ab\u00a0Une id\u00e9e certainement pour vous r\u00e9clamer du gaullisme, ce qui ne manque pas de malice au regard de vos nouvelles alliances \u00e9lectorales\u00a0\u00bb, a affirm\u00e9 M. Lecornu<strong>. Le RN se r\u00e9f\u00e8re fr\u00e9quemment au gaullisme <\/strong>qu\u2019il a pourtant longtemps combattu.<\/p>\n<p class=\"fs-5 \">\u00c9ric Ciotti d\u00e9non\u00e7ait le rejet in\u00e9dit, par la quasi-unanimit\u00e9 des d\u00e9put\u00e9s vendredi soir, du projet de budget de l\u2019Etat, \u00ab\u00a0terrible symbole de l\u2019effondrement de votre pouvoir\u00a0\u00bb.<\/p>\n<p class=\"fs-5 \">\u00ab\u00a0Dans n\u2019importe quelle d\u00e9mocratie respectueuse des institutions, un Premier ministre responsable aurait imm\u00e9diatement d\u00e9missionn\u00e9\u00a0\u00bb, avait raill\u00e9 l\u2019\u00e9lu.<\/p>\n<p class=\"fs-5 \">\u00ab\u00a0Rien de tel qu\u2019un peu de finesse pour rafra\u00eechir l\u2019atmosph\u00e8re\u00a0\u00bb, lui a r\u00e9pondu le Premier ministre, en l\u2019invitant \u00e0 d\u00e9fendre plut\u00f4t \u00ab\u00a0le principe m\u00eame d\u2019un exercice parlementaire\u00a0\u00bb.<\/p>\n","protected":false},"excerpt":{"rendered":"Lors de la s\u00e9ance des questions au gouvernement \u00e0 l\u2019Assembl\u00e9e nationale, le Premier ministre a cit\u00e9 un courrier&hellip;\n","protected":false},"author":2,"featured_media":561420,"comment_status":"","ping_status":"","sticky":false,"template":"","format":"standard","meta":{"footnotes":""},"categories":[2819],"tags":[1111,11,1777,674,1011,27,3434,12,2401,882,25],"class_list":{"0":"post-561419","1":"post","2":"type-post","3":"status-publish","4":"format-standard","5":"has-post-thumbnail","7":"category-nice","8":"tag-actu","9":"tag-actualites","10":"tag-eu","11":"tag-europe","12":"tag-fr","13":"tag-france","14":"tag-municipales-2026","15":"tag-news","16":"tag-nice","17":"tag-provence-alpes-cote-dazur","18":"tag-republique-francaise"},"share_on_mastodon":{"url":"https:\/\/pubeurope.com\/@fr\/115619617064048023","error":""},"_links":{"self":[{"href":"https:\/\/www.europesays.com\/fr\/wp-json\/wp\/v2\/posts\/561419","targetHints":{"allow":["GET"]}}],"collection":[{"href":"https:\/\/www.europesays.com\/fr\/wp-json\/wp\/v2\/posts"}],"about":[{"href":"https:\/\/www.europesays.com\/fr\/wp-json\/wp\/v2\/types\/post"}],"author":[{"embeddable":true,"href":"https:\/\/www.europesays.com\/fr\/wp-json\/wp\/v2\/users\/2"}],"replies":[{"embeddable":true,"href":"https:\/\/www.europesays.com\/fr\/wp-json\/wp\/v2\/comments?post=561419"}],"version-history":[{"count":0,"href":"https:\/\/www.europesays.com\/fr\/wp-json\/wp\/v2\/posts\/561419\/revisions"}],"wp:featuredmedia":[{"embeddable":true,"href":"https:\/\/www.europesays.com\/fr\/wp-json\/wp\/v2\/media\/561420"}],"wp:attachment":[{"href":"https:\/\/www.europesays.com\/fr\/wp-json\/wp\/v2\/media?parent=561419"}],"wp:term":[{"taxonomy":"category","embeddable":true,"href":"https:\/\/www.europesays.com\/fr\/wp-json\/wp\/v2\/categories?post=561419"},{"taxonomy":"post_tag","embeddable":true,"href":"https:\/\/www.europesays.com\/fr\/wp-json\/wp\/v2\/tags?post=561419"}],"curies":[{"name":"wp","href":"https:\/\/api.w.org\/{rel}","templated":true}]}}