{"id":561421,"date":"2025-11-27T03:48:45","date_gmt":"2025-11-27T03:48:45","guid":{"rendered":"https:\/\/www.europesays.com\/fr\/561421\/"},"modified":"2025-11-27T03:48:45","modified_gmt":"2025-11-27T03:48:45","slug":"en-belgique-le-braqueur-antonio-ferrara-a-ete-libere-sous-controle-judiciaire-dans-lattente-de-son-proces","status":"publish","type":"post","link":"https:\/\/www.europesays.com\/fr\/561421\/","title":{"rendered":"En Belgique, le braqueur Antonio Ferrara a \u00e9t\u00e9 lib\u00e9r\u00e9 sous contr\u00f4le judiciaire, dans l\u2019attente de son proc\u00e8s"},"content":{"rendered":"<p class=\"fs-5 \">Antonio Ferrara, bien connu de la justice en France o\u00f9 il a \u00e9t\u00e9 plusieurs fois condamn\u00e9, <strong>a \u00e9t\u00e9 remis en libert\u00e9 sous contr\u00f4le judiciaire<\/strong>, avec l\u2019obligation d\u2019avoir une r\u00e9sidence \u00e0 Bruxelles, a pr\u00e9cis\u00e9 \u00e0 l\u2019AFP Me Olivier Martins.<\/p>\n<p class=\"fs-5 \"><strong>Il a accept\u00e9 de verser une caution de 30.000 euros<\/strong>, selon la m\u00eame source.<\/p>\n<p class=\"fs-5 \">Antonio Ferrara \u00e9tait incarc\u00e9r\u00e9 dans une prison belge depuis son arrestation le 27 f\u00e9vrier \u00e0 Eupen, non loin de la fronti\u00e8re allemande.<\/p>\n<p class=\"fs-5 \">Ce jour-l\u00e0, des enqu\u00eateurs fran\u00e7ais et belges avaient r\u00e9ussi \u00e0 d\u00e9jouer, peu avant le passage \u00e0 l\u2019acte, un braquage \u00e0 main arm\u00e9e programm\u00e9 par un groupe de malfaiteurs aguerris, \u00e0 Bochum (Allemagne), dans un lieu o\u00f9 les banques entreposent billets, bijoux et autres valeurs.<\/p>\n<p>            <img src=\"https:\/\/www.europesays.com\/fr\/wp-content\/uploads\/2025\/11\/1039092_upload-from-url-1-lulzbilnj5vu-22b1f2cfa2cb9f1ae87c20b9d1a99a5daeace05e-kaybijdp.jpg\"   loading=\"lazy\" decoding=\"async\" alt=\"\" class=\"img-fluid position-absolute w-100 object-fit-cover rounded-2\" width=\"600\" height=\"400\"\/><\/p>\n<p>                                                                                <strong>Une lib\u00e9ration ordonn\u00e9e le 3\u00a0novembre dernier<\/strong><\/p>\n<p class=\"fs-5 \">Outre Antonio Ferrara, neuf autres suspects, dont des figures du grand banditisme en r\u00e9gion parisienne, ont \u00e9t\u00e9 arr\u00eat\u00e9s et incarc\u00e9r\u00e9s. La cour d\u2019appel de Bruxelles doit se prononcer vendredi sur leur possible remise en libert\u00e9 sous surveillance \u00e9lectronique.<\/p>\n<p class=\"fs-5 \">Le 3 novembre, la cour d\u2019appel de Bruxelles avait ordonn\u00e9 la lib\u00e9ration sous caution d\u2019Antonio Ferrara, mais il a fallu plusieurs jours pour que celle-ci soit effective, notamment en raison de l\u2019\u00e9mission d\u2019un mandat d\u2019arr\u00eat europ\u00e9en par le parquet de Paris.<\/p>\n<p class=\"fs-5 \">En effet, <strong>Antonio Ferrara est toujours dans le collimateur de la justice fran\u00e7aise pour les actes pr\u00e9paratoires<\/strong> au projet d\u2019attaque \u00e0 Bochum, dans le cadre d\u2019une enqu\u00eate pour \u00ab\u00a0association de malfaiteurs\u00a0\u00bb, selon une source judiciaire fran\u00e7aise.<\/p>\n<p class=\"fs-5 \">\u00ab\u00a0La proc\u00e9dure fran\u00e7aise demeure tant qu\u2019il n\u2019y a pas de d\u00e9cision d\u00e9finitive de la justice belge\u00a0\u00bb, a dit cette source \u00e0 l\u2019AFP.<\/p>\n<p class=\"fs-5 \">Antonio Ferrara a toutefois pu quitter sa prison belge il y a deux semaines quand une juge d\u2019instruction de Tournai, saisie du contentieux du mandat d\u2019arr\u00eat europ\u00e9en, a confirm\u00e9 la remise en libert\u00e9 sous conditions.<\/p>\n<p class=\"fs-5 \">N\u00e9 en octobre 1973 dans le sud de l\u2019Italie, install\u00e9 avec sa famille en r\u00e9gion parisienne, Antonio Ferrara <strong>a \u00e9t\u00e9 condamn\u00e9 en France pour des braquages et une tentative de meurtre<\/strong>, ainsi que pour deux \u00e9vasions de prison, ce qui lui vaut le surnom de \u00ab\u00a0roi de la belle\u00a0\u00bb.<\/p>\n<p class=\"fs-5 \">Il avait \u00e9t\u00e9 lib\u00e9r\u00e9 en juillet 2022 apr\u00e8s avoir purg\u00e9 sa peine. Dans ce dossier belge, o\u00f9 il fait figure de suspect principal, un proc\u00e8s pourrait se tenir \u00e0 Bruxelles en 2026.<\/p>\n<p class=\"fs-5 \">Quant \u00e0 la proc\u00e9dure du mandat d\u2019arr\u00eat \u00e9mis par Paris, elle reste pendante devant la justice belge et risque de durer plusieurs mois puisque l\u2019int\u00e9ress\u00e9 s\u2019oppose \u00e0 sa remise \u00e0 la France, selon son avocat.<\/p>\n","protected":false},"excerpt":{"rendered":"Antonio Ferrara, bien connu de la justice en France o\u00f9 il a \u00e9t\u00e9 plusieurs fois condamn\u00e9, a \u00e9t\u00e9&hellip;\n","protected":false},"author":2,"featured_media":561422,"comment_status":"","ping_status":"","sticky":false,"template":"","format":"standard","meta":{"footnotes":""},"categories":[2819],"tags":[1111,11,1777,674,1011,27,12,2401,882,25],"class_list":{"0":"post-561421","1":"post","2":"type-post","3":"status-publish","4":"format-standard","5":"has-post-thumbnail","7":"category-nice","8":"tag-actu","9":"tag-actualites","10":"tag-eu","11":"tag-europe","12":"tag-fr","13":"tag-france","14":"tag-news","15":"tag-nice","16":"tag-provence-alpes-cote-dazur","17":"tag-republique-francaise"},"share_on_mastodon":{"url":"https:\/\/pubeurope.com\/@fr\/115619621080734789","error":""},"_links":{"self":[{"href":"https:\/\/www.europesays.com\/fr\/wp-json\/wp\/v2\/posts\/561421","targetHints":{"allow":["GET"]}}],"collection":[{"href":"https:\/\/www.europesays.com\/fr\/wp-json\/wp\/v2\/posts"}],"about":[{"href":"https:\/\/www.europesays.com\/fr\/wp-json\/wp\/v2\/types\/post"}],"author":[{"embeddable":true,"href":"https:\/\/www.europesays.com\/fr\/wp-json\/wp\/v2\/users\/2"}],"replies":[{"embeddable":true,"href":"https:\/\/www.europesays.com\/fr\/wp-json\/wp\/v2\/comments?post=561421"}],"version-history":[{"count":0,"href":"https:\/\/www.europesays.com\/fr\/wp-json\/wp\/v2\/posts\/561421\/revisions"}],"wp:featuredmedia":[{"embeddable":true,"href":"https:\/\/www.europesays.com\/fr\/wp-json\/wp\/v2\/media\/561422"}],"wp:attachment":[{"href":"https:\/\/www.europesays.com\/fr\/wp-json\/wp\/v2\/media?parent=561421"}],"wp:term":[{"taxonomy":"category","embeddable":true,"href":"https:\/\/www.europesays.com\/fr\/wp-json\/wp\/v2\/categories?post=561421"},{"taxonomy":"post_tag","embeddable":true,"href":"https:\/\/www.europesays.com\/fr\/wp-json\/wp\/v2\/tags?post=561421"}],"curies":[{"name":"wp","href":"https:\/\/api.w.org\/{rel}","templated":true}]}}